{"id":236805,"date":"2019-12-03T21:33:25","date_gmt":"2019-12-03T18:33:25","guid":{"rendered":"http:\/\/www.tvturk.com\/index.php\/adil-rami-34-gun-sonra-sahada\/"},"modified":"2019-12-03T21:33:25","modified_gmt":"2019-12-03T18:33:25","slug":"adil-rami-34-gun-sonra-sahada","status":"publish","type":"post","link":"http:\/\/www.tvturk.com\/index.php\/adil-rami-34-gun-sonra-sahada\/","title":{"rendered":"Adil Rami 34 g\u00fcn sonra sahada"},"content":{"rendered":"<p>Fenerbah\u00e7e\u2019ye sezon ba\u015f\u0131nda kat\u0131lan Frans\u0131z stoper Adil Rami, 34 g\u00fcn sonra sar\u0131-lacivertli formaya kavu\u015ftu. Rami son olarak Ziraat T\u00fcrkiye Kupas\u0131 4. Tur ma\u00e7\u0131nda Tarsus \u0130dman Yurdu m\u00fcsabakas\u0131nda 61 dakika forma giymi\u015fti.<\/p>\n<p>Ziraat T\u00fcrkiye Kupas\u0131 5. Tur 1. Ma\u00e7\u0131nda Fenerbah\u00e7e ile \u0130stanbulspor aras\u0131nda oynanan m\u00fcsabakada Adil Rami 34 g\u00fcn sonra sar\u0131-lacivertli formaya kavu\u015ftu. Fenerbah\u00e7e formas\u0131yla S\u00fcper Lig\u2019de Gaziantep kar\u015f\u0131s\u0131nda 45 dakika forma giyen Rami daha sonra bir \u00e7ok m\u00fcsabakada Ersun Yanal taraf\u0131ndan \u015fans verilmemi\u015fti. Ya\u015fad\u0131\u011f\u0131 sakatl\u0131k sebebiyle de tak\u0131mdan geri kalan Frans\u0131z futbolcu son olarak 30 Ekim tarihinde oynanan Ziraat T\u00fcrkiye Kupas\u0131 4.tur m\u00fcsabakas\u0131nda Tarsus \u0130dman Yurdu ile oynanan ma\u00e7ta 61 dakika forma giymi\u015fti. 33 ya\u015f\u0131ndaki futbolcu sar\u0131-lacivertli formayla 2 resmi m\u00fcsabakada yer ald\u0131.<\/p>\n","protected":false},"excerpt":{"rendered":"<p>FENERBAH\u00c7E\u2019YE SEZON BA\u015eINDA KATILAN FRANSIZ STOPER AD\u0130L RAM\u0130, 34 G\u00dcN SONRA SARI-LAC\u0130VERTL\u0130 FORMAYA KAVU\u015eTU. RAM\u0130 SON OLARAK Z\u0130RAAT T\u00dcRK\u0130YE KUPASI 4. TUR MA\u00c7INDA TARSUS \u0130DMAN YURDU M\u00dcSABAKASINDA 61 DAK\u0130KA FORMA G\u0130YM\u0130\u015eT\u0130.<\/p>\n","protected":false},"author":1,"featured_media":236806,"comment_status":"closed","ping_status":"open","sticky":false,"template":"","format":"standard","meta":{"jetpack_post_was_ever_published":false,"_jetpack_newsletter_access":"","_jetpack_dont_email_post_to_subs":false,"_jetpack_newsletter_tier_id":0,"_jetpack_memberships_contains_paywalled_content":false,"_jetpack_memberships_contains_paid_content":false,"footnotes":"","jetpack_publicize_message":"","jetpack_publicize_feature_enabled":true,"jetpack_social_post_already_shared":true,"jetpack_social_options":{"image_generator_settings":{"template":"highway","default_image_id":0,"font":"","enabled":false},"version":2}},"categories":[657],"tags":[8118,2579,23195,5938,2022],"class_list":["post-236805","post","type-post","status-publish","format-standard","has-post-thumbnail","hentry","category-spor","tag-adil","tag-gun","tag-rami","tag-sahada","tag-sonra"],"jetpack_publicize_connections":[],"jetpack_featured_media_url":"https:\/\/i0.wp.com\/www.tvturk.com\/wp-content\/uploads\/2019\/12\/adil-rami-34-gun-sonra-sahada_e398c39.jpg?fit=969%2C1000","jetpack_sharing_enabled":true,"jetpack_shortlink":"https:\/\/wp.me\/paKIfm-ZBr","_links":{"self":[{"href":"http:\/\/www.tvturk.com\/index.php\/wp-json\/wp\/v2\/posts\/236805","targetHints":{"allow":["GET"]}}],"collection":[{"href":"http:\/\/www.tvturk.com\/index.php\/wp-json\/wp\/v2\/posts"}],"about":[{"href":"http:\/\/www.tvturk.com\/index.php\/wp-json\/wp\/v2\/types\/post"}],"author":[{"embeddable":true,"href":"http:\/\/www.tvturk.com\/index.php\/wp-json\/wp\/v2\/users\/1"}],"replies":[{"embeddable":true,"href":"http:\/\/www.tvturk.com\/index.php\/wp-json\/wp\/v2\/comments?post=236805"}],"version-history":[{"count":0,"href":"http:\/\/www.tvturk.com\/index.php\/wp-json\/wp\/v2\/posts\/236805\/revisions"}],"wp:featuredmedia":[{"embeddable":true,"href":"http:\/\/www.tvturk.com\/index.php\/wp-json\/wp\/v2\/media\/236806"}],"wp:attachment":[{"href":"http:\/\/www.tvturk.com\/index.php\/wp-json\/wp\/v2\/media?parent=236805"}],"wp:term":[{"taxonomy":"category","embeddable":true,"href":"http:\/\/www.tvturk.com\/index.php\/wp-json\/wp\/v2\/categories?post=236805"},{"taxonomy":"post_tag","embeddable":true,"href":"http:\/\/www.tvturk.com\/index.php\/wp-json\/wp\/v2\/tags?post=236805"}],"curies":[{"name":"wp","href":"https:\/\/api.w.org\/{rel}","templated":true}]}}