{"id":236933,"date":"2019-12-04T11:17:10","date_gmt":"2019-12-04T08:17:10","guid":{"rendered":"http:\/\/www.tvturk.com\/index.php\/bursa-ankara-karayolu-kara-teslim\/"},"modified":"2019-12-04T11:17:10","modified_gmt":"2019-12-04T08:17:10","slug":"bursa-ankara-karayolu-kara-teslim","status":"publish","type":"post","link":"http:\/\/www.tvturk.com\/index.php\/bursa-ankara-karayolu-kara-teslim\/","title":{"rendered":"Bursa-Ankara karayolu kara teslim"},"content":{"rendered":"<p>Bursa-Ankara karayolunda kar ya\u011f\u0131\u015f\u0131 ba\u015flad\u0131.<\/p>\n<p>Her y\u0131l yo\u011fun kar ya\u011f\u0131\u015f\u0131ndan dolay\u0131 zaman zaman kapanan ve trafik kazalar\u0131n\u0131n meydana geldi\u011fi Bursa-Ankara karayolu Mezitler mevkiinde sabaha kar\u015f\u0131 kar ya\u011f\u0131\u015f\u0131 ba\u015flad\u0131. K\u0131sa s\u00fcrede yolun \u00e7evresi beyaza b\u00fcr\u00fcn\u00fcrken, yol g\u00fczergah\u0131n\u0131 kontrol eden b\u00f6lge trafik ve karayollar\u0131 ekipleri s\u00fcr\u00fcc\u00fcleri uyar\u0131yor. B\u00f6lgede hava s\u0131cakl\u0131\u011f\u0131 1 derece olarak \u00f6l\u00e7\u00fcl\u00fcrken, kar ya\u011f\u0131\u015f\u0131 devam ediyor.<\/p>\n","protected":false},"excerpt":{"rendered":"<p>BURSA-ANKARA KARAYOLU MEZ\u0130TLER MEVK\u0130\u0130NDE YILIN \u0130LK KARI D\u00dc\u015eT\u00dc. B\u00d6LGE TRAF\u0130K VE KARAYOLLARI EK\u0130PLER\u0130 YOL G\u00dcZERGAHINI KONTROL ED\u0130YOR.<\/p>\n","protected":false},"author":1,"featured_media":236934,"comment_status":"closed","ping_status":"open","sticky":false,"template":"","format":"standard","meta":{"jetpack_post_was_ever_published":false,"_jetpack_newsletter_access":"","_jetpack_dont_email_post_to_subs":false,"_jetpack_newsletter_tier_id":0,"_jetpack_memberships_contains_paywalled_content":false,"_jetpack_memberships_contains_paid_content":false,"footnotes":"","jetpack_publicize_message":"","jetpack_publicize_feature_enabled":true,"jetpack_social_post_already_shared":true,"jetpack_social_options":{"image_generator_settings":{"template":"highway","default_image_id":0,"font":"","enabled":false},"version":2}},"categories":[1],"tags":[59461,2053,1532,169],"class_list":["post-236933","post","type-post","status-publish","format-standard","has-post-thumbnail","hentry","category-genel","tag-bursa-ankara","tag-kara","tag-karayolu","tag-teslim"],"jetpack_publicize_connections":[],"jetpack_featured_media_url":"https:\/\/i0.wp.com\/www.tvturk.com\/wp-content\/uploads\/2019\/12\/bursa-ankara-karayolu-kara-teslim_cce28eb.jpg?fit=1000%2C632","jetpack_sharing_enabled":true,"jetpack_shortlink":"https:\/\/wp.me\/paKIfm-ZDv","_links":{"self":[{"href":"http:\/\/www.tvturk.com\/index.php\/wp-json\/wp\/v2\/posts\/236933","targetHints":{"allow":["GET"]}}],"collection":[{"href":"http:\/\/www.tvturk.com\/index.php\/wp-json\/wp\/v2\/posts"}],"about":[{"href":"http:\/\/www.tvturk.com\/index.php\/wp-json\/wp\/v2\/types\/post"}],"author":[{"embeddable":true,"href":"http:\/\/www.tvturk.com\/index.php\/wp-json\/wp\/v2\/users\/1"}],"replies":[{"embeddable":true,"href":"http:\/\/www.tvturk.com\/index.php\/wp-json\/wp\/v2\/comments?post=236933"}],"version-history":[{"count":0,"href":"http:\/\/www.tvturk.com\/index.php\/wp-json\/wp\/v2\/posts\/236933\/revisions"}],"wp:featuredmedia":[{"embeddable":true,"href":"http:\/\/www.tvturk.com\/index.php\/wp-json\/wp\/v2\/media\/236934"}],"wp:attachment":[{"href":"http:\/\/www.tvturk.com\/index.php\/wp-json\/wp\/v2\/media?parent=236933"}],"wp:term":[{"taxonomy":"category","embeddable":true,"href":"http:\/\/www.tvturk.com\/index.php\/wp-json\/wp\/v2\/categories?post=236933"},{"taxonomy":"post_tag","embeddable":true,"href":"http:\/\/www.tvturk.com\/index.php\/wp-json\/wp\/v2\/tags?post=236933"}],"curies":[{"name":"wp","href":"https:\/\/api.w.org\/{rel}","templated":true}]}}