{"id":237005,"date":"2019-12-04T12:46:56","date_gmt":"2019-12-04T09:46:56","guid":{"rendered":"http:\/\/www.tvturk.com\/index.php\/isik-engelleri-hep-birlikte-asacagimiz\/"},"modified":"2019-12-04T12:46:56","modified_gmt":"2019-12-04T09:46:56","slug":"isik-engelleri-hep-birlikte-asacagimiz","status":"publish","type":"post","link":"http:\/\/www.tvturk.com\/index.php\/isik-engelleri-hep-birlikte-asacagimiz\/","title":{"rendered":"I\u015f\u0131k : \u201cEngelleri hep birlikte a\u015faca\u011f\u0131m\u0131z\u201d"},"content":{"rendered":"<p>G\u00fcrsu Belediye Ba\u015fkan\u0131 Mustafa I\u015f\u0131k, il\u00e7edeki okullarda e\u011fitim g\u00f6ren engelli \u00e7ocuklar\u0131n g\u00f6nl\u00fcn\u00fc ald\u0131.<\/p>\n<p>Okullar\u0131 tek tek ziyaret eden Ba\u015fkan I\u015f\u0131k, engelli \u00f6\u011frencilerle birlikte \u201cSiz her zaman \u00f6zelsiniz\u201d yaz\u0131l\u0131 pastalardaki mumlar\u0131 \u00fcfledi. I\u015f\u0131k, hediyeler vererek \u00e7ocuklar\u0131n g\u00f6n\u00fcllerini ald\u0131. G\u00fcrsu Belediye Ba\u015fkan\u0131 Mustafa I\u015f\u0131k, \u201cEngelli \u00e7ocuklar\u0131m\u0131z\u0131n, gen\u00e7lerimizin, yeti\u015fkinlerimizin ba\u015fta ailelerinin olmak \u00fczere hepimizin deste\u011fine ihtiyac\u0131 var. Ailelerimize destek olmak ad\u0131na da her zaman yanlar\u0131nda olmaya \u00f6zen g\u00f6steriyoruz. Onlar\u0131n ya\u015fayacaklar\u0131 zorluklar\u0131 ortadan kald\u0131rmak, hayatlar\u0131n\u0131 id\u00e2me ettirebilmeleri i\u00e7in b\u00fcy\u00fck \u00f6nem ta\u015f\u0131makta. Bizler de onlara kolay hayat \u015fartlar\u0131 sa\u011flamakla y\u00fck\u00fcml\u00fcy\u00fcz. Bunun yan\u0131nda sosyal hayata uyum sa\u011flamalar\u0131 y\u00f6n\u00fcnde destek olmak da g\u00f6revimiz. Belediye olarak hayata ge\u00e7irdi\u011fimiz projeler var. Engellilerimize y\u00f6nelik kurslar, e\u011fitimler, geziler ve benzeri bir\u00e7ok faaliyet ger\u00e7ekle\u015ftirmekteyiz. B\u00f6ylece onlara beceri kazanma imk\u00e2n\u0131n\u0131n yan\u0131nda, sosyal hayatta bulunma imkan\u0131 da sunmu\u015f oluyoruz. Zaman zaman da onlarla birlikte keyif alacaklar\u0131 faaliyetler ger\u00e7ekle\u015ftirerek g\u00f6n\u00fcllerini al\u0131yoruz. Onlar\u0131n mutlulu\u011fuyla bizler de mutlu oluyoruz\u201d dedi.<\/p>\n","protected":false},"excerpt":{"rendered":"<p>G\u00dcRSU BELED\u0130YE BA\u015eKANI MUSTAFA I\u015eIK, \u0130L\u00c7EDEK\u0130 OKULLARDA E\u011e\u0130T\u0130M G\u00d6REN ENGELL\u0130 \u00c7OCUKLARIN G\u00d6NL\u00dcN\u00dc ALDI.<\/p>\n","protected":false},"author":1,"featured_media":237006,"comment_status":"closed","ping_status":"open","sticky":false,"template":"","format":"standard","meta":{"jetpack_post_was_ever_published":false,"_jetpack_newsletter_access":"","_jetpack_dont_email_post_to_subs":false,"_jetpack_newsletter_tier_id":0,"_jetpack_memberships_contains_paywalled_content":false,"_jetpack_memberships_contains_paid_content":false,"footnotes":"","jetpack_publicize_message":"","jetpack_publicize_feature_enabled":true,"jetpack_social_post_already_shared":true,"jetpack_social_options":{"image_generator_settings":{"template":"highway","default_image_id":0,"font":"","enabled":false},"version":2}},"categories":[1],"tags":[59475,3789,1044,4864,1568],"class_list":["post-237005","post","type-post","status-publish","format-standard","has-post-thumbnail","hentry","category-genel","tag-asacagimiz","tag-birlikte","tag-engelleri","tag-hep","tag-isik"],"jetpack_publicize_connections":[],"jetpack_featured_media_url":"https:\/\/i0.wp.com\/www.tvturk.com\/wp-content\/uploads\/2019\/12\/isik-engelleri-hep-birlikte-asacagimiz_bc7b2c0.jpg?fit=1000%2C666","jetpack_sharing_enabled":true,"jetpack_shortlink":"https:\/\/wp.me\/paKIfm-ZEF","_links":{"self":[{"href":"http:\/\/www.tvturk.com\/index.php\/wp-json\/wp\/v2\/posts\/237005","targetHints":{"allow":["GET"]}}],"collection":[{"href":"http:\/\/www.tvturk.com\/index.php\/wp-json\/wp\/v2\/posts"}],"about":[{"href":"http:\/\/www.tvturk.com\/index.php\/wp-json\/wp\/v2\/types\/post"}],"author":[{"embeddable":true,"href":"http:\/\/www.tvturk.com\/index.php\/wp-json\/wp\/v2\/users\/1"}],"replies":[{"embeddable":true,"href":"http:\/\/www.tvturk.com\/index.php\/wp-json\/wp\/v2\/comments?post=237005"}],"version-history":[{"count":0,"href":"http:\/\/www.tvturk.com\/index.php\/wp-json\/wp\/v2\/posts\/237005\/revisions"}],"wp:featuredmedia":[{"embeddable":true,"href":"http:\/\/www.tvturk.com\/index.php\/wp-json\/wp\/v2\/media\/237006"}],"wp:attachment":[{"href":"http:\/\/www.tvturk.com\/index.php\/wp-json\/wp\/v2\/media?parent=237005"}],"wp:term":[{"taxonomy":"category","embeddable":true,"href":"http:\/\/www.tvturk.com\/index.php\/wp-json\/wp\/v2\/categories?post=237005"},{"taxonomy":"post_tag","embeddable":true,"href":"http:\/\/www.tvturk.com\/index.php\/wp-json\/wp\/v2\/tags?post=237005"}],"curies":[{"name":"wp","href":"https:\/\/api.w.org\/{rel}","templated":true}]}}