{"id":237047,"date":"2019-12-04T14:02:18","date_gmt":"2019-12-04T11:02:18","guid":{"rendered":"http:\/\/www.tvturk.com\/index.php\/izmirde-minibus-fiyatlarina-zam\/"},"modified":"2019-12-04T14:02:18","modified_gmt":"2019-12-04T11:02:18","slug":"izmirde-minibus-fiyatlarina-zam","status":"publish","type":"post","link":"http:\/\/www.tvturk.com\/index.php\/izmirde-minibus-fiyatlarina-zam\/","title":{"rendered":"\u0130zmir\u2019de minib\u00fcs fiyatlar\u0131na zam"},"content":{"rendered":"<p>\u0130zmir Minib\u00fcs\u00e7\u00fcler Esnaf Odas\u0131 (\u0130MOD), \u0130zmir\u2019de \u015fehir i\u00e7i dolmu\u015f \u00fccretlerine zam yap\u0131ld\u0131\u011f\u0131n\u0131 a\u00e7\u0131klad\u0131.<\/p>\n<p>\u0130zmir Minib\u00fcs\u00e7\u00fcler Esnaf Odas\u0131 (\u0130MOD), \u015fehir i\u00e7i minib\u00fcslerde ula\u015f\u0131m fiyat\u0131na 50 kuru\u015fluk zam yapt\u0131. \u015eehir i\u00e7i minib\u00fcslerde ge\u00e7erli fiyat tarifesinin en son ge\u00e7en y\u0131l kas\u0131m ay\u0131nda d\u00fczenlendi\u011fi ifade edilirken, akaryak\u0131t, servis ve yedek par\u00e7a maliyetlerindeki art\u0131\u015f nedeniyle fiyat\u0131n g\u00fcncellenmesi ihtiyac\u0131n\u0131n olu\u015ftu\u011fu bildirildi. T\u00fcm hatlarda ula\u015f\u0131m \u00fccretlerine 50 kuru\u015fluk zam yap\u0131lmas\u0131yla 3 TL olan fiyatlar\u0131n 3 lira 50 kuru\u015fa, uzun mesafe fiyat\u0131n\u0131n ise 4 lira 25 kuru\u015ftan 4 lira 75 kuru\u015fa y\u00fckseldi\u011fi belirtildi.<\/p>\n","protected":false},"excerpt":{"rendered":"<p>\u0130ZM\u0130R M\u0130N\u0130B\u00dcS\u00c7\u00dcLER ESNAF ODASI (\u0130MOD), \u0130ZM\u0130R&#8217;DE \u015eEH\u0130R \u0130\u00c7\u0130 DOLMU\u015e \u00dcCRETLER\u0130NE ZAM YAPILDI\u011eINI A\u00c7IKLADI.<\/p>\n","protected":false},"author":1,"featured_media":237048,"comment_status":"closed","ping_status":"open","sticky":false,"template":"","format":"standard","meta":{"jetpack_post_was_ever_published":false,"_jetpack_newsletter_access":"","_jetpack_dont_email_post_to_subs":false,"_jetpack_newsletter_tier_id":0,"_jetpack_memberships_contains_paywalled_content":false,"_jetpack_memberships_contains_paid_content":false,"footnotes":"","jetpack_publicize_message":"","jetpack_publicize_feature_enabled":true,"jetpack_social_post_already_shared":true,"jetpack_social_options":{"image_generator_settings":{"template":"highway","default_image_id":0,"font":"","enabled":false},"version":2}},"categories":[1],"tags":[2975,1554,7254,4652],"class_list":["post-237047","post","type-post","status-publish","format-standard","has-post-thumbnail","hentry","category-genel","tag-fiyatlarina","tag-izmirde","tag-minibus","tag-zam"],"jetpack_publicize_connections":[],"jetpack_featured_media_url":"https:\/\/i0.wp.com\/www.tvturk.com\/wp-content\/uploads\/2019\/12\/izmirde-minibus-fiyatlarina-zam_29dc243.jpg?fit=1000%2C719","jetpack_sharing_enabled":true,"jetpack_shortlink":"https:\/\/wp.me\/paKIfm-ZFl","_links":{"self":[{"href":"http:\/\/www.tvturk.com\/index.php\/wp-json\/wp\/v2\/posts\/237047","targetHints":{"allow":["GET"]}}],"collection":[{"href":"http:\/\/www.tvturk.com\/index.php\/wp-json\/wp\/v2\/posts"}],"about":[{"href":"http:\/\/www.tvturk.com\/index.php\/wp-json\/wp\/v2\/types\/post"}],"author":[{"embeddable":true,"href":"http:\/\/www.tvturk.com\/index.php\/wp-json\/wp\/v2\/users\/1"}],"replies":[{"embeddable":true,"href":"http:\/\/www.tvturk.com\/index.php\/wp-json\/wp\/v2\/comments?post=237047"}],"version-history":[{"count":0,"href":"http:\/\/www.tvturk.com\/index.php\/wp-json\/wp\/v2\/posts\/237047\/revisions"}],"wp:featuredmedia":[{"embeddable":true,"href":"http:\/\/www.tvturk.com\/index.php\/wp-json\/wp\/v2\/media\/237048"}],"wp:attachment":[{"href":"http:\/\/www.tvturk.com\/index.php\/wp-json\/wp\/v2\/media?parent=237047"}],"wp:term":[{"taxonomy":"category","embeddable":true,"href":"http:\/\/www.tvturk.com\/index.php\/wp-json\/wp\/v2\/categories?post=237047"},{"taxonomy":"post_tag","embeddable":true,"href":"http:\/\/www.tvturk.com\/index.php\/wp-json\/wp\/v2\/tags?post=237047"}],"curies":[{"name":"wp","href":"https:\/\/api.w.org\/{rel}","templated":true}]}}