{"id":237093,"date":"2019-12-04T15:02:33","date_gmt":"2019-12-04T12:02:33","guid":{"rendered":"http:\/\/www.tvturk.com\/index.php\/kibris-gazileri-unutulmadi\/"},"modified":"2019-12-04T15:02:33","modified_gmt":"2019-12-04T12:02:33","slug":"kibris-gazileri-unutulmadi","status":"publish","type":"post","link":"http:\/\/www.tvturk.com\/index.php\/kibris-gazileri-unutulmadi\/","title":{"rendered":"K\u0131br\u0131s gazileri unutulmad\u0131"},"content":{"rendered":"<p>Bursa\u2019n\u0131n Gemlik il\u00e7esinde, K\u0131br\u0131s Bar\u0131\u015f Harek\u00e2t\u0131na kat\u0131lan gaziler i\u00e7in mill\u00ee m\u00fccadele madalyas\u0131 ve berat\u0131 tevcih t\u00f6reni yap\u0131ld\u0131.<\/p>\n<p>Gemlik Anadolu \u0130mam Hatip Lisesi Konferans Salonu\u2019nda ger\u00e7ekle\u015fen t\u00f6rene Gemlik Kaymakam\u0131 Ya\u015far D\u00f6nmez, Aile, \u00c7al\u0131\u015fma ve Sosyal Hizmetler Bakanl\u0131\u011f\u0131 Bursa \u0130l M\u00fcd\u00fcr Vekili. Fikriye Ayd\u0131n, Gemlik Belediye Ba\u015fkan Yard\u0131mc\u0131s\u0131 Bayram Demir, Garnizon Komutan\u0131 Albay Sacit Sabuncu, \u0130l\u00e7e Jandarma Komutan\u0131 Bar\u0131\u015f Bozkurt, \u0130l\u00e7e Emniyet M\u00fcd\u00fcr\u00fc Abd\u00fclkadir Y\u00fcce, \u0130l\u00e7e Cumhuriyet Ba\u015fsavc\u0131s\u0131 Ali \u00dclger ve \u0130l\u00e7e M\u00fcft\u00fcs\u00fc Mehmet Re\u015fat \u015eavl\u0131 kat\u0131ld\u0131. T\u00f6rende konu\u015fan Gemlik kaymakam\u0131 Ya\u015far D\u00f6nmez, T\u00fcrklerin tarih boyunca ger\u00e7ekle\u015ftirdi\u011fi fetihlerde yay\u0131lmac\u0131l\u0131k yapmad\u0131\u011f\u0131n\u0131, fethettikleri yerleri s\u00f6m\u00fcrmediklerini, oralar\u0131n b\u00fcy\u00fcmesine ve geli\u015fmesine katk\u0131 vererek huzur ve bar\u0131\u015f ortam\u0131n\u0131 sa\u011flad\u0131klar\u0131n\u0131 s\u00f6yledi. K\u0131br\u0131s\u2019ta da insanlar\u0131n bar\u0131\u015f i\u00e7inde ya\u015farken bir tak\u0131m odaklar sebebiyle i\u015f kar\u0131\u015f\u0131kl\u0131klar ya\u015fand\u0131\u011f\u0131n\u0131, T\u00fcrkiye Cumhuriyeti\u2019nin K\u0131br\u0131s\u2019ta bar\u0131\u015f\u0131 yeniden tesis etti\u011fini dile getirdi.<\/p>\n<p>Konu\u015fmalar\u0131n ard\u0131ndan gazilere madalya ve berat belgeleri takdim edildi. K\u0131br\u0131s\u2019ta g\u00f6rev yapm\u0131\u015f olan gaziler \u0130skender Kurtulu\u015f, Turgut \u00c7imen, Hasan H\u00fcseyin Erman, Necati Karaku\u015f, Nevzat K\u0131rmac\u0131, Erol Dikmen, Salih Albar, R\u0131za Dalga\u00e7, Nevzat Ayd\u0131n, Celali Aksu, Salih Ak\u0131n Topuzakman, Galip A\u015f\u0131k, Sedat D\u00f6rtp\u0131nar, Suat G\u00f6kdo\u011fan, Necdet Meliko\u011flu, Feti \u00d6zdemir, Mehmet Ali G\u00fcr, Kadem G\u00fcne\u015f, \u015eaban \u00d6nder ve \u0130zzet Polat\u2019a madalya ve beratlar\u0131 Kaymakam D\u00f6nmez, M\u00fcd\u00fcr v. Fikriye Ayd\u0131n, Tank. Alb. Sabuncu, B\u015fk. Yrd. Demir ve Ba\u015fsavc\u0131 \u00dclger taraf\u0131ndan verildi. Vef\u00e2t eden gazilerin madalyalar\u0131 ailelerine takdim edildi.<\/p>\n","protected":false},"excerpt":{"rendered":"<p>KIBRIS BARI\u015e HAREK\u00c2TINA KATILAN GAZ\u0130LER \u0130\u00c7\u0130N M\u0130LL\u00ce M\u00dcCADELE MADALYASI VE BERATI TEVC\u0130H T\u00d6REN\u0130 YAPILDI.<\/p>\n","protected":false},"author":1,"featured_media":237094,"comment_status":"closed","ping_status":"open","sticky":false,"template":"","format":"standard","meta":{"jetpack_post_was_ever_published":false,"_jetpack_newsletter_access":"","_jetpack_dont_email_post_to_subs":false,"_jetpack_newsletter_tier_id":0,"_jetpack_memberships_contains_paywalled_content":false,"_jetpack_memberships_contains_paid_content":false,"footnotes":"","jetpack_publicize_message":"","jetpack_publicize_feature_enabled":true,"jetpack_social_post_already_shared":true,"jetpack_social_options":{"image_generator_settings":{"template":"highway","default_image_id":0,"font":"","enabled":false},"version":2}},"categories":[1],"tags":[16558,7566,15532],"class_list":["post-237093","post","type-post","status-publish","format-standard","has-post-thumbnail","hentry","category-genel","tag-gazileri","tag-kibris","tag-unutulmadi"],"jetpack_publicize_connections":[],"jetpack_featured_media_url":"https:\/\/i0.wp.com\/www.tvturk.com\/wp-content\/uploads\/2019\/12\/kibris-gazileri-unutulmadi_aa1b81b.jpg?fit=1000%2C666","jetpack_sharing_enabled":true,"jetpack_shortlink":"https:\/\/wp.me\/paKIfm-ZG5","_links":{"self":[{"href":"http:\/\/www.tvturk.com\/index.php\/wp-json\/wp\/v2\/posts\/237093","targetHints":{"allow":["GET"]}}],"collection":[{"href":"http:\/\/www.tvturk.com\/index.php\/wp-json\/wp\/v2\/posts"}],"about":[{"href":"http:\/\/www.tvturk.com\/index.php\/wp-json\/wp\/v2\/types\/post"}],"author":[{"embeddable":true,"href":"http:\/\/www.tvturk.com\/index.php\/wp-json\/wp\/v2\/users\/1"}],"replies":[{"embeddable":true,"href":"http:\/\/www.tvturk.com\/index.php\/wp-json\/wp\/v2\/comments?post=237093"}],"version-history":[{"count":0,"href":"http:\/\/www.tvturk.com\/index.php\/wp-json\/wp\/v2\/posts\/237093\/revisions"}],"wp:featuredmedia":[{"embeddable":true,"href":"http:\/\/www.tvturk.com\/index.php\/wp-json\/wp\/v2\/media\/237094"}],"wp:attachment":[{"href":"http:\/\/www.tvturk.com\/index.php\/wp-json\/wp\/v2\/media?parent=237093"}],"wp:term":[{"taxonomy":"category","embeddable":true,"href":"http:\/\/www.tvturk.com\/index.php\/wp-json\/wp\/v2\/categories?post=237093"},{"taxonomy":"post_tag","embeddable":true,"href":"http:\/\/www.tvturk.com\/index.php\/wp-json\/wp\/v2\/tags?post=237093"}],"curies":[{"name":"wp","href":"https:\/\/api.w.org\/{rel}","templated":true}]}}