{"id":237197,"date":"2019-12-04T17:32:32","date_gmt":"2019-12-04T14:32:32","guid":{"rendered":"http:\/\/www.tvturk.com\/index.php\/hamidiye-mesleki-ve-teknik-anadolu-lisesinden-anlamli-proje\/"},"modified":"2019-12-04T17:32:32","modified_gmt":"2019-12-04T14:32:32","slug":"hamidiye-mesleki-ve-teknik-anadolu-lisesinden-anlamli-proje","status":"publish","type":"post","link":"http:\/\/www.tvturk.com\/index.php\/hamidiye-mesleki-ve-teknik-anadolu-lisesinden-anlamli-proje\/","title":{"rendered":"Hamidiye Mesleki ve Teknik Anadolu Lisesi\u2019nden anlaml\u0131 proje"},"content":{"rendered":"<p>Hamidiye Mesleki ve Teknik Anadolu Lisesi\u2019nin BEBKA destekli \u2018g\u0131da teknoloji alan\u0131\u2019 projesinin tan\u0131t\u0131m\u0131 yap\u0131ld\u0131.<\/p>\n<p>Hamidiye Mesleki ve Teknik Anadolu Lisesi, BEBKA destekli \u2018g\u0131da teknoloji alan\u0131\u2019 projesin\u0131 tan\u0131tt\u0131. G\u0131da ve Yem Kontrol Merkez Ara\u015ft\u0131rma Enstit\u00fcs\u00fc M\u00fcd\u00fcrl\u00fc\u011f\u00fc\u2019nde d\u00fczenlenen programda konu\u015fan Okul M\u00fcd\u00fcr\u00fc Yunus Bulut, \u201cProjemiz, BEBKA taraf\u0131ndan 2019 y\u0131l\u0131 mesleki e\u011fitimin geli\u015ftirilmesi mali destek program\u0131 kapsam\u0131nda 522 bin TL destek almaya hak kazanm\u0131\u015ft\u0131r. Uygulama s\u00fcresi 2 y\u0131l olarak hayata ge\u00e7mi\u015ftir. Kariyer ve ko\u00e7luk merkezinin olu\u015fturulmas\u0131, e\u011fitim materyalleri haz\u0131rlama, makine ba\u015f\u0131 e\u011fitimler, butik zeytinya\u011f\u0131 \u00fcretimi, re\u00e7el \u00e7e\u015fitleri \u00fcretimi, at\u00f6lye ortam\u0131nda \u00fcr\u00fcnlerin geli\u015ftirilmesi, \u00f6\u011frenciler i\u00e7in i\u015fletmelerde staj programlar\u0131, \u00f6\u011frenci ve i\u015fverinin bir araya gelece\u011fi kariyer g\u00fcnleri gibi \u00f6\u011frencilerimizin alacaklar\u0131 kalite ve giri\u015fimcilik e\u011fitimlerini kapsayan \u00e7ok y\u00f6nl\u00fc e\u011fitimler planlanm\u0131\u015ft\u0131r. Bu proje ile okulumuz \u00f6\u011frencilerine destek verecek i\u015ftirak\u00e7ilerimizin katk\u0131lar\u0131yla daha donan\u0131ml\u0131 modern teknolojilere uyum sa\u011flayaca\u011f\u0131z. Sekt\u00f6r\u00fcn isteklerine cevap verecek \u015fekilde mezun olup, bu i\u015fletmelerde istihdam edilecekler\u201d dedi.<\/p>\n<p>Bursa Ticaret Borsas\u0131 Meclis Ba\u015fkan\u0131 Mehmet Ayd\u0131n, \u201cBEBKA 2019 y\u0131l\u0131 mali e\u011fitim program\u0131 kapsam\u0131nda g\u0131da i\u015fletme ve teknoloji odakl\u0131 e\u011fitim ve kariyer merkezli proje olu\u015fturduk. Bu projeyi hep birlikte destekledik. Bu projeyi, sekt\u00f6r\u00fcn vas\u0131fl\u0131 i\u015f g\u00fcc\u00fc beklentilerine cevap vermesi ad\u0131na \u00e7ok \u00f6nemsiyoruz. Biz, Bursa Ticaret Borsas\u0131 olarak sekt\u00f6rdeki payda\u015flar\u0131n i\u00e7erisindeyiz. Ara eleman ihtiyac\u0131 g\u0131da sekt\u00f6r\u00fcnde inan\u0131lmaz boyuta ula\u015fm\u0131\u015f durumda. Biz, sizlere staj imkan\u0131 olarak kap\u0131m\u0131z\u0131 a\u00e7m\u0131\u015f durumday\u0131z. Kendi mesle\u011finizde bizlerin i\u015fletmelerinde bulundu\u011funuz s\u00fcrece sizler daha iyi e\u011fitim alacaks\u0131n\u0131z. Bu manada biz sizlere sahip \u00e7\u0131kmak istiyoruz\u201d \u015feklinde konu\u015ftu.<\/p>\n","protected":false},"excerpt":{"rendered":"<p>HAM\u0130D\u0130YE MESLEK\u0130 VE TEKN\u0130K ANADOLU L\u0130SES\u0130\u2019N\u0130N BEBKA DESTEKL\u0130 \u2018GIDA TEKNOLOJ\u0130 ALANI\u2019 PROJES\u0130N\u0130N TANITIMI GER\u00c7EKLE\u015eT\u0130.<\/p>\n","protected":false},"author":1,"featured_media":237198,"comment_status":"closed","ping_status":"open","sticky":false,"template":"","format":"standard","meta":{"jetpack_post_was_ever_published":false,"_jetpack_newsletter_access":"","_jetpack_dont_email_post_to_subs":false,"_jetpack_newsletter_tier_id":0,"_jetpack_memberships_contains_paywalled_content":false,"_jetpack_memberships_contains_paid_content":false,"footnotes":"","jetpack_publicize_message":"","jetpack_publicize_feature_enabled":true,"jetpack_social_post_already_shared":true,"jetpack_social_options":{"image_generator_settings":{"template":"highway","default_image_id":0,"font":"","enabled":false},"version":2}},"categories":[1],"tags":[1223,3059,59517,16546,6605,1456,2082],"class_list":["post-237197","post","type-post","status-publish","format-standard","has-post-thumbnail","hentry","category-genel","tag-anadolu","tag-anlamli","tag-hamidiye","tag-lisesinden","tag-mesleki","tag-proje","tag-teknik"],"jetpack_publicize_connections":[],"jetpack_featured_media_url":"https:\/\/i0.wp.com\/www.tvturk.com\/wp-content\/uploads\/2019\/12\/hamidiye-mesleki-ve-teknik-anadolu-lisesinden-anlamli-proje_141f12d.jpg?fit=1000%2C666","jetpack_sharing_enabled":true,"jetpack_shortlink":"https:\/\/wp.me\/paKIfm-ZHL","_links":{"self":[{"href":"http:\/\/www.tvturk.com\/index.php\/wp-json\/wp\/v2\/posts\/237197","targetHints":{"allow":["GET"]}}],"collection":[{"href":"http:\/\/www.tvturk.com\/index.php\/wp-json\/wp\/v2\/posts"}],"about":[{"href":"http:\/\/www.tvturk.com\/index.php\/wp-json\/wp\/v2\/types\/post"}],"author":[{"embeddable":true,"href":"http:\/\/www.tvturk.com\/index.php\/wp-json\/wp\/v2\/users\/1"}],"replies":[{"embeddable":true,"href":"http:\/\/www.tvturk.com\/index.php\/wp-json\/wp\/v2\/comments?post=237197"}],"version-history":[{"count":0,"href":"http:\/\/www.tvturk.com\/index.php\/wp-json\/wp\/v2\/posts\/237197\/revisions"}],"wp:featuredmedia":[{"embeddable":true,"href":"http:\/\/www.tvturk.com\/index.php\/wp-json\/wp\/v2\/media\/237198"}],"wp:attachment":[{"href":"http:\/\/www.tvturk.com\/index.php\/wp-json\/wp\/v2\/media?parent=237197"}],"wp:term":[{"taxonomy":"category","embeddable":true,"href":"http:\/\/www.tvturk.com\/index.php\/wp-json\/wp\/v2\/categories?post=237197"},{"taxonomy":"post_tag","embeddable":true,"href":"http:\/\/www.tvturk.com\/index.php\/wp-json\/wp\/v2\/tags?post=237197"}],"curies":[{"name":"wp","href":"https:\/\/api.w.org\/{rel}","templated":true}]}}