{"id":237207,"date":"2019-12-04T17:47:02","date_gmt":"2019-12-04T14:47:02","guid":{"rendered":"http:\/\/www.tvturk.com\/index.php\/iste-kayip-dagcilarin-son-goruntuleri\/"},"modified":"2019-12-04T17:47:02","modified_gmt":"2019-12-04T14:47:02","slug":"iste-kayip-dagcilarin-son-goruntuleri","status":"publish","type":"post","link":"http:\/\/www.tvturk.com\/index.php\/iste-kayip-dagcilarin-son-goruntuleri\/","title":{"rendered":"\u0130\u015fte kay\u0131p da\u011fc\u0131lar\u0131n son g\u00f6r\u00fcnt\u00fcleri"},"content":{"rendered":"<p>Bursa Uluda\u011f\u2019da kaybolan iki da\u011fc\u0131n\u0131n son g\u00f6r\u00fcnt\u00fcleri ortaya \u00e7\u0131kt\u0131. G\u00f6r\u00fcnt\u00fclerde kaybolmadan saniyeler \u00f6nce birlikte g\u00f6r\u00fcnt\u00fclenen iki da\u011fc\u0131n\u0131n uzun s\u00fcre konu\u015ftuktan sonra ayn\u0131 y\u00f6ne birlikte hareket ettikleri g\u00f6r\u00fcl\u00fcyor. Kay\u0131p iki da\u011fc\u0131n\u0131n \u00fczerilerindeki k\u0131yafetlerin da\u011f \u015fartlar\u0131nda y\u00fcr\u00fcy\u00fc\u015fe elveri\u015fli olmad\u0131\u011f\u0131 da belirtildi.<\/p>\n<p>Bursa Uluda\u011f\u2019da 3 g\u00fcn \u00f6nce do\u011fa y\u00fcr\u00fcy\u00fc\u015f\u00fcne \u00e7\u0131k\u0131p sisli havada kaybolan da\u011fc\u0131 2 arkada\u015f\u0131n kaybolmadan saniyeler \u00f6nceki son g\u00f6r\u00fcnt\u00fcleri ortaya \u00e7\u0131kt\u0131.  Mert Alpaslan (31) ve Efe Sarp\u2019\u0131n (37), Oteller B\u00f6lgesi\u2019nden uzakla\u015fmadan \u00f6nceki son g\u00f6r\u00fcnt\u00fcleri \u00e7evredeki bir otelin g\u00fcvenlik kameralar\u0131na yans\u0131d\u0131.<\/p>\n<p>G\u00f6r\u00fcnt\u00fclerde, zeminin karl\u0131 ve havan\u0131n yo\u011fun sisli olmas\u0131 dikkat \u00e7ekerken 2 arkada\u015f\u0131n uzun bir s\u00fcre ayakta konu\u015ftuktan sonra birlikte ayn\u0131 y\u00f6ne do\u011fru y\u00fcr\u00fcd\u00fckleri g\u00f6r\u00fcl\u00fcyor. Ayr\u0131ca yine g\u00f6r\u00fcnt\u00fclerde kay\u0131p 2 da\u011fc\u0131n\u0131n \u00fczerilerine giydikleri k\u0131yafetlerin zorlu da\u011f \u015fartlar\u0131nda y\u00fcr\u00fcy\u00fc\u015fe uygun olmad\u0131\u011f\u0131 da\u011fc\u0131lar\u0131n eldivenlerinin bile bulunmad\u0131\u011f\u0131 dikkat \u00e7ekiyor.<\/p>\n<p>\u0130stanbul\u2019dan Bursa\u2019ya 1 Aral\u0131k\u2019ta gelen ve ara\u00e7lar\u0131n\u0131 Uluda\u011f Jandarma Karakolunun yan\u0131na park ettikten sonra zirve istikametine y\u00fcr\u00fcmeye ba\u015flayan Mert Alpaslan ve Efe Sarp, bir s\u00fcre sonra sisin bast\u0131rmas\u0131 nedeniyle kaybolmu\u015f, ihbar \u00fczerine arama \u00e7al\u0131\u015fmas\u0131 ba\u015flat\u0131lm\u0131\u015ft\u0131. 3 g\u00fcnd\u00fcr arama \u00e7al\u0131\u015fmas\u0131 h\u0131z kesmeden devam ederken \u015fuana kadar da\u011fc\u0131lar\u0131n bir izine rastlan\u0131lmad\u0131. Uluda\u011f\u2019da &#8220;260 ki\u015filik resmi ve sivil kurtarma ekibiyle arama \u00e7al\u0131\u015fmalar\u0131 s\u00fcr\u00fcyor.<\/p>\n","protected":false},"excerpt":{"rendered":"<p>BURSA ULUDA\u011e\u2019DA KAYBOLAN \u0130K\u0130 DA\u011eCININ SON G\u00d6R\u00dcNT\u00dcLER\u0130 ORTAYA \u00c7IKTI. G\u00d6R\u00dcNT\u00dcLERDE KAYBOLMADAN SAN\u0130YELER \u00d6NCE B\u0130RL\u0130KTE G\u00d6R\u00dcNT\u00dcLENEN \u0130K\u0130 DA\u011eCININ UZUN S\u00dcRE KONU\u015eTUKTAN SONRA AYNI Y\u00d6NE B\u0130RL\u0130KTE HAREKET ETT\u0130KLER\u0130 G\u00d6R\u00dcL\u00dcYOR. KAYIP \u0130K\u0130 DA\u011eCININ \u00dcZER\u0130LER\u0130NDEK\u0130 KIYAFETLER\u0130N DA\u011e \u015eARTLARINDA Y\u00dcR\u00dcY\u00dc\u015eE ELVER\u0130\u015eL\u0130 OLMADI\u011eI DA BEL\u0130RT\u0130LD\u0130.<\/p>\n","protected":false},"author":1,"featured_media":237208,"comment_status":"closed","ping_status":"open","sticky":false,"template":"","format":"standard","meta":{"jetpack_post_was_ever_published":false,"_jetpack_newsletter_access":"","_jetpack_dont_email_post_to_subs":false,"_jetpack_newsletter_tier_id":0,"_jetpack_memberships_contains_paywalled_content":false,"_jetpack_memberships_contains_paid_content":false,"footnotes":"","jetpack_publicize_message":"","jetpack_publicize_feature_enabled":true,"jetpack_social_post_already_shared":true,"jetpack_social_options":{"image_generator_settings":{"template":"highway","default_image_id":0,"font":"","enabled":false},"version":2}},"categories":[1],"tags":[46919,8844,3064,952,1240],"class_list":["post-237207","post","type-post","status-publish","format-standard","has-post-thumbnail","hentry","category-genel","tag-dagcilarin","tag-goruntuleri","tag-iste","tag-kayip","tag-son"],"jetpack_publicize_connections":[],"jetpack_featured_media_url":"https:\/\/i0.wp.com\/www.tvturk.com\/wp-content\/uploads\/2019\/12\/iste-kayip-dagcilarin-son-goruntuleri_e1afcf9.jpg?fit=1000%2C562","jetpack_sharing_enabled":true,"jetpack_shortlink":"https:\/\/wp.me\/paKIfm-ZHV","_links":{"self":[{"href":"http:\/\/www.tvturk.com\/index.php\/wp-json\/wp\/v2\/posts\/237207","targetHints":{"allow":["GET"]}}],"collection":[{"href":"http:\/\/www.tvturk.com\/index.php\/wp-json\/wp\/v2\/posts"}],"about":[{"href":"http:\/\/www.tvturk.com\/index.php\/wp-json\/wp\/v2\/types\/post"}],"author":[{"embeddable":true,"href":"http:\/\/www.tvturk.com\/index.php\/wp-json\/wp\/v2\/users\/1"}],"replies":[{"embeddable":true,"href":"http:\/\/www.tvturk.com\/index.php\/wp-json\/wp\/v2\/comments?post=237207"}],"version-history":[{"count":0,"href":"http:\/\/www.tvturk.com\/index.php\/wp-json\/wp\/v2\/posts\/237207\/revisions"}],"wp:featuredmedia":[{"embeddable":true,"href":"http:\/\/www.tvturk.com\/index.php\/wp-json\/wp\/v2\/media\/237208"}],"wp:attachment":[{"href":"http:\/\/www.tvturk.com\/index.php\/wp-json\/wp\/v2\/media?parent=237207"}],"wp:term":[{"taxonomy":"category","embeddable":true,"href":"http:\/\/www.tvturk.com\/index.php\/wp-json\/wp\/v2\/categories?post=237207"},{"taxonomy":"post_tag","embeddable":true,"href":"http:\/\/www.tvturk.com\/index.php\/wp-json\/wp\/v2\/tags?post=237207"}],"curies":[{"name":"wp","href":"https:\/\/api.w.org\/{rel}","templated":true}]}}