{"id":237215,"date":"2019-12-04T18:02:35","date_gmt":"2019-12-04T15:02:35","guid":{"rendered":"http:\/\/www.tvturk.com\/index.php\/osmangazide-tarim-komisyonu-kuruldu\/"},"modified":"2019-12-04T18:02:35","modified_gmt":"2019-12-04T15:02:35","slug":"osmangazide-tarim-komisyonu-kuruldu","status":"publish","type":"post","link":"http:\/\/www.tvturk.com\/index.php\/osmangazide-tarim-komisyonu-kuruldu\/","title":{"rendered":"Osmangazi\u2019de tar\u0131m komisyonu kuruldu"},"content":{"rendered":"<p>Osmangazi Belediyesi b\u00fcnyesinde ilk kez Tar\u0131m Komisyonu kuruldu.<\/p>\n<p>T\u00fcrkiye\u2019nin en verimli tar\u0131m alanlar\u0131ndan biri olan Bursa Ovas\u0131\u2019n\u0131n b\u00fcy\u00fck bir b\u00f6l\u00fcm\u00fcn\u00fc il\u00e7e s\u0131n\u0131rlar\u0131 i\u00e7erisinde bulunduran Osmangazi Belediyesi, \u00e7ift\u00e7ilerin yan\u0131nda olmak ad\u0131na Tar\u0131m Komisyonu olu\u015fturdu. Aral\u0131k ay\u0131  ola\u011fan meclis toplant\u0131s\u0131nda g\u00fcndeme getirilen Tar\u0131m Komisyonu olu\u015fturulmas\u0131 teklifi oy birli\u011fiyle kabul edildi. Osmangazi Belediyesi b\u00fcnyesinde ilk kez olu\u015fturulan Tar\u0131m Komisyonu, 5 \u00fcyeden olu\u015ftu. Komisyona, AK Parti\u2019den Halil D\u00f6ner, Osman Sal\u0131m ve Mustafa Bekta\u015f, CHP\u2019den Halil Akta\u015f ve B\u00fclent \u00d6zdemir, MHP\u2019den Necati \u00c7elik, \u0130Y\u0130 Parti\u2019den ise Sedat Hi\u00e7durmaz se\u00e7ildi.<\/p>\n<p>Komisyonun kurulu\u015f maksad\u0131na d\u00e2ir olarak bilgi veren Ba\u015fkan D\u00fcndar, \u201cT\u00fcrkiye\u2019nin verimlilik a\u00e7\u0131s\u0131ndan en \u00f6nemli ovalar\u0131ndan biri olan Bursa Ovas\u0131\u2019nda tar\u0131m ve hayvanc\u0131l\u0131\u011f\u0131n bilimsel ve profesyonel olarak geli\u015fimine y\u00f6n verici projeler haz\u0131rlamak, b\u00f6lgenin geli\u015fimine katk\u0131 sa\u011flayacak projeleri tespit etmek i\u00e7in \u00e7aba g\u00f6sterece\u011fiz. Tar\u0131m Komisyonu, \u00e7ift\u00e7imizin s\u0131k\u0131nt\u0131lar\u0131n\u0131 tespit edecek ve bizler de bu s\u0131k\u0131nt\u0131lar\u0131n \u00e7\u00f6z\u00fcm\u00fc noktas\u0131nda \u00e7al\u0131\u015fmalar y\u00fcr\u00fctece\u011fiz. Hedefimiz \u00fcreticilerimize katk\u0131 sa\u011flayarak Bursa\u2019daki zira\u00ee faaliyetleri \u00e7ok daha iyi yerlere getirmek\u201d dedi.<\/p>\n","protected":false},"excerpt":{"rendered":"<p>OSMANGAZ\u0130 BELED\u0130YES\u0130 B\u00dcNYES\u0130NDE \u0130LK KEZ TARIM KOM\u0130SYONU KURULDU.<\/p>\n","protected":false},"author":1,"featured_media":237216,"comment_status":"closed","ping_status":"open","sticky":false,"template":"","format":"standard","meta":{"jetpack_post_was_ever_published":false,"_jetpack_newsletter_access":"","_jetpack_dont_email_post_to_subs":false,"_jetpack_newsletter_tier_id":0,"_jetpack_memberships_contains_paywalled_content":false,"_jetpack_memberships_contains_paid_content":false,"footnotes":"","jetpack_publicize_message":"","jetpack_publicize_feature_enabled":true,"jetpack_social_post_already_shared":true,"jetpack_social_options":{"image_generator_settings":{"template":"highway","default_image_id":0,"font":"","enabled":false},"version":2}},"categories":[1],"tags":[7169,415,3076,2403],"class_list":["post-237215","post","type-post","status-publish","format-standard","has-post-thumbnail","hentry","category-genel","tag-komisyonu","tag-kuruldu","tag-osmangazide","tag-tarim"],"jetpack_publicize_connections":[],"jetpack_featured_media_url":"https:\/\/i0.wp.com\/www.tvturk.com\/wp-content\/uploads\/2019\/12\/osmangazide-tarim-komisyonu-kuruldu_21b2c69.jpg?fit=1000%2C642","jetpack_sharing_enabled":true,"jetpack_shortlink":"https:\/\/wp.me\/paKIfm-ZI3","_links":{"self":[{"href":"http:\/\/www.tvturk.com\/index.php\/wp-json\/wp\/v2\/posts\/237215","targetHints":{"allow":["GET"]}}],"collection":[{"href":"http:\/\/www.tvturk.com\/index.php\/wp-json\/wp\/v2\/posts"}],"about":[{"href":"http:\/\/www.tvturk.com\/index.php\/wp-json\/wp\/v2\/types\/post"}],"author":[{"embeddable":true,"href":"http:\/\/www.tvturk.com\/index.php\/wp-json\/wp\/v2\/users\/1"}],"replies":[{"embeddable":true,"href":"http:\/\/www.tvturk.com\/index.php\/wp-json\/wp\/v2\/comments?post=237215"}],"version-history":[{"count":0,"href":"http:\/\/www.tvturk.com\/index.php\/wp-json\/wp\/v2\/posts\/237215\/revisions"}],"wp:featuredmedia":[{"embeddable":true,"href":"http:\/\/www.tvturk.com\/index.php\/wp-json\/wp\/v2\/media\/237216"}],"wp:attachment":[{"href":"http:\/\/www.tvturk.com\/index.php\/wp-json\/wp\/v2\/media?parent=237215"}],"wp:term":[{"taxonomy":"category","embeddable":true,"href":"http:\/\/www.tvturk.com\/index.php\/wp-json\/wp\/v2\/categories?post=237215"},{"taxonomy":"post_tag","embeddable":true,"href":"http:\/\/www.tvturk.com\/index.php\/wp-json\/wp\/v2\/tags?post=237215"}],"curies":[{"name":"wp","href":"https:\/\/api.w.org\/{rel}","templated":true}]}}