{"id":237257,"date":"2019-12-04T20:02:20","date_gmt":"2019-12-04T17:02:20","guid":{"rendered":"http:\/\/www.tvturk.com\/index.php\/naim-suleymanoglu-filmi-gozyaslarina-bogdu\/"},"modified":"2019-12-04T20:02:20","modified_gmt":"2019-12-04T17:02:20","slug":"naim-suleymanoglu-filmi-gozyaslarina-bogdu","status":"publish","type":"post","link":"http:\/\/www.tvturk.com\/index.php\/naim-suleymanoglu-filmi-gozyaslarina-bogdu\/","title":{"rendered":"\u201cNaim S\u00fcleymano\u011flu\u201d filmi g\u00f6zya\u015flar\u0131na bo\u011fdu"},"content":{"rendered":"<p>U\u015fak Gen\u00e7lik ve Spor \u0130l M\u00fcd\u00fcrl\u00fc\u011f\u00fc taraf\u0131ndan organize edilen, T\u00fcrk spor tarihine damga vuran Naim S\u00fcleymano\u011flu\u2019nun hayat\u0131n\u0131 konu alan \u2019Cep Herk\u00fcl\u00fc: Naim S\u00fcleymano\u011flu\u2019 filmini 130 gen\u00e7 sporcu izledi. Filmden olduk\u00e7a etkilendi\u011fini belirten milli sporcu g\u00f6zya\u015flar\u0131na hakim olamad\u0131.<\/p>\n<p>Gen\u00e7lik ve Spor \u0130l M\u00fcd\u00fcrl\u00fc\u011f\u00fc taraf\u0131ndan organize edilen etkinli\u011fe Vali Yard\u0131mc\u0131lar\u0131, Gen\u00e7lik ve Spor \u0130l M\u00fcd\u00fcr\u00fc Tahir Emre Can, sporcu antren\u00f6rleri ve 130 \u00f6\u011frenci kat\u0131ld\u0131. T\u00fcrk spor tarihine damga vuran ve t\u00fcm T\u00fcrkiye\u2019ye halteri sevdiren adam olarak tarihin alt\u0131n sayfalar\u0131ndaki yerini alan Naim S\u00fcleymano\u011flu\u2019nun hayat\u0131n\u0131 anlatan \u2018Cep Herk\u00fcl\u00fc Naim S\u00fcleymano\u011flu\u2019 filmini izlemek i\u00e7in U\u015fakl\u0131 130 gen\u00e7 sporcu sinema salonuna ak\u0131n etti. Filmi ilgi ile izleyen sporcular, antren\u00f6rler ve beraberindeki \u0130l protokol\u00fc olduk\u00e7a duygu y\u00fckl\u00fc anlar ya\u015fad\u0131. Filmden \u00e7\u0131kan milli sporcu olduk\u00e7a etkilendi\u011fini belirterek \u0130HA muhabirine r\u00f6portaj verdi\u011fi s\u0131rada g\u00f6zya\u015flar\u0131na hakim olamad\u0131.<\/p>\n<p>&#8220;Antrenmanlardaki dereceleri d\u00fcnya rekorlar\u0131n\u0131n \u00fcst\u00fcndeydi&#8221;<\/p>\n<p>\u00dclkemiz ve d\u00fcnya spor tarihine ad\u0131n\u0131 alt\u0131n harflerle yazd\u0131ran efsanevi halterci Naim S\u00fcleymano\u011flu\u2019nun hayat hikayesini konu alan film hakk\u0131nda konu\u015fan Vali Yard\u0131mc\u0131s\u0131 Muammer Balc\u0131, &#8220;\u0130lk d\u00fcnya rekoruna imza att\u0131\u011f\u0131nda 15 ya\u015f\u0131nda olan, spor kariyerine 7 D\u00fcnya Rekoru, \u00fc\u00e7 farkl\u0131 olimpiyatta kazand\u0131\u011f\u0131 3 Alt\u0131n Madalya, 6 Avrupa \u015eampiyonlu\u011fu ile 7 tane D\u00fcnya \u015eampiyonlu\u011fu ve daha nice ba\u015far\u0131lar s\u0131\u011fd\u0131ran Cep Herk\u00fcl\u00fc Naim S\u00fcleymano\u011flu\u2019nu vefat\u0131n\u0131n 2. y\u0131l\u0131nda minnetle yad ediyorum. Gen\u00e7lerimize \u00f6rnek te\u015fkil eden ba\u015far\u0131lar\u0131yla ay y\u0131ld\u0131zl\u0131 mayoyu t\u00fcm d\u00fcnyada gururla g\u00f6\u011f\u00fcsleyen milli haltercimiz Naim S\u00fcleymano\u011flu\u2019nun azmiyle, kararl\u0131l\u0131\u011f\u0131yla, onurlu duru\u015fuyla ve cesaretiyle bir T\u00fcrk\u2019\u00fcn karakteristik \u00f6zelliklerini tam olarak yans\u0131tm\u0131\u015f ender ki\u015filiklerden biri oldu\u011funu d\u00fc\u015f\u00fcn\u00fcyorum. 8. Cumhurba\u015fkan\u0131m\u0131z Turgut \u00d6zal\u2019\u0131n, 1986 y\u0131l\u0131nda ba\u015fbakan oldu\u011fu d\u00f6nemde kendisinin \u00f6zel gayretleriyle T\u00fcrkiye\u2019ye getirtilen Naim S\u00fcleymano\u011flu\u2019nun geli\u015fiyle birlikte T\u00fcrk halterinde \u00f6nemli oranda de\u011fi\u015fiklikler olmaya ba\u015flad\u0131. Antrenmanlardaki dereceleri d\u00fcnya rekorlar\u0131n\u0131n \u00fcst\u00fcndeydi. T\u00fcrkiye ona derinden kucak a\u00e7\u0131nca daha da \u00fclkesine ba\u011fland\u0131. Ba\u015far\u0131lar\u0131 birbiri ard\u0131na geldi. Naim S\u00fcleymano\u011flu\u2019nun milli ve manevi duygular\u0131n kazan\u0131m\u0131 noktas\u0131nda spor d\u00fcnyam\u0131z ve sporcular\u0131m\u0131za katk\u0131da bulunaca\u011f\u0131n\u0131 d\u00fc\u015f\u00fcnd\u00fc\u011f\u00fcm filmi t\u00fcm halk\u0131m\u0131z\u0131n izlemesini tavsiye ediyorum&#8221; \u015feklinde konu\u015ftu.<\/p>\n<p>&#8220;Yar\u0131\u015fmalara kat\u0131l\u0131p T\u00fcrkiye\u2019yi temsil edece\u011fim\u201d<\/p>\n<p>Bir milli sporcu olarak duyguland\u0131\u011f\u0131n\u0131 belirtip g\u00f6zya\u015flar\u0131n\u0131 tutamayan Zeynep Naz Karahangil, \u201c\u00c7ok etkilendim. B\u00f6yle bir s\u00fcr\u00fc T\u00fcrk belki de d\u00fcnyan\u0131n herhangi bir yerinde soyk\u0131r\u0131ma u\u011fruyor. Bu k\u00f6t\u00fc bir \u015fey. T\u00fcrk halk\u0131na bunun duyurulmas\u0131, d\u00fcnyan\u0131n herhangi bir yerinde soyk\u0131r\u0131ma u\u011frayan bir T\u00fcrk\u2019\u00fcn bunlardan etkilenip onlara yard\u0131m etmesi \u00e7ok b\u00fcy\u00fck bir \u015fey. Bir sporcu olarak bundan \u00e7ok etkilendim. Belki de yapamam ama T\u00fcrk halk\u0131 i\u00e7in inan\u0131yorum kendime; bir s\u00fcr\u00fc yar\u0131\u015fmaya kat\u0131l\u0131p T\u00fcrkiye\u2019yi temsil edece\u011fim\u201d dedi.<\/p>\n<p>\u201cMilli duygular\u0131m\u0131z \u00e7ok g\u00fczel i\u015flenmi\u015f\u201d<\/p>\n<p>Filmin insanlara pek \u00e7ok mesaj aktard\u0131\u011f\u0131n\u0131 ve izlenmesini gerekti\u011fini vurgulayan Eslem Ta\u015favl\u0131, \u201cBu filmi T\u00fcrk y\u00f6netmenlerin yapmas\u0131 \u00e7ok g\u00fczel bir \u015fey. Umar\u0131m halk\u0131m\u0131z bunun fark\u0131na var\u0131r ve ger\u00e7ekten buna g\u00f6re ya\u015famaya devam eder. Ger\u00e7ekten milli duygular\u0131m\u0131z\u0131n bu \u015fekilde ortaya \u00e7\u0131kar\u0131lmas\u0131 beni mutlu etti. Ama ayn\u0131 zamanda T\u00fcrk halk\u0131na k\u00f6t\u00fcl\u00fcklerin yap\u0131lmas\u0131 \u00e7ok \u00fczd\u00fc\u201d ifadelerinde bulundu.<\/p>\n","protected":false},"excerpt":{"rendered":"<p>U\u015eAK GEN\u00c7L\u0130K VE SPOR \u0130L M\u00dcD\u00dcRL\u00dc\u011e\u00dc TARAFINDAN ORGAN\u0130ZE ED\u0130LEN, T\u00dcRK SPOR TAR\u0130H\u0130NE DAMGA VURAN NA\u0130M S\u00dcLEYMANO\u011eLU&#8217;NUN HAYATINI KONU ALAN &#8216;CEP HERK\u00dcL\u00dc: NA\u0130M S\u00dcLEYMANO\u011eLU\u2019 F\u0130LM\u0130N\u0130 130 GEN\u00c7 SPORCU \u0130ZLED\u0130. F\u0130LMDEN OLDUK\u00c7A ETK\u0130LEND\u0130\u011e\u0130N\u0130 BEL\u0130RTEN M\u0130LL\u0130 SPORCU G\u00d6ZYA\u015eLARINA HAK\u0130M OLAMADI.<\/p>\n","protected":false},"author":1,"featured_media":237258,"comment_status":"closed","ping_status":"open","sticky":false,"template":"","format":"standard","meta":{"jetpack_post_was_ever_published":false,"_jetpack_newsletter_access":"","_jetpack_dont_email_post_to_subs":false,"_jetpack_newsletter_tier_id":0,"_jetpack_memberships_contains_paywalled_content":false,"_jetpack_memberships_contains_paid_content":false,"footnotes":"","jetpack_publicize_message":"","jetpack_publicize_feature_enabled":true,"jetpack_social_post_already_shared":true,"jetpack_social_options":{"image_generator_settings":{"template":"highway","default_image_id":0,"font":"","enabled":false},"version":2}},"categories":[1],"tags":[10574,7228,1816,28051,43411],"class_list":["post-237257","post","type-post","status-publish","format-standard","has-post-thumbnail","hentry","category-genel","tag-bogdu","tag-filmi","tag-gozyaslarina","tag-naim","tag-suleymanoglu"],"jetpack_publicize_connections":[],"jetpack_featured_media_url":"https:\/\/i0.wp.com\/www.tvturk.com\/wp-content\/uploads\/2019\/12\/naim-suleymanoglu-filmi-gozyaslarina-bogdu_527f2b5.jpg?fit=1000%2C750","jetpack_sharing_enabled":true,"jetpack_shortlink":"https:\/\/wp.me\/paKIfm-ZIJ","_links":{"self":[{"href":"http:\/\/www.tvturk.com\/index.php\/wp-json\/wp\/v2\/posts\/237257","targetHints":{"allow":["GET"]}}],"collection":[{"href":"http:\/\/www.tvturk.com\/index.php\/wp-json\/wp\/v2\/posts"}],"about":[{"href":"http:\/\/www.tvturk.com\/index.php\/wp-json\/wp\/v2\/types\/post"}],"author":[{"embeddable":true,"href":"http:\/\/www.tvturk.com\/index.php\/wp-json\/wp\/v2\/users\/1"}],"replies":[{"embeddable":true,"href":"http:\/\/www.tvturk.com\/index.php\/wp-json\/wp\/v2\/comments?post=237257"}],"version-history":[{"count":0,"href":"http:\/\/www.tvturk.com\/index.php\/wp-json\/wp\/v2\/posts\/237257\/revisions"}],"wp:featuredmedia":[{"embeddable":true,"href":"http:\/\/www.tvturk.com\/index.php\/wp-json\/wp\/v2\/media\/237258"}],"wp:attachment":[{"href":"http:\/\/www.tvturk.com\/index.php\/wp-json\/wp\/v2\/media?parent=237257"}],"wp:term":[{"taxonomy":"category","embeddable":true,"href":"http:\/\/www.tvturk.com\/index.php\/wp-json\/wp\/v2\/categories?post=237257"},{"taxonomy":"post_tag","embeddable":true,"href":"http:\/\/www.tvturk.com\/index.php\/wp-json\/wp\/v2\/tags?post=237257"}],"curies":[{"name":"wp","href":"https:\/\/api.w.org\/{rel}","templated":true}]}}