{"id":237259,"date":"2019-12-04T20:02:27","date_gmt":"2019-12-04T17:02:27","guid":{"rendered":"http:\/\/www.tvturk.com\/index.php\/ulasim-calistayi-ile-istanbulda-trafige-cozum-aranacak\/"},"modified":"2019-12-04T20:02:27","modified_gmt":"2019-12-04T17:02:27","slug":"ulasim-calistayi-ile-istanbulda-trafige-cozum-aranacak","status":"publish","type":"post","link":"http:\/\/www.tvturk.com\/index.php\/ulasim-calistayi-ile-istanbulda-trafige-cozum-aranacak\/","title":{"rendered":"&#8220;Ula\u015f\u0131m \u00c7al\u0131\u015ftay\u0131&#8221; ile \u0130stanbul\u2019da trafi\u011fe \u00e7\u00f6z\u00fcm aranacak"},"content":{"rendered":"<p>\u0130stanbul B\u00fcy\u00fck\u015fehir Belediye Ba\u015fkan\u0131 Ekrem \u0130mamo\u011flu, &#8220;Ula\u015f\u0131m \u00c7al\u0131\u015ftay\u0131&#8221; ile \u0130stanbul trafi\u011fine \u00e7\u00f6z\u00fcm aranaca\u011f\u0131n\u0131 s\u00f6yledi.<\/p>\n<p>\u0130stanbul B\u00fcy\u00fck\u015fehir Belediye Ba\u015fkan\u0131 Ekrem \u0130mamo\u011flu, 12\u2019nci il\u00e7e belediyesi ziyaretini Kartal\u2019a yapt\u0131. \u0130mamo\u011flu, Kartal Belediyesi ziyaretinde Belediye Ba\u015fkan\u0131 G\u00f6khan Y\u00fcksel, \u00e7al\u0131\u015fanlar ve vatanda\u015flar taraf\u0131ndan kar\u015f\u0131land\u0131. Vatanda\u015flar\u0131n, \u00e7i\u00e7ek ve \u0130stanbul temal\u0131 tablo hediye etti\u011fi \u0130mamo\u011flu, daha sonra Y\u00fcksel\u2019in makam odas\u0131na ge\u00e7ti. Y\u00fcksel, \u0130mamo\u011flu\u2019na, ziyaretinden dolay\u0131 te\u015fekk\u00fcr etti.<\/p>\n<p>Ziyaretin ard\u0131ndan gazeteciler, \u0130mamo\u011flu\u2019na, \u0130stanbul\u2019un ula\u015f\u0131m sorunuyla ilgili soru y\u00f6neltti. \u0130mamo\u011flu, \u201c\u0130stanbul\u2019un trafik sorununun \u00e7ok konular\u0131 var, payda\u015f\u0131 da olduk\u00e7a fazla. Bu konunun vatanda\u015f i\u015f birli\u011fiyle y\u00fcr\u00fcmesi \u015fart. \u0130hmal edilen deniz ula\u015f\u0131m\u0131n\u0131 elbette en etkin \u015fekilde s\u00fcrece katmak istiyoruz. Deniz ula\u015f\u0131m\u0131nda \u00e7ok k\u00fc\u00e7\u00fck bir pay\u0131 var \u0130stanbul\u2019un. Bunu artt\u0131raca\u011f\u0131z. Bu konuda, 17-18 Aral\u0131k\u2019ta bir \u2018Deniz \u00c7al\u0131\u015ftay\u0131\u2019m\u0131z da var. Sonra bir \u2018Ula\u015f\u0131m \u00c7al\u0131\u015ftay\u0131\u2019 yapaca\u011f\u0131z. Daha geni\u015f ve t\u00fcm konular\u0131 i\u00e7ine alan bir toplant\u0131ya d\u00f6n\u00fc\u015fecek. Ama bir ger\u00e7ek var: Bu i\u015fin en \u00f6nemli pay\u0131, metrodur. Bizim vazge\u00e7ilmez yat\u0131r\u0131m\u0131m\u0131z da metro olacakt\u0131r\u201d yan\u0131t\u0131n\u0131 verdi.<\/p>\n<p>\u201cDeniz ula\u015f\u0131m\u0131 daha keyifli\u201d<\/p>\n<p>Mesai saatinin ba\u015flang\u0131c\u0131na yak\u0131n bir zaman diliminde ger\u00e7ekle\u015fen ziyarette ilk konu ula\u015f\u0131m oldu. Beylikd\u00fcz\u00fc\u2019nden Kartal\u2019a deniz yoluyla 1 saat 15 dakikada ula\u015ft\u0131klar\u0131n\u0131 belirten \u0130mamo\u011flu, \u201c\u0130yi bir zaman 1 saat 15 dakika. Yana\u015fma noktalar\u0131n\u0131 zenginle\u015ftirip, \u00e7o\u011falt\u0131rsak e\u011fer \u00f6zelde \u00e7ok tekne kullan\u0131labilir \u0130stanbul\u2019da. 17-18 Aral\u0131k\u2019ta bir \u2018Deniz \u00c7al\u0131\u015ftay\u0131\u2019m\u0131z var. Sonra da t\u00fcm\u00fcyle bir \u2018Ula\u015f\u0131m \u00c7al\u0131\u015ftay\u0131\u2019m\u0131z olacak. Denizi, hayata katmak istiyoruz. Beylikd\u00fcz\u00fc sahilinden, Kartal sahiline, Tuzla Tersanesi\u2019nin yapm\u0131\u015f oldu\u011fu \u0130STA\u00c7\u2019\u0131n bir teknesiyle 1 saat 15 dakikada gelebildik. Demek ki \u0130stanbul\u2019da deniz eri\u015fimi \u00e7ok \u00f6nemli olacak \u00f6n\u00fcm\u00fczdeki s\u00fcre\u00e7te; ama \u00f6zel ama toplu ula\u015f\u0131mda. Tabii ki s\u00fcbvansiyona ihtiyac\u0131 olan bir alan; onu biliyoruz. Neticede s\u00fcbvansiyon ula\u015f\u0131m\u0131n genelinde de var. Belli bir pay\u0131n\u0131 denizde tutabilirsek, bu \u0130stanbul\u2019un huzuru i\u00e7in de \u00f6nemli. \u00c7\u00fcnk\u00fc deniz ula\u015f\u0131m\u0131 daha keyifli, daha huzurlu bir ortam. Geli\u015ftirmek istiyoruz\u201d dedi.<\/p>\n<p>\u201c39 \u0130l\u00e7eyi gezece\u011fiz\u201d<\/p>\n<p>Kartal Belediyesi ziyaretiyle ilgili konu\u015fan \u0130mamo\u011flu, \u201cBug\u00fcn Kartal\u2019day\u0131z. 12\u2019nci il\u00e7emiz ziyaretlerimizde. \u0130n\u015fallah bir an \u00f6nce bitirmek istiyoruz ama g\u00fcndemlerimiz, bu ziyaretlerimizin biraz yava\u015flamas\u0131na sebep oluyor. Y\u0131lsonunu hedef koyduk ama biraz zorlanaca\u011f\u0131z gibi. B\u00fct\u00fcn il\u00e7e belediyelerini geziyoruz. 39\u2019unu gezece\u011fiz. \u0130l\u00e7elerle yerinde tespitler yap\u0131yoruz. Kartal Belediye Ba\u015fkan\u2019\u0131m\u0131z\u0131n kendi g\u00f6z\u00fcnden Kartal\u2019\u0131 tariflemesiyle beraber, \u0130BB\u2019yle nas\u0131l ortak i\u015f geli\u015ftirebiliriz, burada \u0130BB\u2019nin hangi yat\u0131r\u0131mlar\u0131 var, \u00f6ncelikleri bundan sonra ne olmal\u0131 T\u00fcm\u00fcyle ayn\u0131 g\u00fcndemle il\u00e7eleri ziyaret ediyoruz. Bu g\u00fcndemle bir de\u011ferlendirme yapaca\u011f\u0131z. T\u00fcm\u00fcyle Kartal\u2019a hizmet g\u00f6t\u00fcrmek ad\u0131na, \u0130BB\u2019yle \u00e7ok olumlu bir s\u00fcre\u00e7 olu\u015fturmas\u0131 ad\u0131na verimli bir \u00e7al\u0131\u015fma g\u00fcn\u00fc ge\u00e7mesini diliyorum\u201d diye konu\u015ftu.<\/p>\n<p>Konu\u015fman\u0131n ard\u0131ndan, \u0130BB heyeti ve Kartal Belediyesi yetkilileri ortak masa toplant\u0131s\u0131na ge\u00e7ti.<\/p>\n<p>\u201cVatanda\u015f da i\u015fin i\u00e7inde olacak\u201d<\/p>\n<p>Kartal il\u00e7esinin sorunlar\u0131n\u0131n masaya yat\u0131r\u0131ld\u0131\u011f\u0131 toplant\u0131n\u0131n ard\u0131ndan a\u00e7\u0131klamalarda bulunan \u0130mamo\u011flu, \u201c\u0130stanbul\u2019un trafik sorununun \u00e7ok konular\u0131 var, payda\u015f\u0131 da olduk\u00e7a fazla; metro, metrob\u00fcs, yaya, bisiklete var\u0131ncaya kadar, deniz ula\u015f\u0131m\u0131, minib\u00fcs\u00fc, taksisi, bir\u00e7ok konusu var. Bu meselenin b\u00fct\u00fcnc\u00fcl ele al\u0131nmas\u0131, ger\u00e7ekten hem senkronize hem entegre bir kavramla \u0130stanbul halk\u0131na servis edilmesi laz\u0131m. Bu konunun vatanda\u015f i\u015f birli\u011fiyle y\u00fcr\u00fcmesi \u015fart. Hem \u0130BB\u2019nin ilgili kurulu\u015flar\u0131 olacak, ayn\u0131 zamanda vatanda\u015f da bu i\u015f birli\u011finin i\u00e7inde olacak. Her \u015feyden \u00f6nce vatanda\u015f, s\u00fcre\u00e7leri \u00e7ok iyi kavrayacak. \u0130hmal edilen deniz ula\u015f\u0131m\u0131n\u0131 elbette en etkin \u015fekilde s\u00fcrece katmak istiyoruz. Deniz ula\u015f\u0131m\u0131nda \u00e7ok k\u00fc\u00e7\u00fck bir pay\u0131 var \u0130stanbul\u2019un. Bunu artt\u0131raca\u011f\u0131z. Bu konuda, 17-18 Aral\u0131k\u2019ta bir \u2018Deniz \u00c7al\u0131\u015ftay\u0131\u2019m\u0131z da var. Burada b\u00fct\u00fcn deniz payda\u015flar\u0131yla bir arada, \u2018Nas\u0131l geli\u015ftirebiliriz\u2019 konu\u015faca\u011f\u0131z. Sonra bir \u2018Ula\u015f\u0131m \u00c7al\u0131\u015ftay\u0131\u2019 yapaca\u011f\u0131z. Daha geni\u015f ve t\u00fcm konular\u0131 i\u00e7ine alan bir toplant\u0131ya d\u00f6n\u00fc\u015fecek. Biz asl\u0131nda, \u0130stanbul\u2019un ula\u015f\u0131m\u0131nda master plan \u015feklinde \u00f6n\u00fcm\u00fcze hedefler koyarak yol y\u00fcr\u00fcyece\u011fiz. Ama bir ger\u00e7ek var: Bu i\u015fin en \u00f6nemli pay\u0131, metrodur. Bizim vazge\u00e7ilmez yat\u0131r\u0131m\u0131m\u0131z da metro olacakt\u0131r\u201d yan\u0131t\u0131n\u0131 verdi.<\/p>\n<p>\u0130mamo\u011flu\u2019na, \u201cKaynarca\u2019dan sonra Sabiha G\u00f6k\u00e7en\u2019i de kapsayan bir ula\u015f\u0131m hatt\u0131 vard\u0131. Onun i\u00e7in plan nedir? Ne zaman in\u015faat ba\u015flayacak? \u015eu anda duran metro hatlar\u0131 ka\u00e7 hat kald\u0131 ve onlarda durum ne? \u00c7al\u0131\u015fma ba\u015flam\u0131\u015f m\u0131, yoksa tabela olarak m\u0131 duruyor\u201d sorusu y\u00f6neltildi. \u0130mamo\u011flu, bu soruyu da \u015fu \u015fekilde yan\u0131tlad\u0131.<\/p>\n<p>\u201cFinansman ve teknik u\u011fra\u015flar\u0131m\u0131z devam ediyor\u201d<\/p>\n<p>\u0130mamo\u011flu, \u201cZaten 8 hatt\u0131n durmu\u015f oldu\u011funu ifade etmi\u015ftik geldi\u011fimizde. Bu duran hatlar\u0131n i\u00e7inde, a\u00e7\u0131k\u00e7as\u0131 ihale edilmi\u015f ama ihale edilen hatt\u0131n proje detaylar\u0131 da yok. B\u00f6yle de sorunlar var. \u00d6rne\u011fin; Mahmutbey-Esenyurt hatt\u0131 diye ifade edilen hatt\u0131m\u0131z\u0131n detaylar\u0131 \u00e7ok s\u0131k\u0131nt\u0131l\u0131. Arkada\u015flar\u0131m, sadece durak hat, yap\u0131lan ihale g\u00f6z\u00fcyle bakm\u0131yor, t\u00fcm\u00fcyle s\u00fcreci ele al\u0131yor. \u00c7ok alelacele bir i\u015f yap\u0131lm\u0131\u015f ve baz\u0131lar\u0131n\u0131n y\u00fcr\u00fcme \u015fans\u0131 da yokmu\u015f. Kredisi \u00e7\u0131km\u0131\u015f olan Tuzla-Pendik-Kaynarca diye tarifledi\u011fimiz k\u0131sm\u0131n da kendi i\u00e7inde hatlar\u0131 ile ilgili \u00e7al\u0131\u015fmas\u0131n\u0131 s\u00fcrd\u00fcr\u00fcyorlar. Ufak revizyonlar oluyor ama s\u00fcre\u00e7 orada ba\u015flad\u0131. \u00c7ok yak\u0131n zamanda, tabiri caizse bir temel atma, bir ba\u015flang\u0131\u00e7 gibi bir s\u00fcre\u00e7le orada bir arada olaca\u011f\u0131z. Di\u011fer hatlar\u0131m\u0131zla ilgili finansman ve teknik u\u011fra\u015flar\u0131m\u0131z devam ediyor. Bizim bir ba\u015fka derdimiz var. Biz, 8 hatla da s\u0131n\u0131rl\u0131 de\u011filiz. \u0130stanbul\u2019un gelece\u011finde ba\u015fka hat ihtiya\u00e7lar\u0131m\u0131z da var. \u00d6rne\u011fin Beylikd\u00fcz\u00fc taraf\u0131 \u00e7ok ihmal edilmi\u015f bir alan. \u00c7ok \u00f6nemsedi\u011fimiz, \u00e7ok \u00f6nemli olan bir metro konusu. Zira o b\u00f6lgede 2-2,5 milyon insan\u0131n \u015fu an metro ba\u011flant\u0131s\u0131 yok. Hatta \u0130stanbul\u2019la tek ba\u011f\u0131 metrob\u00fcs. Zaten metrob\u00fcs\u00fcn \u015fi\u015fmesinde en \u00f6nemli sebeplerden biri de o b\u00f6lgenin rayl\u0131 sistemlerden uzak kalmas\u0131. \u0130\u015fte b\u00fct\u00fcn bu meseleleri i\u00e7ine katarak hem bu 8 hatt\u0131n en verimli \u015fekilde baz\u0131 proje revizyonlar\u0131 ile ba\u015flamas\u0131n\u0131 sa\u011flamak hem de bir sonraki a\u015famada \u00e7ok h\u0131zl\u0131, \u00e7ok acil ihtiyaca dayal\u0131 olarak ba\u015flat\u0131lmas\u0131 gereken yeni projeleri, buradaki verimlilik k\u0131sm\u0131nda \u00f6l\u00e7erek, verimlilikle beraber projenin finansman\u0131n\u0131 da ba\u015f\u0131nda var ederek s\u00fcre\u00e7leri ba\u015flatma niyetimiz var. Yani i\u015fin k\u0131sas\u0131 \u015fu: \u00d6n\u00fcm\u00fczdeki 4 y\u0131l i\u00e7erisinde bunlar\u0131 bitirmenin yan\u0131 s\u0131ra \u00e7ok etkin, \u00e7ok verimli bulundu\u011fumuz ciddi bir kilometreyi de ba\u015flatmak istiyoruz. Kald\u0131 ki o \u00e7al\u0131\u015ftay\u0131m\u0131z burada bize bu neticeyi de verecek. Niyetimiz, en ge\u00e7 2020\u2019nin Ocak ay\u0131nda bir gelecek projeksiyonumuzu \u0130stanbul halk\u0131 ile payla\u015fmak olacak\u201d diye konu\u015ftu.<\/p>\n<p>\u201cB\u00fct\u00fcnc\u00fcl ve h\u0131zl\u0131 bir m\u00fccadele veriyoruz\u201d<\/p>\n<p>\u0130mamo\u011flu, \u201cEsenyurt-Mahmutbey metro hatt\u0131 ihalesinin yakla\u015f\u0131k 3 milyarl\u0131k bir ihale bedeli var. Ortada bir proje detay\u0131 yoksa, bu para nas\u0131l olmu\u015f olabilir\u201d sorusunu ise, \u201cTabii ki bir proje detay\u0131 var. Bir kilometre tasar\u0131m\u0131 var. Bir fiyatla \u00e7\u0131k\u0131lm\u0131\u015f. Bunlar\u0131n hepsi analiz ediliyor. Yani maliyeti de analiz ediliyor. Tabii ki ihalenin bi\u00e7imi de analiz ediliyor ama \u2018Biz bug\u00fcn ba\u015flad\u0131k. Eksiksiz bir projemiz var. Hatt\u0131n ucu da belli, istasyonlar da belli\u2019 denecek bir durumda de\u011fil o hat. \u00c7ok net onu s\u00f6yleyelim. \u00c7ok alelacele olmasayd\u0131 zaten 8 tane duran hatla kar\u015f\u0131la\u015fmazd\u0131k. Alelacele, iyi tasarlanmam\u0131\u015f, ke\u015fif analizleri yap\u0131lmam\u0131\u015f, buna g\u00f6re de ihale s\u00fcre\u00e7leri de i\u015fletilmemi\u015f, dolay\u0131s\u0131yla finansman da bulunmam\u0131\u015f ve bug\u00fcnk\u00fc durum ya\u015fan\u0131yor. Ama \u00e7ok yetkin arkada\u015flar\u0131m\u0131z var. \u0130haleyi alan firmalar\u0131 da d\u0131\u015flamadan, s\u00fcrecin i\u00e7ine katarak, onlar\u0131n da deneyimlerini i\u015fin i\u00e7ine sokarak ve oradaki g\u00f6rd\u00fckleri eksiklikleri giderecek, b\u00fct\u00fcnc\u00fcl ve h\u0131zl\u0131 bir m\u00fccadele veriyoruz\u201d diye s\u00f6zlerini tamamlad\u0131.<\/p>\n","protected":false},"excerpt":{"rendered":"<p>\u0130STANBUL B\u00dcY\u00dcK\u015eEH\u0130R BELED\u0130YE BA\u015eKANI EKREM \u0130MAMO\u011eLU, &#8220;ULA\u015eIM \u00c7ALI\u015eTAYI&#8221; \u0130LE \u0130STANBUL TRAF\u0130\u011e\u0130NE \u00c7\u00d6Z\u00dcM ARANACA\u011eINI S\u00d6YLED\u0130.<\/p>\n","protected":false},"author":1,"featured_media":237260,"comment_status":"closed","ping_status":"open","sticky":false,"template":"","format":"standard","meta":{"jetpack_post_was_ever_published":false,"_jetpack_newsletter_access":"","_jetpack_dont_email_post_to_subs":false,"_jetpack_newsletter_tier_id":0,"_jetpack_memberships_contains_paywalled_content":false,"_jetpack_memberships_contains_paid_content":false,"footnotes":"","jetpack_publicize_message":"","jetpack_publicize_feature_enabled":true,"jetpack_social_post_already_shared":true,"jetpack_social_options":{"image_generator_settings":{"template":"highway","default_image_id":0,"font":"","enabled":false},"version":2}},"categories":[1],"tags":[30914,304,420,192,1268,2930,1416],"class_list":["post-237259","post","type-post","status-publish","format-standard","has-post-thumbnail","hentry","category-genel","tag-aranacak","tag-calistayi","tag-cozum","tag-ile","tag-istanbulda","tag-trafige","tag-ulasim"],"jetpack_publicize_connections":[],"jetpack_featured_media_url":"https:\/\/i0.wp.com\/www.tvturk.com\/wp-content\/uploads\/2019\/12\/ulasim-calistayi-ile-istanbulda-trafige-cozum-aranacak_45a52bc.jpg?fit=1000%2C666","jetpack_sharing_enabled":true,"jetpack_shortlink":"https:\/\/wp.me\/paKIfm-ZIL","_links":{"self":[{"href":"http:\/\/www.tvturk.com\/index.php\/wp-json\/wp\/v2\/posts\/237259","targetHints":{"allow":["GET"]}}],"collection":[{"href":"http:\/\/www.tvturk.com\/index.php\/wp-json\/wp\/v2\/posts"}],"about":[{"href":"http:\/\/www.tvturk.com\/index.php\/wp-json\/wp\/v2\/types\/post"}],"author":[{"embeddable":true,"href":"http:\/\/www.tvturk.com\/index.php\/wp-json\/wp\/v2\/users\/1"}],"replies":[{"embeddable":true,"href":"http:\/\/www.tvturk.com\/index.php\/wp-json\/wp\/v2\/comments?post=237259"}],"version-history":[{"count":0,"href":"http:\/\/www.tvturk.com\/index.php\/wp-json\/wp\/v2\/posts\/237259\/revisions"}],"wp:featuredmedia":[{"embeddable":true,"href":"http:\/\/www.tvturk.com\/index.php\/wp-json\/wp\/v2\/media\/237260"}],"wp:attachment":[{"href":"http:\/\/www.tvturk.com\/index.php\/wp-json\/wp\/v2\/media?parent=237259"}],"wp:term":[{"taxonomy":"category","embeddable":true,"href":"http:\/\/www.tvturk.com\/index.php\/wp-json\/wp\/v2\/categories?post=237259"},{"taxonomy":"post_tag","embeddable":true,"href":"http:\/\/www.tvturk.com\/index.php\/wp-json\/wp\/v2\/tags?post=237259"}],"curies":[{"name":"wp","href":"https:\/\/api.w.org\/{rel}","templated":true}]}}