{"id":237295,"date":"2019-12-05T09:16:41","date_gmt":"2019-12-05T06:16:41","guid":{"rendered":"http:\/\/www.tvturk.com\/index.php\/agrida-kar-yagisinin-ardindan-soguk-hava-etkili-oluyor\/"},"modified":"2019-12-05T09:16:41","modified_gmt":"2019-12-05T06:16:41","slug":"agrida-kar-yagisinin-ardindan-soguk-hava-etkili-oluyor","status":"publish","type":"post","link":"http:\/\/www.tvturk.com\/index.php\/agrida-kar-yagisinin-ardindan-soguk-hava-etkili-oluyor\/","title":{"rendered":"A\u011fr\u0131\u2019da kar ya\u011f\u0131\u015f\u0131n\u0131n ard\u0131ndan so\u011fuk hava etkili oluyor"},"content":{"rendered":"<p>A\u011fr\u0131\u2019da kar ya\u011f\u0131\u015f\u0131n\u0131n ard\u0131ndan so\u011fuk hava etkili olurken, park ve bah\u00e7elerde kartpostall\u0131k manzaralar ortaya \u00e7\u0131kt\u0131.<\/p>\n<p>Kar ya\u011f\u0131\u015f\u0131n\u0131n ard\u0131ndan kentte kar kal\u0131nl\u0131\u011f\u0131 yer yer 10 santimetreye \u00e7\u0131karken, yollar buz tuttu. Park ve bah\u00e7elerde g\u00f6r\u00fclmeye de\u011fer manzaralar ortaya \u00e7\u0131kt\u0131.<\/p>\n","protected":false},"excerpt":{"rendered":"<p>A\u011eRI\u2019DA KAR YA\u011eI\u015eININ ARDINDAN SO\u011eUK HAVA ETK\u0130L\u0130 OLURKEN, PARK VE BAH\u00c7ELERDE KARTPOSTALLIK MANZARALAR ORTAYA \u00c7IKTI<\/p>\n","protected":false},"author":1,"featured_media":237296,"comment_status":"closed","ping_status":"open","sticky":false,"template":"","format":"standard","meta":{"jetpack_post_was_ever_published":false,"_jetpack_newsletter_access":"","_jetpack_dont_email_post_to_subs":false,"_jetpack_newsletter_tier_id":0,"_jetpack_memberships_contains_paywalled_content":false,"_jetpack_memberships_contains_paid_content":false,"footnotes":"","jetpack_publicize_message":"","jetpack_publicize_feature_enabled":true,"jetpack_social_post_already_shared":true,"jetpack_social_options":{"image_generator_settings":{"template":"highway","default_image_id":0,"font":"","enabled":false},"version":2}},"categories":[1],"tags":[7731,3469,3102,257,878,145,5373,59536],"class_list":["post-237295","post","type-post","status-publish","format-standard","has-post-thumbnail","hentry","category-genel","tag-agrida","tag-ardindan","tag-etkili","tag-hava","tag-kar","tag-oluyor","tag-soguk","tag-yagisinin"],"jetpack_publicize_connections":[],"jetpack_featured_media_url":"https:\/\/i0.wp.com\/www.tvturk.com\/wp-content\/uploads\/2019\/12\/agrida-kar-yagisinin-ardindan-soguk-hava-etkili-oluyor_7ae4d2b.jpg?fit=1000%2C664","jetpack_sharing_enabled":true,"jetpack_shortlink":"https:\/\/wp.me\/paKIfm-ZJl","_links":{"self":[{"href":"http:\/\/www.tvturk.com\/index.php\/wp-json\/wp\/v2\/posts\/237295","targetHints":{"allow":["GET"]}}],"collection":[{"href":"http:\/\/www.tvturk.com\/index.php\/wp-json\/wp\/v2\/posts"}],"about":[{"href":"http:\/\/www.tvturk.com\/index.php\/wp-json\/wp\/v2\/types\/post"}],"author":[{"embeddable":true,"href":"http:\/\/www.tvturk.com\/index.php\/wp-json\/wp\/v2\/users\/1"}],"replies":[{"embeddable":true,"href":"http:\/\/www.tvturk.com\/index.php\/wp-json\/wp\/v2\/comments?post=237295"}],"version-history":[{"count":0,"href":"http:\/\/www.tvturk.com\/index.php\/wp-json\/wp\/v2\/posts\/237295\/revisions"}],"wp:featuredmedia":[{"embeddable":true,"href":"http:\/\/www.tvturk.com\/index.php\/wp-json\/wp\/v2\/media\/237296"}],"wp:attachment":[{"href":"http:\/\/www.tvturk.com\/index.php\/wp-json\/wp\/v2\/media?parent=237295"}],"wp:term":[{"taxonomy":"category","embeddable":true,"href":"http:\/\/www.tvturk.com\/index.php\/wp-json\/wp\/v2\/categories?post=237295"},{"taxonomy":"post_tag","embeddable":true,"href":"http:\/\/www.tvturk.com\/index.php\/wp-json\/wp\/v2\/tags?post=237295"}],"curies":[{"name":"wp","href":"https:\/\/api.w.org\/{rel}","templated":true}]}}