{"id":237305,"date":"2019-12-05T09:32:14","date_gmt":"2019-12-05T06:32:14","guid":{"rendered":"http:\/\/www.tvturk.com\/index.php\/ozel-mesleki-yeterlilik-belgesi-sayesinde-is-kazalari-yuzde-25-azaldi\/"},"modified":"2019-12-05T09:32:14","modified_gmt":"2019-12-05T06:32:14","slug":"ozel-mesleki-yeterlilik-belgesi-sayesinde-is-kazalari-yuzde-25-azaldi","status":"publish","type":"post","link":"http:\/\/www.tvturk.com\/index.php\/ozel-mesleki-yeterlilik-belgesi-sayesinde-is-kazalari-yuzde-25-azaldi\/","title":{"rendered":"(\u00d6zel) Mesleki yeterlilik belgesi sayesinde i\u015f kazalar\u0131 y\u00fczde 25 azald\u0131"},"content":{"rendered":"<p>T\u00fcrkiye\u2019de 2015 y\u0131l\u0131ndan beri verilen mesleki yeterlilik belgeleri sayesinde i\u015f kazalar\u0131 y\u00fczde 25 \u00f6nlenirken, devlet te\u015fvikinin 2023 y\u0131l\u0131na kadar uzat\u0131lmas\u0131 bekleniyor.<\/p>\n<p>T\u00fcrkiye\u2019de 2015 y\u0131l\u0131ndan beri mesleki yeterlilik belgesi, akredite kurumlar arac\u0131l\u0131\u011f\u0131 ile veriliyor. Cumhurba\u015fkanl\u0131\u011f\u0131 onay\u0131yla belge almas\u0131 mecburi mesleklerin say\u0131s\u0131 226\u2019ya y\u00fckselirken, bunun 143 tanesi devlet te\u015fviki kapsam\u0131nda yer al\u0131yor. 4 y\u0131l boyunca bu belgeyi 785 bin ki\u015fi al\u0131rken, belgeyi alan \u00e7al\u0131\u015fanlar\u0131n da i\u015f kazas\u0131 oran\u0131nda y\u00fczde 25 azalma g\u00f6r\u00fcld\u00fc.<\/p>\n<p>Belgelendirme Kurulu\u015flar\u0131 Dernek Ba\u015fkan\u0131 Cengizhan Kutlu, \u201cT\u00fcrkiye\u2019de 2015 y\u0131l\u0131ndan bu yana mesleki yeterlilik belgeleri noktas\u0131nda belgeler verilmekte. Mesleki yeterlilik belgesi T\u00fcrk insan\u0131na vas\u0131f kazand\u0131r\u0131yor. Bu belge d\u00fcnyan\u0131n her yerinde \u00e7al\u0131\u015fma imkan\u0131 sa\u011fl\u0131yor. 2015\u2019ten beri 785 bin ki\u015fiye bu belge verildi. \u015eu anda 214 mesleki yeterlilik belgesi veren kurumumuz var. Cumhurba\u015fkanl\u0131\u011f\u0131 onay\u0131yla belge mecburiyeti olan meslekler 226\u2019ya \u00e7\u0131kt\u0131. Bunlar\u0131n 143 tanesi te\u015fvik kapsam\u0131nda i\u015fsizlik fonundan i\u015fverene geri iade ediliyor. 31 Aral\u0131k 2019 tarihinde mesleki yeterlilik belgelerinin te\u015fviki bitiyor. Biz bu te\u015fvikin 2023 y\u0131l\u0131na kadar uzat\u0131lmas\u0131n\u0131 Cumhurba\u015fkan\u0131m\u0131zdan, yetkililerden talep ediyoruz\u201d dedi.<\/p>\n<p>\u201cDevlet te\u015fvikinin 2023\u2019e kadar uzat\u0131lmas\u0131n\u0131 istiyoruz\u201d<\/p>\n<p>Mesleki yeterlilik belgesi alanlarla almayanlar aras\u0131nda i\u015f kazalar\u0131n\u0131n y\u00fczde 25 oran\u0131nda azald\u0131\u011f\u0131n\u0131 vurgulayan Kutlu, \u201cMesleki yeterlilik belgesi olan ki\u015filer, olmayanlara g\u00f6re d\u00f6rtte bir oran\u0131nda i\u015f kazas\u0131n\u0131 daha az yapt\u0131. T\u00fcrkiye\u2019de 100 ki\u015fi i\u015f kazas\u0131nda hayat\u0131n\u0131 kaybediyorsa 25 ki\u015fi hayat\u0131n\u0131 kaybetmedi demek. Bunun i\u00e7in herkes kendi mesle\u011fini yapmas\u0131 gerekiyor. Mesleki yeterlilik belgesini b\u00fct\u00fcn \u00e7al\u0131\u015fanlar\u0131n edinmesi gerekiyor. Bu mesleklerin say\u0131s\u0131n\u0131n 226\u2019tan 400\u2019lere \u00e7\u0131kmas\u0131n\u0131 ve devlet te\u015fvikinin 2023\u2019e kadar uzat\u0131lmas\u0131n\u0131 istiyoruz\u201d diye konu\u015ftu.<\/p>\n<p>\u201cDaha s\u0131k\u0131 denetlenmelidir\u201d<\/p>\n<p>\u201cBuradaki hedeflerimizden bir tanesi de yurt d\u0131\u015f\u0131ndan \u00e7al\u0131\u015fmaya gelenleri kay\u0131t alt\u0131na almakt\u0131r\u201d diyen Kutlu, \u201cMesela Uzak Do\u011fu\u2019dan masaj salonlar\u0131nda, otellerde \u00e7al\u0131\u015fmak i\u00e7in geliyorlar. Bunlar herhangi bir belgelendirmeye bak\u0131lmaks\u0131z\u0131n \u00e7al\u0131\u015fmaya ba\u015fl\u0131yorlar. \u00c7al\u0131\u015fma belgesi d\u00fczenlenmeden mesleki yeterlilik belgesi de al\u0131nmas\u0131 gerekiyor. \u015eu anda 785 bin ki\u015fi bu belgeyi ald\u0131 ama T\u00fcrkiye\u2019de bu say\u0131 \u00e7ok d\u00fc\u015f\u00fck. Aile, \u00c7al\u0131\u015fma ve Sosyal Hizmetler Bakanl\u0131\u011f\u0131m\u0131z\u0131n Tefti\u015f Kurulu Genel M\u00fcd\u00fcrl\u00fc\u011f\u00fcn\u00fcn 2020 y\u0131l\u0131nda yapaca\u011f\u0131 denetimlerde birinci madde olarak mesleki yeterlilik belgesi sorulmas\u0131 ve olmayanlar hakk\u0131nda da cezai i\u015flem yap\u0131lmas\u0131n\u0131 bekliyoruz. 4 y\u0131l boyunca bedelsiz olarak devletimiz bu belgenin almas\u0131nda \u00f6n ayak oldu. Bu belgenin daha fazla ciddiye al\u0131nmas\u0131 ve \u00e7ok say\u0131da ki\u015fiye ula\u015fmas\u0131 i\u00e7in denetimler bekliyoruz\u201d \u015feklinde konu\u015ftu.<\/p>\n","protected":false},"excerpt":{"rendered":"<p>BELGELEND\u0130RME KURULU\u015eLARI DERNEK BA\u015eKANI CENG\u0130ZHAN KUTLU, \u201cT\u00dcRK\u0130YE\u2019DE 2015 YILINDAN BU YANA MESLEK\u0130 YETERL\u0130L\u0130K BELGELER\u0130 NOKTASINDA ZORUNLU BELGELER VER\u0130LMEKTE. MESLEK\u0130 YETERL\u0130L\u0130K BELGES\u0130 T\u00dcRK \u0130NSANINA N\u0130TEL\u0130K KAZANDIRIYOR BU BELGE D\u00dcNYANIN HER YER\u0130NDE \u00c7ALI\u015eMA \u0130MKANI SA\u011eLIYOR. 2015\u2019TEN BER\u0130 785 B\u0130N K\u0130\u015e\u0130YE BU BELGE VER\u0130LD\u0130. \u015eU ANDA 214 MESLEK\u0130 YETERL\u0130L\u0130K BELGES\u0130 VEREN KURUMUMUZ VAR. CUMHURBA\u015eKANLI\u011eI ONAYIYLA ZORUNLU MESLEKLER 226\u2019YA \u00c7IKTI. BUNLARIN 143 TANES\u0130 TE\u015eV\u0130K KAPSAMINDA \u0130\u015eS\u0130ZL\u0130K FONUNDAN \u0130\u015eVERENE GER\u0130 \u0130ADE ED\u0130L\u0130YOR. 31 ARALIK 2019 TAR\u0130H\u0130NDE MESLEK\u0130 YETERL\u0130L\u0130K BELGELER\u0130N\u0130N TE\u015eV\u0130K\u0130 B\u0130T\u0130YOR. B\u0130Z BU TE\u015eV\u0130K\u0130N 2023 YILINA KADAR UZATILMASINI CUMHURBA\u015eKANIMIZDAN, YETK\u0130L\u0130LERDEN TALEP ED\u0130YORUZ\u201d DED\u0130.<\/p>\n","protected":false},"author":1,"featured_media":237306,"comment_status":"closed","ping_status":"open","sticky":false,"template":"","format":"standard","meta":{"jetpack_post_was_ever_published":false,"_jetpack_newsletter_access":"","_jetpack_dont_email_post_to_subs":false,"_jetpack_newsletter_tier_id":0,"_jetpack_memberships_contains_paywalled_content":false,"_jetpack_memberships_contains_paid_content":false,"footnotes":"","jetpack_publicize_message":"","jetpack_publicize_feature_enabled":true,"jetpack_social_post_already_shared":true,"jetpack_social_options":{"image_generator_settings":{"template":"highway","default_image_id":0,"font":"","enabled":false},"version":2}},"categories":[1],"tags":[1073,9703,5235,432,1367,6605,5213,8959,3480],"class_list":["post-237305","post","type-post","status-publish","format-standard","has-post-thumbnail","hentry","category-genel","tag-ozel","tag-azaldi","tag-belgesi","tag-is","tag-kazalari","tag-mesleki","tag-sayesinde","tag-yeterlilik","tag-yuzde"],"jetpack_publicize_connections":[],"jetpack_featured_media_url":"https:\/\/i0.wp.com\/www.tvturk.com\/wp-content\/uploads\/2019\/12\/ozel-mesleki-yeterlilik-belgesi-sayesinde-is-kazalari-yuzde-25-azaldi_85ed909.jpg?fit=1000%2C562","jetpack_sharing_enabled":true,"jetpack_shortlink":"https:\/\/wp.me\/paKIfm-ZJv","_links":{"self":[{"href":"http:\/\/www.tvturk.com\/index.php\/wp-json\/wp\/v2\/posts\/237305","targetHints":{"allow":["GET"]}}],"collection":[{"href":"http:\/\/www.tvturk.com\/index.php\/wp-json\/wp\/v2\/posts"}],"about":[{"href":"http:\/\/www.tvturk.com\/index.php\/wp-json\/wp\/v2\/types\/post"}],"author":[{"embeddable":true,"href":"http:\/\/www.tvturk.com\/index.php\/wp-json\/wp\/v2\/users\/1"}],"replies":[{"embeddable":true,"href":"http:\/\/www.tvturk.com\/index.php\/wp-json\/wp\/v2\/comments?post=237305"}],"version-history":[{"count":0,"href":"http:\/\/www.tvturk.com\/index.php\/wp-json\/wp\/v2\/posts\/237305\/revisions"}],"wp:featuredmedia":[{"embeddable":true,"href":"http:\/\/www.tvturk.com\/index.php\/wp-json\/wp\/v2\/media\/237306"}],"wp:attachment":[{"href":"http:\/\/www.tvturk.com\/index.php\/wp-json\/wp\/v2\/media?parent=237305"}],"wp:term":[{"taxonomy":"category","embeddable":true,"href":"http:\/\/www.tvturk.com\/index.php\/wp-json\/wp\/v2\/categories?post=237305"},{"taxonomy":"post_tag","embeddable":true,"href":"http:\/\/www.tvturk.com\/index.php\/wp-json\/wp\/v2\/tags?post=237305"}],"curies":[{"name":"wp","href":"https:\/\/api.w.org\/{rel}","templated":true}]}}