{"id":237337,"date":"2019-12-05T10:16:35","date_gmt":"2019-12-05T07:16:35","guid":{"rendered":"http:\/\/www.tvturk.com\/index.php\/turk-narenciyesi-ilk-kez-uruguay-pazarina-giriyor\/"},"modified":"2019-12-05T10:16:35","modified_gmt":"2019-12-05T07:16:35","slug":"turk-narenciyesi-ilk-kez-uruguay-pazarina-giriyor","status":"publish","type":"post","link":"http:\/\/www.tvturk.com\/index.php\/turk-narenciyesi-ilk-kez-uruguay-pazarina-giriyor\/","title":{"rendered":"T\u00fcrk narenciyesi ilk kez Uruguay pazar\u0131na giriyor"},"content":{"rendered":"<p>Mersin\u2019de bir firma yap\u0131lan anla\u015fma neticesinde T\u00fcrk narenciyesini ilk kez Uruguay\u2019a ihra\u00e7 ediyor. Latin Amerika \u00fclkesi Uruguay\u2019a g\u00f6nderilecek narenciye \u00fcr\u00fcnlerinin 25 tonu tesislerde \u00f6zenle haz\u0131rlanarak yola \u00e7\u0131kt\u0131. Aral\u0131k ay\u0131 ortas\u0131na kadar toplam 75 ton narenciye \u00fcr\u00fcn\u00fc Uruguay\u2019a ula\u015ft\u0131r\u0131lmak \u00fczere deniz yoluyla yola \u00e7\u0131kacak. \u0130hra\u00e7 edilecek \u00fcr\u00fcnler i\u00e7inde co\u011frafi i\u015faret tescilli Erdemli Lamas limonu ile y\u00f6rede yeti\u015ftirilen greyfurt ve portakal da bulunuyor.<\/p>\n<p>\u0130\u015f adam\u0131 Hasan Bulduk Uruguay\u2019a narenciye ihracat\u0131 yapan ilk firma olman\u0131n gururunu ya\u015fad\u0131klar\u0131n\u0131 s\u00f6yledi.<\/p>\n<p>Firmalar\u0131n\u0131n ya\u015f meyve ve sebze ihracat\u0131 ger\u00e7ekle\u015ftirdi\u011fini belirten Bulduk, &#8220;A\u011f\u0131rl\u0131kl\u0131 olarak ihracat\u0131m\u0131z\u0131 Avrupa\u2019ya yap\u0131yoruz. Ayriyeten Rusya, Ukrayna ve Suudi Arabistan ba\u015fta olmak \u00fczere Arap \u00fclkelerine ihracat yap\u0131yoruz. Uzakdo\u011fu \u00fclkelerine de ihracata ba\u015flam\u0131\u015f bulunmaktay\u0131z. T\u00fcrkiye\u2019de ilk defa Uruguay\u2019a narenciye ihracat\u0131 yapan firma olman\u0131n gururunu ya\u015f\u0131yoruz. Uruguay\u2019a b\u00fct\u00fcn narenciye \u00e7e\u015fitlerini g\u00f6nderiyoruz. Limon, greyfurt, portakal ba\u015fta olmak \u00fczere b\u00fct\u00fcn \u00e7e\u015fitleri g\u00f6nderiyoruz&#8221; dedi.<\/p>\n<p>&#8220;T\u00fcrkiye\u2019nin \u00fcr\u00fcn kalitesi y\u00fcksek&#8221;<\/p>\n<p>\u00dcr\u00fcn kalitesinin olduk\u00e7a y\u00fcksek oldu\u011funu ifade eden Bulduk, &#8220;T\u00fcrkiye\u2019de kalite art\u0131k eskisi gibi de\u011fil, kalite gayet iyi. Geli\u015fmi\u015f \u00fclkelerin \u00fcr\u00fcnleriyle yar\u0131\u015f\u0131r durumday\u0131z. \u0130spanya, Arjantin, M\u0131s\u0131r, bu \u00fclkelerle rahatl\u0131kla yar\u0131\u015fabilecek kalitede \u00fcr\u00fcnler \u00fcretiyoruz. \u00d6n\u00fcm\u00fcz a\u00e7\u0131k, yeter ki h\u00fck\u00fcmetimiz \u00f6n\u00fcm\u00fcz\u00fc a\u00e7s\u0131n, ihracat\u00e7\u0131lar\u0131n \u00f6n\u00fcn\u00fc a\u00e7s\u0131n. Ula\u015famayaca\u011f\u0131m\u0131z hi\u00e7bir nokta kalmayacakt\u0131r&#8221; diye konu\u015ftu.<\/p>\n<p>Hedeflerinde uzak pazarlar\u0131n bulundu\u011funu aktaran Bulduk, &#8220;Uruguay\u2019a daha yeni \u00fcr\u00fcn g\u00f6ndermeye ba\u015flad\u0131k. Daha \u00fcr\u00fcnlerimiz de varmad\u0131. O b\u00f6lgelere, uzak yerlere daha fazla a\u011f\u0131rl\u0131\u011f\u0131m\u0131z\u0131 vermek istiyoruz. \u00c7\u00fcnk\u00fc narenciye sekt\u00f6r\u00fcnde yak\u0131n pazarlar \u00fcr\u00fcn fazlal\u0131\u011f\u0131n\u0131 ta\u015f\u0131yam\u0131yor. \u00d6n\u00fcm\u00fcze art\u0131k hedefimizi koyup, d\u00fcnyaya a\u00e7\u0131lmam\u0131z gerekiyor&#8221; \u015feklinde konu\u015ftu.<\/p>\n<p>Firma taraf\u0131ndan aral\u0131k ay\u0131 ortas\u0131na kadar toplam 75 ton narenciye \u00fcr\u00fcn\u00fc deniz yoluyla Uruguay\u2019a g\u00f6nderilecek.<\/p>\n","protected":false},"excerpt":{"rendered":"<p>MERS\u0130N&#8217;DE B\u0130R F\u0130RMA YAPILAN ANLA\u015eMA NET\u0130CES\u0130NDE T\u00dcRK NARENC\u0130YES\u0130N\u0130 \u0130LK KEZ URUGUAY&#8217;A \u0130HRA\u00c7 ED\u0130YOR.<\/p>\n","protected":false},"author":1,"featured_media":237338,"comment_status":"closed","ping_status":"open","sticky":false,"template":"","format":"standard","meta":{"jetpack_post_was_ever_published":false,"_jetpack_newsletter_access":"","_jetpack_dont_email_post_to_subs":false,"_jetpack_newsletter_tier_id":0,"_jetpack_memberships_contains_paywalled_content":false,"_jetpack_memberships_contains_paid_content":false,"footnotes":"","jetpack_publicize_message":"","jetpack_publicize_feature_enabled":true,"jetpack_social_post_already_shared":true,"jetpack_social_options":{"image_generator_settings":{"template":"highway","default_image_id":0,"font":"","enabled":false},"version":2}},"categories":[19],"tags":[6386,37,1497,59547,11609,957,29942],"class_list":["post-237337","post","type-post","status-publish","format-standard","has-post-thumbnail","hentry","category-ekonomi","tag-giriyor","tag-ilk","tag-kez","tag-narenciyesi","tag-pazarina","tag-turk","tag-uruguay"],"jetpack_publicize_connections":[],"jetpack_featured_media_url":"https:\/\/i0.wp.com\/www.tvturk.com\/wp-content\/uploads\/2019\/12\/turk-narenciyesi-ilk-kez-uruguay-pazarina-giriyor_e4c1d7c.jpg?fit=1000%2C666","jetpack_sharing_enabled":true,"jetpack_shortlink":"https:\/\/wp.me\/paKIfm-ZK1","_links":{"self":[{"href":"http:\/\/www.tvturk.com\/index.php\/wp-json\/wp\/v2\/posts\/237337","targetHints":{"allow":["GET"]}}],"collection":[{"href":"http:\/\/www.tvturk.com\/index.php\/wp-json\/wp\/v2\/posts"}],"about":[{"href":"http:\/\/www.tvturk.com\/index.php\/wp-json\/wp\/v2\/types\/post"}],"author":[{"embeddable":true,"href":"http:\/\/www.tvturk.com\/index.php\/wp-json\/wp\/v2\/users\/1"}],"replies":[{"embeddable":true,"href":"http:\/\/www.tvturk.com\/index.php\/wp-json\/wp\/v2\/comments?post=237337"}],"version-history":[{"count":0,"href":"http:\/\/www.tvturk.com\/index.php\/wp-json\/wp\/v2\/posts\/237337\/revisions"}],"wp:featuredmedia":[{"embeddable":true,"href":"http:\/\/www.tvturk.com\/index.php\/wp-json\/wp\/v2\/media\/237338"}],"wp:attachment":[{"href":"http:\/\/www.tvturk.com\/index.php\/wp-json\/wp\/v2\/media?parent=237337"}],"wp:term":[{"taxonomy":"category","embeddable":true,"href":"http:\/\/www.tvturk.com\/index.php\/wp-json\/wp\/v2\/categories?post=237337"},{"taxonomy":"post_tag","embeddable":true,"href":"http:\/\/www.tvturk.com\/index.php\/wp-json\/wp\/v2\/tags?post=237337"}],"curies":[{"name":"wp","href":"https:\/\/api.w.org\/{rel}","templated":true}]}}