{"id":237347,"date":"2019-12-05T10:31:45","date_gmt":"2019-12-05T07:31:45","guid":{"rendered":"http:\/\/www.tvturk.com\/index.php\/japonlar-pasifik-okyanusunda-genc-bir-volkan-kesfetti\/"},"modified":"2019-12-05T10:31:45","modified_gmt":"2019-12-05T07:31:45","slug":"japonlar-pasifik-okyanusunda-genc-bir-volkan-kesfetti","status":"publish","type":"post","link":"http:\/\/www.tvturk.com\/index.php\/japonlar-pasifik-okyanusunda-genc-bir-volkan-kesfetti\/","title":{"rendered":"Japonlar Pasifik Okyanusu\u2019nda gen\u00e7 bir volkan ke\u015ffetti"},"content":{"rendered":"<p>Japon ara\u015ft\u0131rmac\u0131lar Pasifik Okyanusu\u2019nda yeni bir gen\u00e7 volkan ke\u015ffettiklerini duyurdu.<\/p>\n<p>Japonya\u2019n\u0131n Sendai kentinde bulunan Tohoku \u00dcniversitesinde uzmanlar, Pasifik Okyanusu\u2019nun bat\u0131 k\u0131sm\u0131nda yer alan Minami Torishima Adas\u0131 yak\u0131nlar\u0131nda yeni bir k\u00fc\u00e7\u00fck volkan\u0131 g\u00fcn y\u00fcz\u00fcne \u00e7\u0131kard\u0131. K\u00fc\u00e7\u00fck nokta \u015feklinde olan gen\u00e7 volkan, \u00fcniversitenin Kuzeydo\u011fu Asya Ara\u015ft\u0131rmalar\u0131 Merkezinden Do\u00e7ent Naoto Hirano liderli\u011findeki bir ara\u015ft\u0131rma ekibi taraf\u0131ndan ke\u015ffedildi. Hirano, \u201cBu yeni volkan\u0131n ke\u015ffi bizlere b\u00f6lgeyi daha fazla ke\u015ffetmemiz ve daha da \u00f6nemlisi k\u00fc\u00e7\u00fck volkanlar\u0131 ortaya \u00e7\u0131karmam\u0131z i\u00e7in heyecan verici bir f\u0131rsat sunuyor. Bu bize astenosferin ger\u00e7ek do\u011fas\u0131 hakk\u0131nda daha fazla bilgi verecektir\u201d ifadelerini kulland\u0131. Ara\u015ft\u0131rmac\u0131lar, volkan\u0131n bir k\u00fcmenin par\u00e7as\u0131 olup olmad\u0131\u011f\u0131n\u0131 belirlemek i\u00e7in b\u00f6lgede daha fazla incelemede bulunmay\u0131 planl\u0131yor.<\/p>\n<p>Volkan\u0131n, Pasifik Okyanusu platosunda yer alan Mariana hende\u011fine batmas\u0131ndan 3 milyon y\u0131l \u00f6nce eklendi\u011fine inan\u0131l\u0131yor. Uzmanlara g\u00f6re tektonik platolar\u0131n taban\u0131ndaki \u00e7atlaklardan ortaya \u00e7\u0131kan k\u00fc\u00e7\u00fck-nokta volkanlar\u0131, gen\u00e7 volkanlar olarak tan\u0131mlan\u0131yor.<\/p>\n","protected":false},"excerpt":{"rendered":"<p>JAPON ARA\u015eTIRMACILAR PAS\u0130F\u0130K OKYANUSU&#8217;NDA YEN\u0130 B\u0130R GEN\u00c7 VOLKAN KE\u015eFETT\u0130KLER\u0130N\u0130 DUYURDU.<\/p>\n","protected":false},"author":1,"featured_media":237348,"comment_status":"closed","ping_status":"open","sticky":false,"template":"","format":"standard","meta":{"jetpack_post_was_ever_published":false,"_jetpack_newsletter_access":"","_jetpack_dont_email_post_to_subs":false,"_jetpack_newsletter_tier_id":0,"_jetpack_memberships_contains_paywalled_content":false,"_jetpack_memberships_contains_paid_content":false,"footnotes":"","jetpack_publicize_message":"","jetpack_publicize_feature_enabled":true,"jetpack_social_post_already_shared":true,"jetpack_social_options":{"image_generator_settings":{"template":"highway","default_image_id":0,"font":"","enabled":false},"version":2}},"categories":[10],"tags":[125,803,36531,15387,59551,59550,30506],"class_list":["post-237347","post","type-post","status-publish","format-standard","has-post-thumbnail","hentry","category-dunya","tag-bir","tag-genc","tag-japonlar","tag-kesfetti","tag-okyanusunda","tag-pasifik","tag-volkan"],"jetpack_publicize_connections":[],"jetpack_featured_media_url":"https:\/\/i0.wp.com\/www.tvturk.com\/wp-content\/uploads\/2019\/12\/japonlar-pasifik-okyanusunda-genc-bir-volkan-kesfetti_42f1644.jpg?fit=600%2C400","jetpack_sharing_enabled":true,"jetpack_shortlink":"https:\/\/wp.me\/paKIfm-ZKb","_links":{"self":[{"href":"http:\/\/www.tvturk.com\/index.php\/wp-json\/wp\/v2\/posts\/237347","targetHints":{"allow":["GET"]}}],"collection":[{"href":"http:\/\/www.tvturk.com\/index.php\/wp-json\/wp\/v2\/posts"}],"about":[{"href":"http:\/\/www.tvturk.com\/index.php\/wp-json\/wp\/v2\/types\/post"}],"author":[{"embeddable":true,"href":"http:\/\/www.tvturk.com\/index.php\/wp-json\/wp\/v2\/users\/1"}],"replies":[{"embeddable":true,"href":"http:\/\/www.tvturk.com\/index.php\/wp-json\/wp\/v2\/comments?post=237347"}],"version-history":[{"count":0,"href":"http:\/\/www.tvturk.com\/index.php\/wp-json\/wp\/v2\/posts\/237347\/revisions"}],"wp:featuredmedia":[{"embeddable":true,"href":"http:\/\/www.tvturk.com\/index.php\/wp-json\/wp\/v2\/media\/237348"}],"wp:attachment":[{"href":"http:\/\/www.tvturk.com\/index.php\/wp-json\/wp\/v2\/media?parent=237347"}],"wp:term":[{"taxonomy":"category","embeddable":true,"href":"http:\/\/www.tvturk.com\/index.php\/wp-json\/wp\/v2\/categories?post=237347"},{"taxonomy":"post_tag","embeddable":true,"href":"http:\/\/www.tvturk.com\/index.php\/wp-json\/wp\/v2\/tags?post=237347"}],"curies":[{"name":"wp","href":"https:\/\/api.w.org\/{rel}","templated":true}]}}