{"id":23743,"date":"2019-02-12T10:06:00","date_gmt":"2019-02-12T07:06:00","guid":{"rendered":"http:\/\/www.tvturk.com\/index.php\/denizlide-yakalandi-degerine-paha-bicilemiyor\/"},"modified":"2019-02-12T10:06:09","modified_gmt":"2019-02-12T07:06:09","slug":"denizlide-yakalandi-degerine-paha-bicilemiyor","status":"publish","type":"post","link":"http:\/\/www.tvturk.com\/index.php\/denizlide-yakalandi-degerine-paha-bicilemiyor\/","title":{"rendered":"Denizli\u2019de yakaland\u0131, de\u011ferine paha bi\u00e7ilemiyor"},"content":{"rendered":"<p>Denizli polisi, aralar\u0131nda Hz. \u0130sa\u2019n\u0131n hayat\u0131ndan kesitlerin tasvirlerle anlat\u0131ld\u0131\u011f\u0131 kitab\u0131n da bulundu\u011fu ve bin y\u0131ll\u0131k oldu\u011fu tahmin edilen 4 adet tarihi eser kitab\u0131 sat\u0131lmak \u00fczereyken ele ge\u00e7irdi. Suryani ve Aramice olarak, papir\u00fcs ka\u011f\u0131d\u0131na yaz\u0131lan orijinal kitaplar\u0131n Orta Do\u011fu\u2019dan ka\u00e7\u0131r\u0131ld\u0131\u011f\u0131 tahmin ediliyor. Hristiyan d\u00fcnyas\u0131 i\u00e7in b\u00fcy\u00fck \u00f6neme sahip olan eserlere paha bi\u00e7ilemiyor.<\/p>\n<p>Denizli Emniyet M\u00fcd\u00fcrl\u00fc\u011f\u00fc Ka\u00e7ak\u00e7\u0131l\u0131k ve Organize Su\u00e7larla M\u00fccadele \u015eube M\u00fcd\u00fcrl\u00fc\u011f\u00fc (KOM) ekipleri, kentte tarihi eser ka\u00e7ak\u00e7\u0131l\u0131\u011f\u0131 yap\u0131laca\u011f\u0131 ihbar\u0131 \u00fczerine harekete ge\u00e7ti. \u015e\u00fcpheliler E.Y, A.T, E.\u015e. ve O.\u015e.\u2019nin T\u00fcrkiye\u2019ye yasa d\u0131\u015f\u0131 yollardan tarihi eser getirdi\u011fini ve al\u0131c\u0131 arad\u0131\u011f\u0131n\u0131 tespit eden ekipler, takibe ald\u0131\u011f\u0131 \u015fah\u0131slar\u0131 ka\u00e7\u0131rd\u0131klar\u0131 tarihi eserlerle yakalad\u0131. Operasyonda papir\u00fcs yapra\u011f\u0131 \u00fczerine Suryani ve Aramice dillerinde yaz\u0131lm\u0131\u015f, Hz. \u0130sa\u2019n\u0131n hayat\u0131n\u0131n anlat\u0131ld\u0131\u011f\u0131 resimli tasvirler bulunan 4 tarihi eser kitaba el konuldu.<\/p>\n<p>Saray\u0131n orijinal kitaplar\u0131<\/p>\n<p>Kitaplar, M\u00fcze M\u00fcd\u00fcrl\u00fc\u011f\u00fc ve Pamukkale \u00dcniversitesi (PA\u00dc) Fen Edebiyat Fak\u00fcltesi Arkeoloji B\u00f6l\u00fcm\u00fc \u00d6\u011fretim \u00dcyesi Prof. Dr. Fahriye Bayram taraf\u0131ndan incelendi. Yap\u0131lan incelemede deri ciltli ve erguvan renkli yapraklar\u0131 olan 4 kitaptan ikisinin yakla\u015f\u0131k bin y\u0131ll\u0131k oldu\u011fu de\u011ferlendirildi. \u0130\u00e7erisinde alt\u0131n yald\u0131zl\u0131 i\u015flemeler bulunan kitaplar\u0131n, o d\u00f6nemde saray taraf\u0131ndan talep edilen ve sarayda kullan\u0131lan orijinal kitaplardan oldu\u011fu belirlendi.<\/p>\n<p>Di\u011fer kitaplarda ise resimli tasvirlerin yer ald\u0131\u011f\u0131 g\u00f6r\u00fcl\u00fcrken bu tefsirlerde Hz. \u0130sa\u2019n\u0131n do\u011fumundan \u00f6l\u00fcm\u00fcne kadar hayat\u0131ndan kesitlerin ele al\u0131nd\u0131\u011f\u0131 belirlendi. Kitaplarda resimli tasvirlerde, Hz. \u0130sa\u2019n\u0131n Meryem Ana\u2019ya m\u00fcjdeleni\u015fi, Hz. \u0130sa ile Meryem Ana\u2019n\u0131n bulu\u015fma fig\u00fcr\u00fc, Hz. \u0130sa\u2019n\u0131n aran\u0131\u015f\u0131 ve ard\u0131ndan \u00fc\u00e7 m\u00fcneccimler taraf\u0131ndan bulunu\u015fu, Hz. \u0130sa\u2019n\u0131n M\u0131s\u0131r\u2019a ka\u00e7\u0131\u015f\u0131n\u0131n yer ald\u0131\u011f\u0131 tespit edildi.<\/p>\n<p>Kitaplarda bur\u00e7lar da anlat\u0131l\u0131yor<\/p>\n<p>Yine bir di\u011fer kitab\u0131n ise d\u00fcnyay\u0131 \u00e7eviren bur\u00e7lar ve Orta Asya T\u00fcrkleri\u2019nden Ejder burcu gibi bur\u00e7lar\u0131n genelini ve hayat a\u011fac\u0131, \u00e7ift ba\u015fl\u0131 kartal, \u00f6len ki\u015filerin ruhlar\u0131 ile ilgili konular\u0131 ele ald\u0131\u011f\u0131 tespit edildi. Kitaplar\u0131n muhtemelen Suryani ve Aramice dillerinde yaz\u0131lm\u0131\u015f olduklar\u0131 ve d\u00f6nem, \u00e7a\u011f ile i\u00e7erik y\u00f6n\u00fcnden ayr\u0131nt\u0131l\u0131 olarak incelenmesi gerekti\u011fi bildirildi. Hristiyan d\u00fcnyas\u0131n\u0131 yak\u0131ndan ilgilendiren ve b\u00fcy\u00fck \u00f6neme sahip olan eserlerin, de\u011ferine paha bi\u00e7ilemedi\u011fi bildirildi.<\/p>\n<p>&#8220;Shakespeare\u2019nin Hz. \u0130sa\u2019y\u0131 anlatt\u0131\u011f\u0131 eseri tasvir edilmi\u015f&#8221;<\/p>\n<p>Kitaplar\u0131 inceleyen PA\u00dc Fen Edebiyat Fak\u00fcltesi Arkeoloji B\u00f6l\u00fcm\u00fc \u00d6\u011fretim \u00dcyesi Prof. Dr. Fahriye Bayram, kitaplar\u0131n tarihinin yakla\u015f\u0131k bin y\u0131ll\u0131k olabilece\u011fini s\u00f6yledi. Resimli kitaplardan birinin Shakespeare\u2019nin Hz. \u0130sa\u2019y\u0131 anlatt\u0131\u011f\u0131 bir eserinin tasviri oldu\u011funu aktaran Bayram, kitab\u0131 inceledi\u011finde Hr\u0131stiyanl\u0131k ve Hz. \u0130sa ile ilgili sahnelerin tasvir edildi\u011fini ifade ederek, &#8220;Hz. \u0130sa\u2019n\u0131n annesi Meryem\u2019e m\u00fcjdelenmesi, \u00dc\u00e7 M\u00fcneccim\u2019lerin y\u0131ld\u0131z\u0131 g\u00f6r\u00fcp Hz. \u0130sa\u2019y\u0131 bulmalar\u0131 ve daha sonra m\u0131s\u0131ra ka\u00e7\u0131\u015fla ilgili sahneler vard\u0131. Di\u011fer kitab\u0131n i\u00e7inde ise daha \u00e7ok bur\u00e7 sembolleri tespit edebildik&#8221; dedi.<\/p>\n<p>&#8220;Orta Do\u011fu\u2019dan ka\u00e7\u0131r\u0131lm\u0131\u015f&#8221;<\/p>\n<p>Prof. Dr. Bayram, kitaplar\u0131n Suriye\u2019deki m\u00fczelerden ka\u00e7\u0131r\u0131lm\u0131\u015f olabilece\u011fini ifade ederek, &#8220;Kitaplar\u0131n \u00fczerinde kay\u0131t yoktu. Baz\u0131 b\u00f6l\u00fcmler kesilmi\u015fti, m\u00fczeye ait envarter numaralar\u0131 oldu\u011fu i\u00e7in kesilmi\u015f olabilir, ondan emin de\u011filim. Son y\u0131llarda Suriye\u2019den m\u00fczelerden \u00e7ok say\u0131da eser ka\u00e7\u0131r\u0131ld\u0131. \u00d6zellikle T\u00fcrkiye\u2019de \u00e7ok say\u0131da el yazmalar\u0131 ele ge\u00e7iriliyor. Bu nedenle o b\u00f6lgeye ait olabilir. Sadece yaz\u0131lardan olu\u015fan kitaplar da Aramice yaz\u0131lm\u0131\u015f ve dolay\u0131s\u0131yla o b\u00f6lgeye ait&#8221; diye konu\u015ftu.<\/p>\n<p>&#8220;\u00c7\u00f6pten bulduk&#8221; dediler, tutukland\u0131lar<\/p>\n<p>\u00d6te yandan g\u00f6zalt\u0131na al\u0131nan \u015f\u00fcphelilerin sorguda, tarihi eserleri \u00e7\u00f6pten bulduklar\u0131n\u0131 iddia ettikleri bildirildi. Emniyetteki i\u015flemlerinin ard\u0131ndan adliyeye sevk edilerek hakim kar\u015f\u0131s\u0131na \u00e7\u0131kar\u0131lan \u015f\u00fcphelilerden 4\u2019\u00fc de tutuklanarak cezaevine g\u00f6nderildi.<div class=\"tiled-gallery type-rectangular tiled-gallery-unresized\" data-original-width=\"500\" data-carousel-extra='null' itemscope itemtype=\"http:\/\/schema.org\/ImageGallery\" > <div class=\"gallery-row\" style=\"width: 500px; height: 251px;\" data-original-width=\"500\" data-original-height=\"251\" > <div class=\"gallery-group images-1\" style=\"width: 334px; height: 251px;\" data-original-width=\"334\" data-original-height=\"251\" > <div class=\"tiled-gallery-item tiled-gallery-item-large\" itemprop=\"associatedMedia\" itemscope itemtype=\"http:\/\/schema.org\/ImageObject\"> <a href=\"http:\/\/www.tvturk.com\/index.php\/denizlide-yakalandi-degerine-paha-bicilemiyor\/denizlide-yakalandi-degerine-paha-bicilemiyor-3\/\" border=\"0\" itemprop=\"url\"> <meta itemprop=\"width\" content=\"330\"> <meta itemprop=\"height\" content=\"247\"> <img decoding=\"async\" class=\"\" data-attachment-id=\"23745\" data-orig-file=\"http:\/\/www.tvturk.com\/wp-content\/uploads\/2019\/02\/denizlide-yakalandi-degerine-paha-bicilemiyor_cd308f1.jpg\" data-orig-size=\"1000,750\" data-comments-opened=\"\" data-image-meta=\"{&quot;aperture&quot;:&quot;0&quot;,&quot;credit&quot;:&quot;IHA&quot;,&quot;camera&quot;:&quot;&quot;,&quot;caption&quot;:&quot;DEN\\u0130ZL\\u0130 POL\\u0130S\\u0130, ARALARINDA HZ. \\u0130SA\\u2019NIN HAYATININ ANLATILDI\\u011eI VE BUR\\u00c7 YORUMLARININ BULUNDU\\u011eU YAKLA\\u015eIK B\\u0130N YILLIK OLDU\\u011eU TAHM\\u0130N ED\\u0130LEN 4 ADET TAR\\u0130H\\u0130 ESER\\u0130 SATILMAK \\u00dcZEREYKEN ELE GE\\u00c7\\u0130RD\\u0130. SURYAN\\u0130 VE ARAM\\u0130CE PAP\\u0130R\\u00dcS KA\\u011eIDINA YAZILAN VE RES\\u0130ML\\u0130 TASV\\u0130RLER BULUNAN OR\\u0130J\\u0130NAL K\\u0130TAPLARIN ORTADO\\u011eU\\u2019DAN KA\\u00c7IRILDI\\u011eI TAHM\\u0130N ED\\u0130L\\u0130YOR. (AL\\u0130 \\u0130B\\u0130LEME - OSMAN BA\\u015ePINAR\\\/DEN\\u0130ZL\\u0130-\\u0130HA)&quot;,&quot;created_timestamp&quot;:&quot;0&quot;,&quot;copyright&quot;:&quot;\\u0130HLAS HABER AJANSI, www.iha.com.tr&quot;,&quot;focal_length&quot;:&quot;0&quot;,&quot;iso&quot;:&quot;0&quot;,&quot;shutter_speed&quot;:&quot;0&quot;,&quot;title&quot;:&quot;HZ. \\u0130SA\\u2019NIN HAYATINI ANLATAN B\\u0130N YILLIK TASV\\u0130RL\\u0130 K\\u0130TAPLAR DEN\\u0130ZL\\u0130\\u2019DE YAKALANDI ESERLERE PAHA B\\u0130\\u00c7\\u0130LEM\\u0130YOR TUTUKLANAN 4 \\u015e\\u00dcPHEL\\u0130 K\\u0130TAPLARI \\u0027\\u00c7\\u00d6PTEN\\u0027 BULDUKLARINI \\u00d6NE S\\u00dcRD\\u00dc SURYAN\\u0130 VE ARAM\\u0130CE YAZILAN K\\u0130TAPLARIN ORTA DO\\u011eU\\u2019DAN KA\\u00c7IRILDI\\u011eI TAHM\\u0130N ED\\u0130L\\u0130YOR&quot;,&quot;orientation&quot;:&quot;0&quot;}\" data-image-title=\"Denizli\u2019de yakaland\u0131, de\u011ferine paha bi\u00e7ilemiyor\" data-image-description=\"&lt;p&gt;Denizli\u2019de yakaland\u0131, de\u011ferine paha bi\u00e7ilemiyor&lt;\/p&gt; \" data-medium-file=\"https:\/\/i0.wp.com\/www.tvturk.com\/wp-content\/uploads\/2019\/02\/denizlide-yakalandi-degerine-paha-bicilemiyor_cd308f1.jpg?fit=300%2C225\" data-large-file=\"https:\/\/i0.wp.com\/www.tvturk.com\/wp-content\/uploads\/2019\/02\/denizlide-yakalandi-degerine-paha-bicilemiyor_cd308f1.jpg?fit=1000%2C750\" src=\"https:\/\/i0.wp.com\/www.tvturk.com\/wp-content\/uploads\/2019\/02\/denizlide-yakalandi-degerine-paha-bicilemiyor_cd308f1.jpg?w=330&#038;h=247\" srcset=\"https:\/\/i0.wp.com\/www.tvturk.com\/wp-content\/uploads\/2019\/02\/denizlide-yakalandi-degerine-paha-bicilemiyor_cd308f1.jpg?w=1000 1000w, https:\/\/i0.wp.com\/www.tvturk.com\/wp-content\/uploads\/2019\/02\/denizlide-yakalandi-degerine-paha-bicilemiyor_cd308f1.jpg?resize=150%2C113 150w, https:\/\/i0.wp.com\/www.tvturk.com\/wp-content\/uploads\/2019\/02\/denizlide-yakalandi-degerine-paha-bicilemiyor_cd308f1.jpg?resize=300%2C225 300w, https:\/\/i0.wp.com\/www.tvturk.com\/wp-content\/uploads\/2019\/02\/denizlide-yakalandi-degerine-paha-bicilemiyor_cd308f1.jpg?resize=768%2C576 768w\" width=\"330\" height=\"247\" loading=\"lazy\" data-original-width=\"330\" data-original-height=\"247\" itemprop=\"http:\/\/schema.org\/image\" title=\"Denizli\u2019de yakaland\u0131, de\u011ferine paha bi\u00e7ilemiyor\" alt=\"Denizli\u2019de yakaland\u0131, de\u011ferine paha bi\u00e7ilemiyor\" style=\"width: 330px; height: 247px;\" \/> <\/a> <\/div> <\/div> <!-- close group --> <div class=\"gallery-group images-2\" style=\"width: 166px; height: 251px;\" data-original-width=\"166\" data-original-height=\"251\" > <div class=\"tiled-gallery-item tiled-gallery-item-small\" itemprop=\"associatedMedia\" itemscope itemtype=\"http:\/\/schema.org\/ImageObject\"> <a href=\"http:\/\/www.tvturk.com\/index.php\/denizlide-yakalandi-degerine-paha-bicilemiyor\/denizlide-yakalandi-degerine-paha-bicilemiyor-4\/\" border=\"0\" itemprop=\"url\"> <meta itemprop=\"width\" content=\"162\"> <meta itemprop=\"height\" content=\"122\"> <img decoding=\"async\" class=\"\" data-attachment-id=\"23746\" data-orig-file=\"http:\/\/www.tvturk.com\/wp-content\/uploads\/2019\/02\/denizlide-yakalandi-degerine-paha-bicilemiyor_3626b87.jpg\" data-orig-size=\"1000,750\" data-comments-opened=\"\" data-image-meta=\"{&quot;aperture&quot;:&quot;0&quot;,&quot;credit&quot;:&quot;IHA&quot;,&quot;camera&quot;:&quot;&quot;,&quot;caption&quot;:&quot;DEN\\u0130ZL\\u0130 POL\\u0130S\\u0130, ARALARINDA HZ. \\u0130SA\\u2019NIN HAYATININ ANLATILDI\\u011eI VE BUR\\u00c7 YORUMLARININ BULUNDU\\u011eU YAKLA\\u015eIK B\\u0130N YILLIK OLDU\\u011eU TAHM\\u0130N ED\\u0130LEN 4 ADET TAR\\u0130H\\u0130 ESER\\u0130 SATILMAK \\u00dcZEREYKEN ELE GE\\u00c7\\u0130RD\\u0130. SURYAN\\u0130 VE ARAM\\u0130CE PAP\\u0130R\\u00dcS KA\\u011eIDINA YAZILAN VE RES\\u0130ML\\u0130 TASV\\u0130RLER BULUNAN OR\\u0130J\\u0130NAL K\\u0130TAPLARIN ORTADO\\u011eU\\u2019DAN KA\\u00c7IRILDI\\u011eI TAHM\\u0130N ED\\u0130L\\u0130YOR. (AL\\u0130 \\u0130B\\u0130LEME - OSMAN BA\\u015ePINAR\\\/DEN\\u0130ZL\\u0130-\\u0130HA)&quot;,&quot;created_timestamp&quot;:&quot;0&quot;,&quot;copyright&quot;:&quot;\\u0130HLAS HABER AJANSI, www.iha.com.tr&quot;,&quot;focal_length&quot;:&quot;0&quot;,&quot;iso&quot;:&quot;0&quot;,&quot;shutter_speed&quot;:&quot;0&quot;,&quot;title&quot;:&quot;HZ. \\u0130SA\\u2019NIN HAYATINI ANLATAN B\\u0130N YILLIK TASV\\u0130RL\\u0130 K\\u0130TAPLAR DEN\\u0130ZL\\u0130\\u2019DE YAKALANDI ESERLERE PAHA B\\u0130\\u00c7\\u0130LEM\\u0130YOR TUTUKLANAN 4 \\u015e\\u00dcPHEL\\u0130 K\\u0130TAPLARI \\u0027\\u00c7\\u00d6PTEN\\u0027 BULDUKLARINI \\u00d6NE S\\u00dcRD\\u00dc SURYAN\\u0130 VE ARAM\\u0130CE YAZILAN K\\u0130TAPLARIN ORTA DO\\u011eU\\u2019DAN KA\\u00c7IRILDI\\u011eI TAHM\\u0130N ED\\u0130L\\u0130YOR&quot;,&quot;orientation&quot;:&quot;0&quot;}\" data-image-title=\"Denizli\u2019de yakaland\u0131, de\u011ferine paha bi\u00e7ilemiyor\" data-image-description=\"&lt;p&gt;Denizli\u2019de yakaland\u0131, de\u011ferine paha bi\u00e7ilemiyor&lt;\/p&gt; \" data-medium-file=\"https:\/\/i0.wp.com\/www.tvturk.com\/wp-content\/uploads\/2019\/02\/denizlide-yakalandi-degerine-paha-bicilemiyor_3626b87.jpg?fit=300%2C225\" data-large-file=\"https:\/\/i0.wp.com\/www.tvturk.com\/wp-content\/uploads\/2019\/02\/denizlide-yakalandi-degerine-paha-bicilemiyor_3626b87.jpg?fit=1000%2C750\" src=\"https:\/\/i0.wp.com\/www.tvturk.com\/wp-content\/uploads\/2019\/02\/denizlide-yakalandi-degerine-paha-bicilemiyor_3626b87.jpg?w=162&#038;h=122\" srcset=\"https:\/\/i0.wp.com\/www.tvturk.com\/wp-content\/uploads\/2019\/02\/denizlide-yakalandi-degerine-paha-bicilemiyor_3626b87.jpg?w=1000 1000w, https:\/\/i0.wp.com\/www.tvturk.com\/wp-content\/uploads\/2019\/02\/denizlide-yakalandi-degerine-paha-bicilemiyor_3626b87.jpg?resize=150%2C113 150w, https:\/\/i0.wp.com\/www.tvturk.com\/wp-content\/uploads\/2019\/02\/denizlide-yakalandi-degerine-paha-bicilemiyor_3626b87.jpg?resize=300%2C225 300w, https:\/\/i0.wp.com\/www.tvturk.com\/wp-content\/uploads\/2019\/02\/denizlide-yakalandi-degerine-paha-bicilemiyor_3626b87.jpg?resize=768%2C576 768w\" width=\"162\" height=\"122\" loading=\"lazy\" data-original-width=\"162\" data-original-height=\"122\" itemprop=\"http:\/\/schema.org\/image\" title=\"Denizli\u2019de yakaland\u0131, de\u011ferine paha bi\u00e7ilemiyor\" alt=\"Denizli\u2019de yakaland\u0131, de\u011ferine paha bi\u00e7ilemiyor\" style=\"width: 162px; height: 122px;\" \/> <\/a> <\/div> <div class=\"tiled-gallery-item tiled-gallery-item-small\" itemprop=\"associatedMedia\" itemscope itemtype=\"http:\/\/schema.org\/ImageObject\"> <a href=\"http:\/\/www.tvturk.com\/index.php\/denizlide-yakalandi-degerine-paha-bicilemiyor\/denizlide-yakalandi-degerine-paha-bicilemiyor-5\/\" border=\"0\" itemprop=\"url\"> <meta itemprop=\"width\" content=\"162\"> <meta itemprop=\"height\" content=\"121\"> <img decoding=\"async\" class=\"\" data-attachment-id=\"23747\" data-orig-file=\"http:\/\/www.tvturk.com\/wp-content\/uploads\/2019\/02\/denizlide-yakalandi-degerine-paha-bicilemiyor_1bd66cc.jpg\" data-orig-size=\"1000,750\" data-comments-opened=\"\" data-image-meta=\"{&quot;aperture&quot;:&quot;0&quot;,&quot;credit&quot;:&quot;IHA&quot;,&quot;camera&quot;:&quot;&quot;,&quot;caption&quot;:&quot;DEN\\u0130ZL\\u0130 POL\\u0130S\\u0130, ARALARINDA HZ. \\u0130SA\\u2019NIN HAYATININ ANLATILDI\\u011eI VE BUR\\u00c7 YORUMLARININ BULUNDU\\u011eU YAKLA\\u015eIK B\\u0130N YILLIK OLDU\\u011eU TAHM\\u0130N ED\\u0130LEN 4 ADET TAR\\u0130H\\u0130 ESER\\u0130 SATILMAK \\u00dcZEREYKEN ELE GE\\u00c7\\u0130RD\\u0130. SURYAN\\u0130 VE ARAM\\u0130CE PAP\\u0130R\\u00dcS KA\\u011eIDINA YAZILAN VE RES\\u0130ML\\u0130 TASV\\u0130RLER BULUNAN OR\\u0130J\\u0130NAL K\\u0130TAPLARIN ORTADO\\u011eU\\u2019DAN KA\\u00c7IRILDI\\u011eI TAHM\\u0130N ED\\u0130L\\u0130YOR. (AL\\u0130 \\u0130B\\u0130LEME - OSMAN BA\\u015ePINAR\\\/DEN\\u0130ZL\\u0130-\\u0130HA)&quot;,&quot;created_timestamp&quot;:&quot;0&quot;,&quot;copyright&quot;:&quot;\\u0130HLAS HABER AJANSI, www.iha.com.tr&quot;,&quot;focal_length&quot;:&quot;0&quot;,&quot;iso&quot;:&quot;0&quot;,&quot;shutter_speed&quot;:&quot;0&quot;,&quot;title&quot;:&quot;HZ. \\u0130SA\\u2019NIN HAYATINI ANLATAN B\\u0130N YILLIK TASV\\u0130RL\\u0130 K\\u0130TAPLAR DEN\\u0130ZL\\u0130\\u2019DE YAKALANDI ESERLERE PAHA B\\u0130\\u00c7\\u0130LEM\\u0130YOR TUTUKLANAN 4 \\u015e\\u00dcPHEL\\u0130 K\\u0130TAPLARI \\u0027\\u00c7\\u00d6PTEN\\u0027 BULDUKLARINI \\u00d6NE S\\u00dcRD\\u00dc SURYAN\\u0130 VE ARAM\\u0130CE YAZILAN K\\u0130TAPLARIN ORTA DO\\u011eU\\u2019DAN KA\\u00c7IRILDI\\u011eI TAHM\\u0130N ED\\u0130L\\u0130YOR&quot;,&quot;orientation&quot;:&quot;0&quot;}\" data-image-title=\"Denizli\u2019de yakaland\u0131, de\u011ferine paha bi\u00e7ilemiyor\" data-image-description=\"&lt;p&gt;Denizli\u2019de yakaland\u0131, de\u011ferine paha bi\u00e7ilemiyor&lt;\/p&gt; \" data-medium-file=\"https:\/\/i0.wp.com\/www.tvturk.com\/wp-content\/uploads\/2019\/02\/denizlide-yakalandi-degerine-paha-bicilemiyor_1bd66cc.jpg?fit=300%2C225\" data-large-file=\"https:\/\/i0.wp.com\/www.tvturk.com\/wp-content\/uploads\/2019\/02\/denizlide-yakalandi-degerine-paha-bicilemiyor_1bd66cc.jpg?fit=1000%2C750\" src=\"https:\/\/i0.wp.com\/www.tvturk.com\/wp-content\/uploads\/2019\/02\/denizlide-yakalandi-degerine-paha-bicilemiyor_1bd66cc.jpg?w=162&#038;h=121\" srcset=\"https:\/\/i0.wp.com\/www.tvturk.com\/wp-content\/uploads\/2019\/02\/denizlide-yakalandi-degerine-paha-bicilemiyor_1bd66cc.jpg?w=1000 1000w, https:\/\/i0.wp.com\/www.tvturk.com\/wp-content\/uploads\/2019\/02\/denizlide-yakalandi-degerine-paha-bicilemiyor_1bd66cc.jpg?resize=150%2C113 150w, https:\/\/i0.wp.com\/www.tvturk.com\/wp-content\/uploads\/2019\/02\/denizlide-yakalandi-degerine-paha-bicilemiyor_1bd66cc.jpg?resize=300%2C225 300w, https:\/\/i0.wp.com\/www.tvturk.com\/wp-content\/uploads\/2019\/02\/denizlide-yakalandi-degerine-paha-bicilemiyor_1bd66cc.jpg?resize=768%2C576 768w\" width=\"162\" height=\"121\" loading=\"lazy\" data-original-width=\"162\" data-original-height=\"121\" itemprop=\"http:\/\/schema.org\/image\" title=\"Denizli\u2019de yakaland\u0131, de\u011ferine paha bi\u00e7ilemiyor\" alt=\"Denizli\u2019de yakaland\u0131, de\u011ferine paha bi\u00e7ilemiyor\" style=\"width: 162px; height: 121px;\" \/> <\/a> <\/div> <\/div> <!-- close group --> <\/div> <!-- close row --> <div class=\"gallery-row\" style=\"width: 500px; height: 126px;\" data-original-width=\"500\" data-original-height=\"126\" > <div class=\"gallery-group images-1\" style=\"width: 167px; height: 126px;\" data-original-width=\"167\" data-original-height=\"126\" > <div class=\"tiled-gallery-item tiled-gallery-item-small\" itemprop=\"associatedMedia\" itemscope itemtype=\"http:\/\/schema.org\/ImageObject\"> <a href=\"http:\/\/www.tvturk.com\/index.php\/denizlide-yakalandi-degerine-paha-bicilemiyor\/denizlide-yakalandi-degerine-paha-bicilemiyor-6\/\" border=\"0\" itemprop=\"url\"> <meta itemprop=\"width\" content=\"163\"> <meta itemprop=\"height\" content=\"122\"> <img decoding=\"async\" class=\"\" data-attachment-id=\"23748\" data-orig-file=\"http:\/\/www.tvturk.com\/wp-content\/uploads\/2019\/02\/denizlide-yakalandi-degerine-paha-bicilemiyor_1f5191c.jpg\" data-orig-size=\"1000,750\" data-comments-opened=\"\" data-image-meta=\"{&quot;aperture&quot;:&quot;0&quot;,&quot;credit&quot;:&quot;IHA&quot;,&quot;camera&quot;:&quot;&quot;,&quot;caption&quot;:&quot;DEN\\u0130ZL\\u0130 POL\\u0130S\\u0130, ARALARINDA HZ. \\u0130SA\\u2019NIN HAYATININ ANLATILDI\\u011eI VE BUR\\u00c7 YORUMLARININ BULUNDU\\u011eU YAKLA\\u015eIK B\\u0130N YILLIK OLDU\\u011eU TAHM\\u0130N ED\\u0130LEN 4 ADET TAR\\u0130H\\u0130 ESER\\u0130 SATILMAK \\u00dcZEREYKEN ELE GE\\u00c7\\u0130RD\\u0130. SURYAN\\u0130 VE ARAM\\u0130CE PAP\\u0130R\\u00dcS KA\\u011eIDINA YAZILAN VE RES\\u0130ML\\u0130 TASV\\u0130RLER BULUNAN OR\\u0130J\\u0130NAL K\\u0130TAPLARIN ORTADO\\u011eU\\u2019DAN KA\\u00c7IRILDI\\u011eI TAHM\\u0130N ED\\u0130L\\u0130YOR. (AL\\u0130 \\u0130B\\u0130LEME - OSMAN BA\\u015ePINAR\\\/DEN\\u0130ZL\\u0130-\\u0130HA)&quot;,&quot;created_timestamp&quot;:&quot;0&quot;,&quot;copyright&quot;:&quot;\\u0130HLAS HABER AJANSI, www.iha.com.tr&quot;,&quot;focal_length&quot;:&quot;0&quot;,&quot;iso&quot;:&quot;0&quot;,&quot;shutter_speed&quot;:&quot;0&quot;,&quot;title&quot;:&quot;HZ. \\u0130SA\\u2019NIN HAYATINI ANLATAN B\\u0130N YILLIK TASV\\u0130RL\\u0130 K\\u0130TAPLAR DEN\\u0130ZL\\u0130\\u2019DE YAKALANDI ESERLERE PAHA B\\u0130\\u00c7\\u0130LEM\\u0130YOR TUTUKLANAN 4 \\u015e\\u00dcPHEL\\u0130 K\\u0130TAPLARI \\u0027\\u00c7\\u00d6PTEN\\u0027 BULDUKLARINI \\u00d6NE S\\u00dcRD\\u00dc SURYAN\\u0130 VE ARAM\\u0130CE YAZILAN K\\u0130TAPLARIN ORTA DO\\u011eU\\u2019DAN KA\\u00c7IRILDI\\u011eI TAHM\\u0130N ED\\u0130L\\u0130YOR&quot;,&quot;orientation&quot;:&quot;0&quot;}\" data-image-title=\"Denizli\u2019de yakaland\u0131, de\u011ferine paha bi\u00e7ilemiyor\" data-image-description=\"&lt;p&gt;Denizli\u2019de yakaland\u0131, de\u011ferine paha bi\u00e7ilemiyor&lt;\/p&gt; \" data-medium-file=\"https:\/\/i0.wp.com\/www.tvturk.com\/wp-content\/uploads\/2019\/02\/denizlide-yakalandi-degerine-paha-bicilemiyor_1f5191c.jpg?fit=300%2C225\" data-large-file=\"https:\/\/i0.wp.com\/www.tvturk.com\/wp-content\/uploads\/2019\/02\/denizlide-yakalandi-degerine-paha-bicilemiyor_1f5191c.jpg?fit=1000%2C750\" src=\"https:\/\/i0.wp.com\/www.tvturk.com\/wp-content\/uploads\/2019\/02\/denizlide-yakalandi-degerine-paha-bicilemiyor_1f5191c.jpg?w=163&#038;h=122\" srcset=\"https:\/\/i0.wp.com\/www.tvturk.com\/wp-content\/uploads\/2019\/02\/denizlide-yakalandi-degerine-paha-bicilemiyor_1f5191c.jpg?w=1000 1000w, https:\/\/i0.wp.com\/www.tvturk.com\/wp-content\/uploads\/2019\/02\/denizlide-yakalandi-degerine-paha-bicilemiyor_1f5191c.jpg?resize=150%2C113 150w, https:\/\/i0.wp.com\/www.tvturk.com\/wp-content\/uploads\/2019\/02\/denizlide-yakalandi-degerine-paha-bicilemiyor_1f5191c.jpg?resize=300%2C225 300w, https:\/\/i0.wp.com\/www.tvturk.com\/wp-content\/uploads\/2019\/02\/denizlide-yakalandi-degerine-paha-bicilemiyor_1f5191c.jpg?resize=768%2C576 768w\" width=\"163\" height=\"122\" loading=\"lazy\" data-original-width=\"163\" data-original-height=\"122\" itemprop=\"http:\/\/schema.org\/image\" title=\"Denizli\u2019de yakaland\u0131, de\u011ferine paha bi\u00e7ilemiyor\" alt=\"Denizli\u2019de yakaland\u0131, de\u011ferine paha bi\u00e7ilemiyor\" style=\"width: 163px; height: 122px;\" \/> <\/a> <\/div> <\/div> <!-- close group --> <div class=\"gallery-group images-1\" style=\"width: 167px; height: 126px;\" data-original-width=\"167\" data-original-height=\"126\" > <div class=\"tiled-gallery-item tiled-gallery-item-small\" itemprop=\"associatedMedia\" itemscope itemtype=\"http:\/\/schema.org\/ImageObject\"> <a href=\"http:\/\/www.tvturk.com\/index.php\/denizlide-yakalandi-degerine-paha-bicilemiyor\/denizlide-yakalandi-degerine-paha-bicilemiyor-7\/\" border=\"0\" itemprop=\"url\"> <meta itemprop=\"width\" content=\"163\"> <meta itemprop=\"height\" content=\"122\"> <img decoding=\"async\" class=\"\" data-attachment-id=\"23749\" data-orig-file=\"http:\/\/www.tvturk.com\/wp-content\/uploads\/2019\/02\/denizlide-yakalandi-degerine-paha-bicilemiyor_066df37.jpg\" data-orig-size=\"1000,750\" data-comments-opened=\"\" data-image-meta=\"{&quot;aperture&quot;:&quot;0&quot;,&quot;credit&quot;:&quot;IHA&quot;,&quot;camera&quot;:&quot;&quot;,&quot;caption&quot;:&quot;DEN\\u0130ZL\\u0130 POL\\u0130S\\u0130, ARALARINDA HZ. \\u0130SA\\u2019NIN HAYATININ ANLATILDI\\u011eI VE BUR\\u00c7 YORUMLARININ BULUNDU\\u011eU YAKLA\\u015eIK B\\u0130N YILLIK OLDU\\u011eU TAHM\\u0130N ED\\u0130LEN 4 ADET TAR\\u0130H\\u0130 ESER\\u0130 SATILMAK \\u00dcZEREYKEN ELE GE\\u00c7\\u0130RD\\u0130. SURYAN\\u0130 VE ARAM\\u0130CE PAP\\u0130R\\u00dcS KA\\u011eIDINA YAZILAN VE RES\\u0130ML\\u0130 TASV\\u0130RLER BULUNAN OR\\u0130J\\u0130NAL K\\u0130TAPLARIN ORTADO\\u011eU\\u2019DAN KA\\u00c7IRILDI\\u011eI TAHM\\u0130N ED\\u0130L\\u0130YOR. (AL\\u0130 \\u0130B\\u0130LEME - OSMAN BA\\u015ePINAR\\\/DEN\\u0130ZL\\u0130-\\u0130HA)&quot;,&quot;created_timestamp&quot;:&quot;0&quot;,&quot;copyright&quot;:&quot;\\u0130HLAS HABER AJANSI, www.iha.com.tr&quot;,&quot;focal_length&quot;:&quot;0&quot;,&quot;iso&quot;:&quot;0&quot;,&quot;shutter_speed&quot;:&quot;0&quot;,&quot;title&quot;:&quot;HZ. \\u0130SA\\u2019NIN HAYATINI ANLATAN B\\u0130N YILLIK TASV\\u0130RL\\u0130 K\\u0130TAPLAR DEN\\u0130ZL\\u0130\\u2019DE YAKALANDI ESERLERE PAHA B\\u0130\\u00c7\\u0130LEM\\u0130YOR TUTUKLANAN 4 \\u015e\\u00dcPHEL\\u0130 K\\u0130TAPLARI \\u0027\\u00c7\\u00d6PTEN\\u0027 BULDUKLARINI \\u00d6NE S\\u00dcRD\\u00dc SURYAN\\u0130 VE ARAM\\u0130CE YAZILAN K\\u0130TAPLARIN ORTA DO\\u011eU\\u2019DAN KA\\u00c7IRILDI\\u011eI TAHM\\u0130N ED\\u0130L\\u0130YOR&quot;,&quot;orientation&quot;:&quot;0&quot;}\" data-image-title=\"Denizli\u2019de yakaland\u0131, de\u011ferine paha bi\u00e7ilemiyor\" data-image-description=\"&lt;p&gt;Denizli\u2019de yakaland\u0131, de\u011ferine paha bi\u00e7ilemiyor&lt;\/p&gt; \" data-medium-file=\"https:\/\/i0.wp.com\/www.tvturk.com\/wp-content\/uploads\/2019\/02\/denizlide-yakalandi-degerine-paha-bicilemiyor_066df37.jpg?fit=300%2C225\" data-large-file=\"https:\/\/i0.wp.com\/www.tvturk.com\/wp-content\/uploads\/2019\/02\/denizlide-yakalandi-degerine-paha-bicilemiyor_066df37.jpg?fit=1000%2C750\" src=\"https:\/\/i0.wp.com\/www.tvturk.com\/wp-content\/uploads\/2019\/02\/denizlide-yakalandi-degerine-paha-bicilemiyor_066df37.jpg?w=163&#038;h=122\" srcset=\"https:\/\/i0.wp.com\/www.tvturk.com\/wp-content\/uploads\/2019\/02\/denizlide-yakalandi-degerine-paha-bicilemiyor_066df37.jpg?w=1000 1000w, https:\/\/i0.wp.com\/www.tvturk.com\/wp-content\/uploads\/2019\/02\/denizlide-yakalandi-degerine-paha-bicilemiyor_066df37.jpg?resize=150%2C113 150w, https:\/\/i0.wp.com\/www.tvturk.com\/wp-content\/uploads\/2019\/02\/denizlide-yakalandi-degerine-paha-bicilemiyor_066df37.jpg?resize=300%2C225 300w, https:\/\/i0.wp.com\/www.tvturk.com\/wp-content\/uploads\/2019\/02\/denizlide-yakalandi-degerine-paha-bicilemiyor_066df37.jpg?resize=768%2C576 768w\" width=\"163\" height=\"122\" loading=\"lazy\" data-original-width=\"163\" data-original-height=\"122\" itemprop=\"http:\/\/schema.org\/image\" title=\"Denizli\u2019de yakaland\u0131, de\u011ferine paha bi\u00e7ilemiyor\" alt=\"Denizli\u2019de yakaland\u0131, de\u011ferine paha bi\u00e7ilemiyor\" style=\"width: 163px; height: 122px;\" \/> <\/a> <\/div> <\/div> <!-- close group --> <div class=\"gallery-group images-1\" style=\"width: 166px; height: 126px;\" data-original-width=\"166\" data-original-height=\"126\" > <div class=\"tiled-gallery-item tiled-gallery-item-small\" itemprop=\"associatedMedia\" itemscope itemtype=\"http:\/\/schema.org\/ImageObject\"> <a href=\"http:\/\/www.tvturk.com\/index.php\/denizlide-yakalandi-degerine-paha-bicilemiyor\/denizlide-yakalandi-degerine-paha-bicilemiyor-8\/\" border=\"0\" itemprop=\"url\"> <meta itemprop=\"width\" content=\"162\"> <meta itemprop=\"height\" content=\"122\"> <img decoding=\"async\" class=\"\" data-attachment-id=\"23750\" data-orig-file=\"http:\/\/www.tvturk.com\/wp-content\/uploads\/2019\/02\/denizlide-yakalandi-degerine-paha-bicilemiyor_af6add9.jpg\" data-orig-size=\"1000,750\" data-comments-opened=\"\" data-image-meta=\"{&quot;aperture&quot;:&quot;0&quot;,&quot;credit&quot;:&quot;IHA&quot;,&quot;camera&quot;:&quot;&quot;,&quot;caption&quot;:&quot;DEN\\u0130ZL\\u0130 POL\\u0130S\\u0130, ARALARINDA HZ. \\u0130SA\\u2019NIN HAYATININ ANLATILDI\\u011eI VE BUR\\u00c7 YORUMLARININ BULUNDU\\u011eU YAKLA\\u015eIK B\\u0130N YILLIK OLDU\\u011eU TAHM\\u0130N ED\\u0130LEN 4 ADET TAR\\u0130H\\u0130 ESER\\u0130 SATILMAK \\u00dcZEREYKEN ELE GE\\u00c7\\u0130RD\\u0130. SURYAN\\u0130 VE ARAM\\u0130CE PAP\\u0130R\\u00dcS KA\\u011eIDINA YAZILAN VE RES\\u0130ML\\u0130 TASV\\u0130RLER BULUNAN OR\\u0130J\\u0130NAL K\\u0130TAPLARIN ORTADO\\u011eU\\u2019DAN KA\\u00c7IRILDI\\u011eI TAHM\\u0130N ED\\u0130L\\u0130YOR. (AL\\u0130 \\u0130B\\u0130LEME - OSMAN BA\\u015ePINAR\\\/DEN\\u0130ZL\\u0130-\\u0130HA)&quot;,&quot;created_timestamp&quot;:&quot;0&quot;,&quot;copyright&quot;:&quot;\\u0130HLAS HABER AJANSI, www.iha.com.tr&quot;,&quot;focal_length&quot;:&quot;0&quot;,&quot;iso&quot;:&quot;0&quot;,&quot;shutter_speed&quot;:&quot;0&quot;,&quot;title&quot;:&quot;HZ. \\u0130SA\\u2019NIN HAYATINI ANLATAN B\\u0130N YILLIK TASV\\u0130RL\\u0130 K\\u0130TAPLAR DEN\\u0130ZL\\u0130\\u2019DE YAKALANDI ESERLERE PAHA B\\u0130\\u00c7\\u0130LEM\\u0130YOR TUTUKLANAN 4 \\u015e\\u00dcPHEL\\u0130 K\\u0130TAPLARI \\u0027\\u00c7\\u00d6PTEN\\u0027 BULDUKLARINI \\u00d6NE S\\u00dcRD\\u00dc SURYAN\\u0130 VE ARAM\\u0130CE YAZILAN K\\u0130TAPLARIN ORTA DO\\u011eU\\u2019DAN KA\\u00c7IRILDI\\u011eI TAHM\\u0130N ED\\u0130L\\u0130YOR&quot;,&quot;orientation&quot;:&quot;0&quot;}\" data-image-title=\"Denizli\u2019de yakaland\u0131, de\u011ferine paha bi\u00e7ilemiyor\" data-image-description=\"&lt;p&gt;Denizli\u2019de yakaland\u0131, de\u011ferine paha bi\u00e7ilemiyor&lt;\/p&gt; \" data-medium-file=\"https:\/\/i0.wp.com\/www.tvturk.com\/wp-content\/uploads\/2019\/02\/denizlide-yakalandi-degerine-paha-bicilemiyor_af6add9.jpg?fit=300%2C225\" data-large-file=\"https:\/\/i0.wp.com\/www.tvturk.com\/wp-content\/uploads\/2019\/02\/denizlide-yakalandi-degerine-paha-bicilemiyor_af6add9.jpg?fit=1000%2C750\" src=\"https:\/\/i0.wp.com\/www.tvturk.com\/wp-content\/uploads\/2019\/02\/denizlide-yakalandi-degerine-paha-bicilemiyor_af6add9.jpg?w=162&#038;h=122\" srcset=\"https:\/\/i0.wp.com\/www.tvturk.com\/wp-content\/uploads\/2019\/02\/denizlide-yakalandi-degerine-paha-bicilemiyor_af6add9.jpg?w=1000 1000w, https:\/\/i0.wp.com\/www.tvturk.com\/wp-content\/uploads\/2019\/02\/denizlide-yakalandi-degerine-paha-bicilemiyor_af6add9.jpg?resize=150%2C113 150w, https:\/\/i0.wp.com\/www.tvturk.com\/wp-content\/uploads\/2019\/02\/denizlide-yakalandi-degerine-paha-bicilemiyor_af6add9.jpg?resize=300%2C225 300w, https:\/\/i0.wp.com\/www.tvturk.com\/wp-content\/uploads\/2019\/02\/denizlide-yakalandi-degerine-paha-bicilemiyor_af6add9.jpg?resize=768%2C576 768w\" width=\"162\" height=\"122\" loading=\"lazy\" data-original-width=\"162\" data-original-height=\"122\" itemprop=\"http:\/\/schema.org\/image\" title=\"Denizli\u2019de yakaland\u0131, de\u011ferine paha bi\u00e7ilemiyor\" alt=\"Denizli\u2019de yakaland\u0131, de\u011ferine paha bi\u00e7ilemiyor\" style=\"width: 162px; height: 122px;\" \/> <\/a> <\/div> <\/div> <!-- close group --> <\/div> <!-- close row --> <div class=\"gallery-row\" style=\"width: 500px; height: 251px;\" data-original-width=\"500\" data-original-height=\"251\" > <div class=\"gallery-group images-2\" style=\"width: 166px; height: 251px;\" data-original-width=\"166\" data-original-height=\"251\" > <div class=\"tiled-gallery-item tiled-gallery-item-small\" itemprop=\"associatedMedia\" itemscope itemtype=\"http:\/\/schema.org\/ImageObject\"> <a href=\"http:\/\/www.tvturk.com\/index.php\/denizlide-yakalandi-degerine-paha-bicilemiyor\/denizlide-yakalandi-degerine-paha-bicilemiyor-9\/\" border=\"0\" itemprop=\"url\"> <meta itemprop=\"width\" content=\"162\"> <meta itemprop=\"height\" content=\"122\"> <img decoding=\"async\" class=\"\" data-attachment-id=\"23751\" data-orig-file=\"http:\/\/www.tvturk.com\/wp-content\/uploads\/2019\/02\/denizlide-yakalandi-degerine-paha-bicilemiyor_d310dca.jpg\" data-orig-size=\"1000,750\" data-comments-opened=\"\" data-image-meta=\"{&quot;aperture&quot;:&quot;0&quot;,&quot;credit&quot;:&quot;IHA&quot;,&quot;camera&quot;:&quot;&quot;,&quot;caption&quot;:&quot;DEN\\u0130ZL\\u0130 POL\\u0130S\\u0130, ARALARINDA HZ. \\u0130SA\\u2019NIN HAYATININ ANLATILDI\\u011eI VE BUR\\u00c7 YORUMLARININ BULUNDU\\u011eU YAKLA\\u015eIK B\\u0130N YILLIK OLDU\\u011eU TAHM\\u0130N ED\\u0130LEN 4 ADET TAR\\u0130H\\u0130 ESER\\u0130 SATILMAK \\u00dcZEREYKEN ELE GE\\u00c7\\u0130RD\\u0130. SURYAN\\u0130 VE ARAM\\u0130CE PAP\\u0130R\\u00dcS KA\\u011eIDINA YAZILAN VE RES\\u0130ML\\u0130 TASV\\u0130RLER BULUNAN OR\\u0130J\\u0130NAL K\\u0130TAPLARIN ORTADO\\u011eU\\u2019DAN KA\\u00c7IRILDI\\u011eI TAHM\\u0130N ED\\u0130L\\u0130YOR. (AL\\u0130 \\u0130B\\u0130LEME - OSMAN BA\\u015ePINAR\\\/DEN\\u0130ZL\\u0130-\\u0130HA)&quot;,&quot;created_timestamp&quot;:&quot;0&quot;,&quot;copyright&quot;:&quot;\\u0130HLAS HABER AJANSI, www.iha.com.tr&quot;,&quot;focal_length&quot;:&quot;0&quot;,&quot;iso&quot;:&quot;0&quot;,&quot;shutter_speed&quot;:&quot;0&quot;,&quot;title&quot;:&quot;HZ. \\u0130SA\\u2019NIN HAYATINI ANLATAN B\\u0130N YILLIK TASV\\u0130RL\\u0130 K\\u0130TAPLAR DEN\\u0130ZL\\u0130\\u2019DE YAKALANDI ESERLERE PAHA B\\u0130\\u00c7\\u0130LEM\\u0130YOR TUTUKLANAN 4 \\u015e\\u00dcPHEL\\u0130 K\\u0130TAPLARI \\u0027\\u00c7\\u00d6PTEN\\u0027 BULDUKLARINI \\u00d6NE S\\u00dcRD\\u00dc SURYAN\\u0130 VE ARAM\\u0130CE YAZILAN K\\u0130TAPLARIN ORTA DO\\u011eU\\u2019DAN KA\\u00c7IRILDI\\u011eI TAHM\\u0130N ED\\u0130L\\u0130YOR&quot;,&quot;orientation&quot;:&quot;0&quot;}\" data-image-title=\"Denizli\u2019de yakaland\u0131, de\u011ferine paha bi\u00e7ilemiyor\" data-image-description=\"&lt;p&gt;Denizli\u2019de yakaland\u0131, de\u011ferine paha bi\u00e7ilemiyor&lt;\/p&gt; \" data-medium-file=\"https:\/\/i0.wp.com\/www.tvturk.com\/wp-content\/uploads\/2019\/02\/denizlide-yakalandi-degerine-paha-bicilemiyor_d310dca.jpg?fit=300%2C225\" data-large-file=\"https:\/\/i0.wp.com\/www.tvturk.com\/wp-content\/uploads\/2019\/02\/denizlide-yakalandi-degerine-paha-bicilemiyor_d310dca.jpg?fit=1000%2C750\" src=\"https:\/\/i0.wp.com\/www.tvturk.com\/wp-content\/uploads\/2019\/02\/denizlide-yakalandi-degerine-paha-bicilemiyor_d310dca.jpg?w=162&#038;h=122\" srcset=\"https:\/\/i0.wp.com\/www.tvturk.com\/wp-content\/uploads\/2019\/02\/denizlide-yakalandi-degerine-paha-bicilemiyor_d310dca.jpg?w=1000 1000w, https:\/\/i0.wp.com\/www.tvturk.com\/wp-content\/uploads\/2019\/02\/denizlide-yakalandi-degerine-paha-bicilemiyor_d310dca.jpg?resize=150%2C113 150w, https:\/\/i0.wp.com\/www.tvturk.com\/wp-content\/uploads\/2019\/02\/denizlide-yakalandi-degerine-paha-bicilemiyor_d310dca.jpg?resize=300%2C225 300w, https:\/\/i0.wp.com\/www.tvturk.com\/wp-content\/uploads\/2019\/02\/denizlide-yakalandi-degerine-paha-bicilemiyor_d310dca.jpg?resize=768%2C576 768w\" width=\"162\" height=\"122\" loading=\"lazy\" data-original-width=\"162\" data-original-height=\"122\" itemprop=\"http:\/\/schema.org\/image\" title=\"Denizli\u2019de yakaland\u0131, de\u011ferine paha bi\u00e7ilemiyor\" alt=\"Denizli\u2019de yakaland\u0131, de\u011ferine paha bi\u00e7ilemiyor\" style=\"width: 162px; height: 122px;\" \/> <\/a> <\/div> <div class=\"tiled-gallery-item tiled-gallery-item-small\" itemprop=\"associatedMedia\" itemscope itemtype=\"http:\/\/schema.org\/ImageObject\"> <a href=\"http:\/\/www.tvturk.com\/index.php\/denizlide-yakalandi-degerine-paha-bicilemiyor\/denizlide-yakalandi-degerine-paha-bicilemiyor-10\/\" border=\"0\" itemprop=\"url\"> <meta itemprop=\"width\" content=\"162\"> <meta itemprop=\"height\" content=\"121\"> <img decoding=\"async\" class=\"\" data-attachment-id=\"23752\" data-orig-file=\"http:\/\/www.tvturk.com\/wp-content\/uploads\/2019\/02\/denizlide-yakalandi-degerine-paha-bicilemiyor_ab2db37.jpg\" data-orig-size=\"1000,750\" data-comments-opened=\"\" data-image-meta=\"{&quot;aperture&quot;:&quot;0&quot;,&quot;credit&quot;:&quot;IHA&quot;,&quot;camera&quot;:&quot;&quot;,&quot;caption&quot;:&quot;DEN\\u0130ZL\\u0130 POL\\u0130S\\u0130, ARALARINDA HZ. \\u0130SA\\u2019NIN HAYATININ ANLATILDI\\u011eI VE BUR\\u00c7 YORUMLARININ BULUNDU\\u011eU YAKLA\\u015eIK B\\u0130N YILLIK OLDU\\u011eU TAHM\\u0130N ED\\u0130LEN 4 ADET TAR\\u0130H\\u0130 ESER\\u0130 SATILMAK \\u00dcZEREYKEN ELE GE\\u00c7\\u0130RD\\u0130. SURYAN\\u0130 VE ARAM\\u0130CE PAP\\u0130R\\u00dcS KA\\u011eIDINA YAZILAN VE RES\\u0130ML\\u0130 TASV\\u0130RLER BULUNAN OR\\u0130J\\u0130NAL K\\u0130TAPLARIN ORTADO\\u011eU\\u2019DAN KA\\u00c7IRILDI\\u011eI TAHM\\u0130N ED\\u0130L\\u0130YOR. (AL\\u0130 \\u0130B\\u0130LEME - OSMAN BA\\u015ePINAR\\\/DEN\\u0130ZL\\u0130-\\u0130HA)&quot;,&quot;created_timestamp&quot;:&quot;0&quot;,&quot;copyright&quot;:&quot;\\u0130HLAS HABER AJANSI, www.iha.com.tr&quot;,&quot;focal_length&quot;:&quot;0&quot;,&quot;iso&quot;:&quot;0&quot;,&quot;shutter_speed&quot;:&quot;0&quot;,&quot;title&quot;:&quot;HZ. \\u0130SA\\u2019NIN HAYATINI ANLATAN B\\u0130N YILLIK TASV\\u0130RL\\u0130 K\\u0130TAPLAR DEN\\u0130ZL\\u0130\\u2019DE YAKALANDI ESERLERE PAHA B\\u0130\\u00c7\\u0130LEM\\u0130YOR TUTUKLANAN 4 \\u015e\\u00dcPHEL\\u0130 K\\u0130TAPLARI \\u0027\\u00c7\\u00d6PTEN\\u0027 BULDUKLARINI \\u00d6NE S\\u00dcRD\\u00dc SURYAN\\u0130 VE ARAM\\u0130CE YAZILAN K\\u0130TAPLARIN ORTA DO\\u011eU\\u2019DAN KA\\u00c7IRILDI\\u011eI TAHM\\u0130N ED\\u0130L\\u0130YOR&quot;,&quot;orientation&quot;:&quot;0&quot;}\" data-image-title=\"Denizli\u2019de yakaland\u0131, de\u011ferine paha bi\u00e7ilemiyor\" data-image-description=\"&lt;p&gt;Denizli\u2019de yakaland\u0131, de\u011ferine paha bi\u00e7ilemiyor&lt;\/p&gt; \" data-medium-file=\"https:\/\/i0.wp.com\/www.tvturk.com\/wp-content\/uploads\/2019\/02\/denizlide-yakalandi-degerine-paha-bicilemiyor_ab2db37.jpg?fit=300%2C225\" data-large-file=\"https:\/\/i0.wp.com\/www.tvturk.com\/wp-content\/uploads\/2019\/02\/denizlide-yakalandi-degerine-paha-bicilemiyor_ab2db37.jpg?fit=1000%2C750\" src=\"https:\/\/i0.wp.com\/www.tvturk.com\/wp-content\/uploads\/2019\/02\/denizlide-yakalandi-degerine-paha-bicilemiyor_ab2db37.jpg?w=162&#038;h=121\" srcset=\"https:\/\/i0.wp.com\/www.tvturk.com\/wp-content\/uploads\/2019\/02\/denizlide-yakalandi-degerine-paha-bicilemiyor_ab2db37.jpg?w=1000 1000w, https:\/\/i0.wp.com\/www.tvturk.com\/wp-content\/uploads\/2019\/02\/denizlide-yakalandi-degerine-paha-bicilemiyor_ab2db37.jpg?resize=150%2C113 150w, https:\/\/i0.wp.com\/www.tvturk.com\/wp-content\/uploads\/2019\/02\/denizlide-yakalandi-degerine-paha-bicilemiyor_ab2db37.jpg?resize=300%2C225 300w, https:\/\/i0.wp.com\/www.tvturk.com\/wp-content\/uploads\/2019\/02\/denizlide-yakalandi-degerine-paha-bicilemiyor_ab2db37.jpg?resize=768%2C576 768w\" width=\"162\" height=\"121\" loading=\"lazy\" data-original-width=\"162\" data-original-height=\"121\" itemprop=\"http:\/\/schema.org\/image\" title=\"Denizli\u2019de yakaland\u0131, de\u011ferine paha bi\u00e7ilemiyor\" alt=\"Denizli\u2019de yakaland\u0131, de\u011ferine paha bi\u00e7ilemiyor\" style=\"width: 162px; height: 121px;\" \/> <\/a> <\/div> <\/div> <!-- close group --> <div class=\"gallery-group images-1\" style=\"width: 334px; height: 251px;\" data-original-width=\"334\" data-original-height=\"251\" > <div class=\"tiled-gallery-item tiled-gallery-item-large\" itemprop=\"associatedMedia\" itemscope itemtype=\"http:\/\/schema.org\/ImageObject\"> <a href=\"http:\/\/www.tvturk.com\/index.php\/denizlide-yakalandi-degerine-paha-bicilemiyor\/denizlide-yakalandi-degerine-paha-bicilemiyor-11\/\" border=\"0\" itemprop=\"url\"> <meta itemprop=\"width\" content=\"330\"> <meta itemprop=\"height\" content=\"247\"> <img decoding=\"async\" class=\"\" data-attachment-id=\"23753\" data-orig-file=\"http:\/\/www.tvturk.com\/wp-content\/uploads\/2019\/02\/denizlide-yakalandi-degerine-paha-bicilemiyor_ca3559e.jpg\" data-orig-size=\"1000,750\" data-comments-opened=\"\" data-image-meta=\"{&quot;aperture&quot;:&quot;0&quot;,&quot;credit&quot;:&quot;IHA&quot;,&quot;camera&quot;:&quot;&quot;,&quot;caption&quot;:&quot;DEN\\u0130ZL\\u0130 POL\\u0130S\\u0130, ARALARINDA HZ. \\u0130SA\\u2019NIN HAYATININ ANLATILDI\\u011eI VE BUR\\u00c7 YORUMLARININ BULUNDU\\u011eU YAKLA\\u015eIK B\\u0130N YILLIK OLDU\\u011eU TAHM\\u0130N ED\\u0130LEN 4 ADET TAR\\u0130H\\u0130 ESER\\u0130 SATILMAK \\u00dcZEREYKEN ELE GE\\u00c7\\u0130RD\\u0130. SURYAN\\u0130 VE ARAM\\u0130CE PAP\\u0130R\\u00dcS KA\\u011eIDINA YAZILAN VE RES\\u0130ML\\u0130 TASV\\u0130RLER BULUNAN OR\\u0130J\\u0130NAL K\\u0130TAPLARIN ORTADO\\u011eU\\u2019DAN KA\\u00c7IRILDI\\u011eI TAHM\\u0130N ED\\u0130L\\u0130YOR. (AL\\u0130 \\u0130B\\u0130LEME - OSMAN BA\\u015ePINAR\\\/DEN\\u0130ZL\\u0130-\\u0130HA)&quot;,&quot;created_timestamp&quot;:&quot;0&quot;,&quot;copyright&quot;:&quot;\\u0130HLAS HABER AJANSI, www.iha.com.tr&quot;,&quot;focal_length&quot;:&quot;0&quot;,&quot;iso&quot;:&quot;0&quot;,&quot;shutter_speed&quot;:&quot;0&quot;,&quot;title&quot;:&quot;HZ. \\u0130SA\\u2019NIN HAYATINI ANLATAN B\\u0130N YILLIK TASV\\u0130RL\\u0130 K\\u0130TAPLAR DEN\\u0130ZL\\u0130\\u2019DE YAKALANDI ESERLERE PAHA B\\u0130\\u00c7\\u0130LEM\\u0130YOR TUTUKLANAN 4 \\u015e\\u00dcPHEL\\u0130 K\\u0130TAPLARI \\u0027\\u00c7\\u00d6PTEN\\u0027 BULDUKLARINI \\u00d6NE S\\u00dcRD\\u00dc SURYAN\\u0130 VE ARAM\\u0130CE YAZILAN K\\u0130TAPLARIN ORTA DO\\u011eU\\u2019DAN KA\\u00c7IRILDI\\u011eI TAHM\\u0130N ED\\u0130L\\u0130YOR&quot;,&quot;orientation&quot;:&quot;0&quot;}\" data-image-title=\"Denizli\u2019de yakaland\u0131, de\u011ferine paha bi\u00e7ilemiyor\" data-image-description=\"&lt;p&gt;Denizli\u2019de yakaland\u0131, de\u011ferine paha bi\u00e7ilemiyor&lt;\/p&gt; \" data-medium-file=\"https:\/\/i0.wp.com\/www.tvturk.com\/wp-content\/uploads\/2019\/02\/denizlide-yakalandi-degerine-paha-bicilemiyor_ca3559e.jpg?fit=300%2C225\" data-large-file=\"https:\/\/i0.wp.com\/www.tvturk.com\/wp-content\/uploads\/2019\/02\/denizlide-yakalandi-degerine-paha-bicilemiyor_ca3559e.jpg?fit=1000%2C750\" src=\"https:\/\/i0.wp.com\/www.tvturk.com\/wp-content\/uploads\/2019\/02\/denizlide-yakalandi-degerine-paha-bicilemiyor_ca3559e.jpg?w=330&#038;h=247\" srcset=\"https:\/\/i0.wp.com\/www.tvturk.com\/wp-content\/uploads\/2019\/02\/denizlide-yakalandi-degerine-paha-bicilemiyor_ca3559e.jpg?w=1000 1000w, https:\/\/i0.wp.com\/www.tvturk.com\/wp-content\/uploads\/2019\/02\/denizlide-yakalandi-degerine-paha-bicilemiyor_ca3559e.jpg?resize=150%2C113 150w, https:\/\/i0.wp.com\/www.tvturk.com\/wp-content\/uploads\/2019\/02\/denizlide-yakalandi-degerine-paha-bicilemiyor_ca3559e.jpg?resize=300%2C225 300w, https:\/\/i0.wp.com\/www.tvturk.com\/wp-content\/uploads\/2019\/02\/denizlide-yakalandi-degerine-paha-bicilemiyor_ca3559e.jpg?resize=768%2C576 768w\" width=\"330\" height=\"247\" loading=\"lazy\" data-original-width=\"330\" data-original-height=\"247\" itemprop=\"http:\/\/schema.org\/image\" title=\"Denizli\u2019de yakaland\u0131, de\u011ferine paha bi\u00e7ilemiyor\" alt=\"Denizli\u2019de yakaland\u0131, de\u011ferine paha bi\u00e7ilemiyor\" style=\"width: 330px; height: 247px;\" \/> <\/a> <\/div> <\/div> <!-- close group --> <\/div> <!-- close row --> <div class=\"gallery-row\" style=\"width: 500px; height: 162px;\" data-original-width=\"500\" data-original-height=\"162\" > <div class=\"gallery-group images-1\" style=\"width: 215px; height: 162px;\" data-original-width=\"215\" data-original-height=\"162\" > <div class=\"tiled-gallery-item tiled-gallery-item-small\" itemprop=\"associatedMedia\" itemscope itemtype=\"http:\/\/schema.org\/ImageObject\"> <a href=\"http:\/\/www.tvturk.com\/index.php\/denizlide-yakalandi-degerine-paha-bicilemiyor\/denizlide-yakalandi-degerine-paha-bicilemiyor-12\/\" border=\"0\" itemprop=\"url\"> <meta itemprop=\"width\" content=\"211\"> <meta itemprop=\"height\" content=\"158\"> <img decoding=\"async\" class=\"\" data-attachment-id=\"23754\" data-orig-file=\"http:\/\/www.tvturk.com\/wp-content\/uploads\/2019\/02\/denizlide-yakalandi-degerine-paha-bicilemiyor_49a23f6.jpg\" data-orig-size=\"1000,750\" data-comments-opened=\"\" data-image-meta=\"{&quot;aperture&quot;:&quot;0&quot;,&quot;credit&quot;:&quot;IHA&quot;,&quot;camera&quot;:&quot;&quot;,&quot;caption&quot;:&quot;DEN\\u0130ZL\\u0130 POL\\u0130S\\u0130, ARALARINDA HZ. \\u0130SA\\u2019NIN HAYATININ ANLATILDI\\u011eI VE BUR\\u00c7 YORUMLARININ BULUNDU\\u011eU YAKLA\\u015eIK B\\u0130N YILLIK OLDU\\u011eU TAHM\\u0130N ED\\u0130LEN 4 ADET TAR\\u0130H\\u0130 ESER\\u0130 SATILMAK \\u00dcZEREYKEN ELE GE\\u00c7\\u0130RD\\u0130. SURYAN\\u0130 VE ARAM\\u0130CE PAP\\u0130R\\u00dcS KA\\u011eIDINA YAZILAN VE RES\\u0130ML\\u0130 TASV\\u0130RLER BULUNAN OR\\u0130J\\u0130NAL K\\u0130TAPLARIN ORTADO\\u011eU\\u2019DAN KA\\u00c7IRILDI\\u011eI TAHM\\u0130N ED\\u0130L\\u0130YOR. (AL\\u0130 \\u0130B\\u0130LEME - OSMAN BA\\u015ePINAR\\\/DEN\\u0130ZL\\u0130-\\u0130HA)&quot;,&quot;created_timestamp&quot;:&quot;0&quot;,&quot;copyright&quot;:&quot;\\u0130HLAS HABER AJANSI, www.iha.com.tr&quot;,&quot;focal_length&quot;:&quot;0&quot;,&quot;iso&quot;:&quot;0&quot;,&quot;shutter_speed&quot;:&quot;0&quot;,&quot;title&quot;:&quot;HZ. \\u0130SA\\u2019NIN HAYATINI ANLATAN B\\u0130N YILLIK TASV\\u0130RL\\u0130 K\\u0130TAPLAR DEN\\u0130ZL\\u0130\\u2019DE YAKALANDI ESERLERE PAHA B\\u0130\\u00c7\\u0130LEM\\u0130YOR TUTUKLANAN 4 \\u015e\\u00dcPHEL\\u0130 K\\u0130TAPLARI \\u0027\\u00c7\\u00d6PTEN\\u0027 BULDUKLARINI \\u00d6NE S\\u00dcRD\\u00dc SURYAN\\u0130 VE ARAM\\u0130CE YAZILAN K\\u0130TAPLARIN ORTA DO\\u011eU\\u2019DAN KA\\u00c7IRILDI\\u011eI TAHM\\u0130N ED\\u0130L\\u0130YOR&quot;,&quot;orientation&quot;:&quot;0&quot;}\" data-image-title=\"Denizli\u2019de yakaland\u0131, de\u011ferine paha bi\u00e7ilemiyor\" data-image-description=\"&lt;p&gt;Denizli\u2019de yakaland\u0131, de\u011ferine paha bi\u00e7ilemiyor&lt;\/p&gt; \" data-medium-file=\"https:\/\/i0.wp.com\/www.tvturk.com\/wp-content\/uploads\/2019\/02\/denizlide-yakalandi-degerine-paha-bicilemiyor_49a23f6.jpg?fit=300%2C225\" data-large-file=\"https:\/\/i0.wp.com\/www.tvturk.com\/wp-content\/uploads\/2019\/02\/denizlide-yakalandi-degerine-paha-bicilemiyor_49a23f6.jpg?fit=1000%2C750\" src=\"https:\/\/i0.wp.com\/www.tvturk.com\/wp-content\/uploads\/2019\/02\/denizlide-yakalandi-degerine-paha-bicilemiyor_49a23f6.jpg?w=211&#038;h=158\" srcset=\"https:\/\/i0.wp.com\/www.tvturk.com\/wp-content\/uploads\/2019\/02\/denizlide-yakalandi-degerine-paha-bicilemiyor_49a23f6.jpg?w=1000 1000w, https:\/\/i0.wp.com\/www.tvturk.com\/wp-content\/uploads\/2019\/02\/denizlide-yakalandi-degerine-paha-bicilemiyor_49a23f6.jpg?resize=150%2C113 150w, https:\/\/i0.wp.com\/www.tvturk.com\/wp-content\/uploads\/2019\/02\/denizlide-yakalandi-degerine-paha-bicilemiyor_49a23f6.jpg?resize=300%2C225 300w, https:\/\/i0.wp.com\/www.tvturk.com\/wp-content\/uploads\/2019\/02\/denizlide-yakalandi-degerine-paha-bicilemiyor_49a23f6.jpg?resize=768%2C576 768w\" width=\"211\" height=\"158\" loading=\"lazy\" data-original-width=\"211\" data-original-height=\"158\" itemprop=\"http:\/\/schema.org\/image\" title=\"Denizli\u2019de yakaland\u0131, de\u011ferine paha bi\u00e7ilemiyor\" alt=\"Denizli\u2019de yakaland\u0131, de\u011ferine paha bi\u00e7ilemiyor\" style=\"width: 211px; height: 158px;\" \/> <\/a> <\/div> <\/div> <!-- close group --> <div class=\"gallery-group images-1\" style=\"width: 285px; height: 162px;\" data-original-width=\"285\" data-original-height=\"162\" > <div class=\"tiled-gallery-item tiled-gallery-item-large\" itemprop=\"associatedMedia\" itemscope itemtype=\"http:\/\/schema.org\/ImageObject\"> <a href=\"http:\/\/www.tvturk.com\/index.php\/denizlide-yakalandi-degerine-paha-bicilemiyor\/denizlide-yakalandi-degerine-paha-bicilemiyor-13\/\" border=\"0\" itemprop=\"url\"> <meta itemprop=\"width\" content=\"281\"> <meta itemprop=\"height\" content=\"158\"> <img decoding=\"async\" class=\"\" data-attachment-id=\"23755\" data-orig-file=\"http:\/\/www.tvturk.com\/wp-content\/uploads\/2019\/02\/denizlide-yakalandi-degerine-paha-bicilemiyor_8a4a869.jpg\" data-orig-size=\"640,360\" data-comments-opened=\"\" data-image-meta=\"{&quot;aperture&quot;:&quot;3.5&quot;,&quot;credit&quot;:&quot;IHA&quot;,&quot;camera&quot;:&quot;Canon PowerShot SX730 HS&quot;,&quot;caption&quot;:&quot;DEN\\u0130ZL\\u0130 POL\\u0130S\\u0130, ARALARINDA HZ. \\u0130SA\\u2019NIN HAYATININ ANLATILDI\\u011eI VE BUR\\u00c7 YORUMLARININ BULUNDU\\u011eU YAKLA\\u015eIK B\\u0130N YILLIK OLDU\\u011eU TAHM\\u0130N ED\\u0130LEN 4 ADET TAR\\u0130H\\u0130 ESER\\u0130 SATILMAK \\u00dcZEREYKEN ELE GE\\u00c7\\u0130RD\\u0130. SURYAN\\u0130 VE ARAM\\u0130CE PAP\\u0130R\\u00dcS KA\\u011eIDINA YAZILAN VE RES\\u0130ML\\u0130 TASV\\u0130RLER BULUNAN OR\\u0130J\\u0130NAL K\\u0130TAPLARIN ORTADO\\u011eU\\u2019DAN KA\\u00c7IRILDI\\u011eI TAHM\\u0130N ED\\u0130L\\u0130YOR. (AL\\u0130 \\u0130B\\u0130LEME - OSMAN BA\\u015ePINAR\\\/DEN\\u0130ZL\\u0130-\\u0130HA)&quot;,&quot;created_timestamp&quot;:&quot;1549994280&quot;,&quot;copyright&quot;:&quot;\\u0130HLAS HABER AJANSI, www.iha.com.tr&quot;,&quot;focal_length&quot;:&quot;6.493&quot;,&quot;iso&quot;:&quot;800&quot;,&quot;shutter_speed&quot;:&quot;0.02&quot;,&quot;title&quot;:&quot;HZ. \\u0130SA\\u2019NIN HAYATINI ANLATAN B\\u0130N YILLIK TASV\\u0130RL\\u0130 K\\u0130TAPLAR DEN\\u0130ZL\\u0130\\u2019DE YAKALANDI ESERLERE PAHA B\\u0130\\u00c7\\u0130LEM\\u0130YOR TUTUKLANAN 4 \\u015e\\u00dcPHEL\\u0130 K\\u0130TAPLARI \\u0027\\u00c7\\u00d6PTEN\\u0027 BULDUKLARINI \\u00d6NE S\\u00dcRD\\u00dc SURYAN\\u0130 VE ARAM\\u0130CE YAZILAN K\\u0130TAPLARIN ORTA DO\\u011eU\\u2019DAN KA\\u00c7IRILDI\\u011eI TAHM\\u0130N ED\\u0130L\\u0130YOR&quot;,&quot;orientation&quot;:&quot;1&quot;}\" data-image-title=\"Denizli\u2019de yakaland\u0131, de\u011ferine paha bi\u00e7ilemiyor\" data-image-description=\"&lt;p&gt;Denizli\u2019de yakaland\u0131, de\u011ferine paha bi\u00e7ilemiyor&lt;\/p&gt; \" data-medium-file=\"https:\/\/i0.wp.com\/www.tvturk.com\/wp-content\/uploads\/2019\/02\/denizlide-yakalandi-degerine-paha-bicilemiyor_8a4a869.jpg?fit=300%2C169\" data-large-file=\"https:\/\/i0.wp.com\/www.tvturk.com\/wp-content\/uploads\/2019\/02\/denizlide-yakalandi-degerine-paha-bicilemiyor_8a4a869.jpg?fit=640%2C360\" src=\"https:\/\/i0.wp.com\/www.tvturk.com\/wp-content\/uploads\/2019\/02\/denizlide-yakalandi-degerine-paha-bicilemiyor_8a4a869.jpg?w=281&#038;h=158\" srcset=\"https:\/\/i0.wp.com\/www.tvturk.com\/wp-content\/uploads\/2019\/02\/denizlide-yakalandi-degerine-paha-bicilemiyor_8a4a869.jpg?w=640 640w, https:\/\/i0.wp.com\/www.tvturk.com\/wp-content\/uploads\/2019\/02\/denizlide-yakalandi-degerine-paha-bicilemiyor_8a4a869.jpg?resize=150%2C84 150w, https:\/\/i0.wp.com\/www.tvturk.com\/wp-content\/uploads\/2019\/02\/denizlide-yakalandi-degerine-paha-bicilemiyor_8a4a869.jpg?resize=300%2C169 300w, https:\/\/i0.wp.com\/www.tvturk.com\/wp-content\/uploads\/2019\/02\/denizlide-yakalandi-degerine-paha-bicilemiyor_8a4a869.jpg?resize=200%2C113 200w\" width=\"281\" height=\"158\" loading=\"lazy\" data-original-width=\"281\" data-original-height=\"158\" itemprop=\"http:\/\/schema.org\/image\" title=\"Denizli\u2019de yakaland\u0131, de\u011ferine paha bi\u00e7ilemiyor\" alt=\"Denizli\u2019de yakaland\u0131, de\u011ferine paha bi\u00e7ilemiyor\" style=\"width: 281px; height: 158px;\" \/> <\/a> <\/div> <\/div> <!-- close group --> <\/div> <!-- close row --> <\/div><\/p>\n","protected":false},"excerpt":{"rendered":"<p>DEN\u0130ZL\u0130 POL\u0130S\u0130, ARALARINDA HZ. \u0130SA\u2019NIN HAYATININ ANLATILDI\u011eI VE BUR\u00c7 YORUMLARININ BULUNDU\u011eU YAKLA\u015eIK B\u0130N YILLIK OLDU\u011eU TAHM\u0130N ED\u0130LEN 4 ADET TAR\u0130H\u0130 ESER\u0130 SATILMAK \u00dcZEREYKEN ELE GE\u00c7\u0130RD\u0130.  SURYAN\u0130 VE ARAM\u0130CE PAP\u0130R\u00dcS KA\u011eIDINA YAZILAN VE RES\u0130ML\u0130 TASV\u0130RLER BULUNAN OR\u0130J\u0130NAL K\u0130TAPLARIN ORTADO\u011eU\u2019DAN KA\u00c7IRILDI\u011eI TAHM\u0130N ED\u0130L\u0130YOR.<\/p>\n","protected":false},"author":1,"featured_media":23744,"comment_status":"closed","ping_status":"open","sticky":false,"template":"","format":"standard","meta":{"jetpack_post_was_ever_published":false,"_jetpack_newsletter_access":"","_jetpack_dont_email_post_to_subs":false,"_jetpack_newsletter_tier_id":0,"_jetpack_memberships_contains_paywalled_content":false,"_jetpack_memberships_contains_paid_content":false,"footnotes":"","jetpack_publicize_message":"","jetpack_publicize_feature_enabled":true,"jetpack_social_post_already_shared":false,"jetpack_social_options":{"image_generator_settings":{"template":"highway","default_image_id":0,"font":"","enabled":false},"version":2}},"categories":[655],"tags":[10047,10046,188,7935,1010],"class_list":["post-23743","post","type-post","status-publish","format-standard","has-post-thumbnail","hentry","category-son-dakika","tag-bicilemiyor","tag-degerine","tag-denizlide","tag-paha","tag-yakalandi"],"jetpack_publicize_connections":[],"jetpack_featured_media_url":"https:\/\/i0.wp.com\/www.tvturk.com\/wp-content\/uploads\/2019\/02\/denizlide-yakalandi-degerine-paha-bicilemiyor_cc5d906.jpg?fit=1000%2C750","jetpack_sharing_enabled":true,"jetpack_shortlink":"https:\/\/wp.me\/paKIfm-6aX","_links":{"self":[{"href":"http:\/\/www.tvturk.com\/index.php\/wp-json\/wp\/v2\/posts\/23743","targetHints":{"allow":["GET"]}}],"collection":[{"href":"http:\/\/www.tvturk.com\/index.php\/wp-json\/wp\/v2\/posts"}],"about":[{"href":"http:\/\/www.tvturk.com\/index.php\/wp-json\/wp\/v2\/types\/post"}],"author":[{"embeddable":true,"href":"http:\/\/www.tvturk.com\/index.php\/wp-json\/wp\/v2\/users\/1"}],"replies":[{"embeddable":true,"href":"http:\/\/www.tvturk.com\/index.php\/wp-json\/wp\/v2\/comments?post=23743"}],"version-history":[{"count":1,"href":"http:\/\/www.tvturk.com\/index.php\/wp-json\/wp\/v2\/posts\/23743\/revisions"}],"predecessor-version":[{"id":23756,"href":"http:\/\/www.tvturk.com\/index.php\/wp-json\/wp\/v2\/posts\/23743\/revisions\/23756"}],"wp:featuredmedia":[{"embeddable":true,"href":"http:\/\/www.tvturk.com\/index.php\/wp-json\/wp\/v2\/media\/23744"}],"wp:attachment":[{"href":"http:\/\/www.tvturk.com\/index.php\/wp-json\/wp\/v2\/media?parent=23743"}],"wp:term":[{"taxonomy":"category","embeddable":true,"href":"http:\/\/www.tvturk.com\/index.php\/wp-json\/wp\/v2\/categories?post=23743"},{"taxonomy":"post_tag","embeddable":true,"href":"http:\/\/www.tvturk.com\/index.php\/wp-json\/wp\/v2\/tags?post=23743"}],"curies":[{"name":"wp","href":"https:\/\/api.w.org\/{rel}","templated":true}]}}