{"id":237453,"date":"2019-12-05T12:17:34","date_gmt":"2019-12-05T09:17:34","guid":{"rendered":"http:\/\/www.tvturk.com\/index.php\/lider-sivassporda-neseli-idman\/"},"modified":"2019-12-05T12:17:34","modified_gmt":"2019-12-05T09:17:34","slug":"lider-sivassporda-neseli-idman","status":"publish","type":"post","link":"http:\/\/www.tvturk.com\/index.php\/lider-sivassporda-neseli-idman\/","title":{"rendered":"Lider Sivasspor\u2019da ne\u015feli idman"},"content":{"rendered":"<p>Lider DG Sivasspor, S\u00fcper Lig\u2019in 14. haftas\u0131nda Yeni Malatyaspor ile yapaca\u011f\u0131 ma\u00e7\u0131n haz\u0131rl\u0131klar\u0131na devam ediyor. Yap\u0131lan antrenmanda futbolcular\u0131n ne\u015feli halleri dikkatlerden ka\u00e7mad\u0131.<\/p>\n<p>Vali L\u00fctfullah Bilgin Sivasspor Tesisleri\u2019nde Teknik Direkt\u00f6r R\u0131za \u00c7al\u0131mbay ve yard\u0131mc\u0131lar\u0131 nezaretinde ger\u00e7ekle\u015ftirilen antrenman yakla\u015f\u0131k 1.5 saat s\u00fcrd\u00fc. Ko\u015fu ile ba\u015flayan antrenman a\u00e7ma-germe \u00e7al\u0131\u015fmalar\u0131 ile devam etti. Daha sonra dar alanda 5\u2019e2 top kapma \u00e7al\u0131\u015fmas\u0131 yapan Yi\u011fidolar, \u00e7ift kale ma\u00e7la antrenman\u0131n\u0131 tamamlad\u0131.<\/p>\n<p>\u0130dmanda futbolcular\u0131n ne\u015feli olduklar\u0131 g\u00f6r\u00fcl\u00fcrken, futbolcular zaman zaman tak\u0131m arkada\u015flar\u0131 ile kartopu oynad\u0131.<\/p>\n<p>Sivasspor, yar\u0131n sabah yapaca\u011f\u0131 antrenman\u0131n ard\u0131ndan Yeni Malatyaspor ma\u00e7\u0131n\u0131n haz\u0131rl\u0131klar\u0131n\u0131 tamamlayarak Malatya\u2019ya gidecek.<\/p>\n","protected":false},"excerpt":{"rendered":"<p>L\u0130DER DG S\u0130VASSPOR, S\u00dcPER L\u0130G\u2019\u0130N 14. HAFTASINDA YEN\u0130 MALATYASPOR \u0130LE YAPACA\u011eI MA\u00c7IN HAZIRLIKLARINA DEVAM ED\u0130YOR. YAPILAN ANTRENMANDA FUTBOLCULARIN NE\u015eEL\u0130 HALLER\u0130 D\u0130KKATLERDEN KA\u00c7MADI.<\/p>\n","protected":false},"author":1,"featured_media":237454,"comment_status":"closed","ping_status":"open","sticky":false,"template":"","format":"standard","meta":{"jetpack_post_was_ever_published":false,"_jetpack_newsletter_access":"","_jetpack_dont_email_post_to_subs":false,"_jetpack_newsletter_tier_id":0,"_jetpack_memberships_contains_paywalled_content":false,"_jetpack_memberships_contains_paid_content":false,"footnotes":"","jetpack_publicize_message":"","jetpack_publicize_feature_enabled":true,"jetpack_social_post_already_shared":true,"jetpack_social_options":{"image_generator_settings":{"template":"highway","default_image_id":0,"font":"","enabled":false},"version":2}},"categories":[657],"tags":[8216,3312,24774,16377],"class_list":["post-237453","post","type-post","status-publish","format-standard","has-post-thumbnail","hentry","category-spor","tag-idman","tag-lider","tag-neseli","tag-sivassporda"],"jetpack_publicize_connections":[],"jetpack_featured_media_url":"https:\/\/i0.wp.com\/www.tvturk.com\/wp-content\/uploads\/2019\/12\/lider-sivassporda-neseli-idman_135b436.jpg?fit=1000%2C704","jetpack_sharing_enabled":true,"jetpack_shortlink":"https:\/\/wp.me\/paKIfm-ZLT","_links":{"self":[{"href":"http:\/\/www.tvturk.com\/index.php\/wp-json\/wp\/v2\/posts\/237453","targetHints":{"allow":["GET"]}}],"collection":[{"href":"http:\/\/www.tvturk.com\/index.php\/wp-json\/wp\/v2\/posts"}],"about":[{"href":"http:\/\/www.tvturk.com\/index.php\/wp-json\/wp\/v2\/types\/post"}],"author":[{"embeddable":true,"href":"http:\/\/www.tvturk.com\/index.php\/wp-json\/wp\/v2\/users\/1"}],"replies":[{"embeddable":true,"href":"http:\/\/www.tvturk.com\/index.php\/wp-json\/wp\/v2\/comments?post=237453"}],"version-history":[{"count":0,"href":"http:\/\/www.tvturk.com\/index.php\/wp-json\/wp\/v2\/posts\/237453\/revisions"}],"wp:featuredmedia":[{"embeddable":true,"href":"http:\/\/www.tvturk.com\/index.php\/wp-json\/wp\/v2\/media\/237454"}],"wp:attachment":[{"href":"http:\/\/www.tvturk.com\/index.php\/wp-json\/wp\/v2\/media?parent=237453"}],"wp:term":[{"taxonomy":"category","embeddable":true,"href":"http:\/\/www.tvturk.com\/index.php\/wp-json\/wp\/v2\/categories?post=237453"},{"taxonomy":"post_tag","embeddable":true,"href":"http:\/\/www.tvturk.com\/index.php\/wp-json\/wp\/v2\/tags?post=237453"}],"curies":[{"name":"wp","href":"https:\/\/api.w.org\/{rel}","templated":true}]}}