{"id":23757,"date":"2019-02-12T10:06:10","date_gmt":"2019-02-12T07:06:10","guid":{"rendered":"http:\/\/www.tvturk.com\/index.php\/ibrahim-ulusoy-rizeliler-dernegi-ve-rumeli-balkan-dernekleri-federasyonunu-ziyaret-etti\/"},"modified":"2019-02-12T10:06:15","modified_gmt":"2019-02-12T07:06:15","slug":"ibrahim-ulusoy-rizeliler-dernegi-ve-rumeli-balkan-dernekleri-federasyonunu-ziyaret-etti","status":"publish","type":"post","link":"http:\/\/www.tvturk.com\/index.php\/ibrahim-ulusoy-rizeliler-dernegi-ve-rumeli-balkan-dernekleri-federasyonunu-ziyaret-etti\/","title":{"rendered":"\u0130brahim Ulusoy, Rizeliler Derne\u011fi ve Rumeli Balkan Dernekleri Federasyonu\u2019nu ziyaret etti"},"content":{"rendered":"<p>AK Parti Avc\u0131lar Belediye Ba\u015fkan Aday\u0131 \u0130brahim Ulusoy, se\u00e7im ziyaretlerine Rizeliler Derne\u011fi ve Rumeli Balkan Dernekleri Federasyonu ile devam etti.<\/p>\n<p>Avc\u0131lar\u2019da herkesi kapsayan, adalet ve fayda odakl\u0131 bir hizmet anlay\u0131\u015f\u0131 s\u00f6z\u00fc veren AK Parti Avc\u0131lar Belediye Ba\u015fkan Aday\u0131 \u0130brahim Ulusoy, se\u00e7im ziyaretlerini s\u00fcrd\u00fcr\u00fcyor. Rizeliler Derne\u011fi \u00fcyeleri ile kahvalt\u0131da bulu\u015fan \u0130brahim Ulusoy, \u00fcyelerin sorunlar\u0131n\u0131 dinledi. Ger\u00e7ekle\u015ftirmeyi hayal ettikleri projeleri hep birlikte yapacaklar\u0131n\u0131 aktard\u0131. \u00dcyelerin \u201cAvc\u0131lar\u2019da neredeyse t\u00fcm kald\u0131r\u0131mlar ara\u00e7lar ile dolu, hatta engelli karde\u015flerimizin y\u00fcr\u00fcyemedi\u011fi bir Avc\u0131lar ile kar\u015f\u0131 kar\u015f\u0131yay\u0131z. Bunun ile ilgili g\u00f6r\u00fc\u015f\u00fcn\u00fcz ve \u00e7\u00f6z\u00fcm\u00fcn\u00fcz var m\u0131?\u201d sorusunu yan\u0131tlayan \u0130brahim Ulusoy, \u015funlar\u0131 s\u00f6yledi: \u201cBu konu ile ilgili \u00e7ok harika bir projemizi yak\u0131nda hayata ge\u00e7irmeye haz\u0131rlan\u0131yoruz. Bir hafta ila 10 g\u00fcn i\u00e7erisinde i\u015fleve alaca\u011f\u0131z. Ayr\u0131ca \u00f6\u011frencilerimiz ile ilgili projelerimiz de mevcut.  Staj, ev kiras\u0131 gibi konularda \u00f6\u011frenci karde\u015flerimizin yanlar\u0131nda olaca\u011f\u0131z\u201d dedi.<\/p>\n<p>Rumeli ve Balkan k\u00fclt\u00fcr\u00fcn\u00fc \u00f6zenle ya\u015fataca\u011f\u0131z<\/p>\n<p>Rizeliler Derne\u011fi\u2019nden sonra Rumeli Balkan Dernekleri Federasyonu\u2019nu ziyaret eden AK Parti Avc\u0131lar Belediye Ba\u015fkan Aday\u0131 \u0130brahim Ulusoy, dernek \u00fcyeleri ile sohbet etti. Dernek \u00fcyelerine projeleri hakk\u0131nda bilgi verdi. \u00dcyelerin taleplerini dinleyip notlar ald\u0131ktan sonra \u015funlar\u0131 s\u00f6yledi: \u201cBayrampa\u015fa Devlet Hastanesi\u2019nde g\u00f6rev ald\u0131\u011f\u0131m s\u00fcre zarf\u0131nda bu k\u00fclt\u00fcr\u00fc yak\u0131ndan tan\u0131ma \u015fans\u0131m oldu. T\u00fcm samimiyetim ile s\u00f6yl\u00fcyorum. Rumeli ve Balkan k\u00fclt\u00fcr\u00fcn\u00fc burada \u00e7ok daha fazla \u00f6zenle ya\u015fataca\u011f\u0131z. Sa\u011fl\u0131k, spor ve k\u00fclt\u00fcr dahil t\u00fcm hizmetlerimizle fark olu\u015fturaca\u011f\u0131z. Bunu hep birlikte ba\u015faraca\u011f\u0131z. Hizmet anlay\u0131\u015f\u0131m\u0131zda \u2018ben\u2019 yok, \u2018biz\u2019 var\u201d diye konu\u015ftu<\/p>\n<p>\u0130brahim Ulusoy hakk\u0131nda:<\/p>\n<p>1978 y\u0131l\u0131nda Trabzon\u2019da d\u00fcnyaya gelen \u0130brahim Ulusoy, ilk ve orta \u00f6\u011frenimini Trabzon\u2019da tamamlad\u0131. 2000 y\u0131l\u0131nda Samsun 19 May\u0131s \u00dcniversitesi T\u0131p Fak\u00fcltesi\u2019nden mezun oldu. 2006 y\u0131l\u0131nda Ankara Onkoloji Hastanesi\u2019nde Genel Cerrahi ihtisas\u0131n\u0131 ba\u015far\u0131yla tamamlad\u0131. Giresun G\u00f6rele Devlet Hastanesinde 2007 tarihinde Genel Cerrahi uzman\u0131 olarak ba\u015flad\u0131\u011f\u0131 g\u00f6revine, 2009-2012 tarihleri aras\u0131nda ba\u015fhekim olarak devam etti. 2012-2014 y\u0131llar\u0131nda \u0130stanbul S\u00fcleymaniye Kad\u0131n Do\u011fum ve \u00c7ocuk Hastal\u0131klar\u0131 E\u011fitim ve Ara\u015ft\u0131rma Hastanesinde hastane y\u00f6neticili\u011fi yapt\u0131. 2015-2017 y\u0131llar\u0131nda Bayrampa\u015fa Devlet Hastanesi ba\u015fhekimli\u011fi, ard\u0131ndan Aral\u0131k 2017\u2019ye kadar TKHK \u0130stanbul Fatih Kamu Hastaneleri Birli\u011fi Genel Sekreterli\u011fi \u0130dari Hizmetler Ba\u015fkan\u0131 olarak g\u00f6rev yapt\u0131. 2017\u2019den bu yana da Avc\u0131lar Murat K\u00f6l\u00fck Devlet Hastanesi\u2019nde Ba\u015fhekim olarak g\u00f6rev yapan Ulusoy, 31 Mart\u2019ta yap\u0131lacak yerel se\u00e7imlerde Avc\u0131lar il\u00e7esinden Belediye Ba\u015fkan aday\u0131 oldu. Evli olan \u0130brahim Ulusoy, iki \u00e7ocuk babas\u0131d\u0131r.<div class=\"tiled-gallery type-rectangular tiled-gallery-unresized\" data-original-width=\"500\" data-carousel-extra='null' itemscope itemtype=\"http:\/\/schema.org\/ImageGallery\" > <div class=\"gallery-row\" style=\"width: 500px; height: 142px;\" data-original-width=\"500\" data-original-height=\"142\" > <div class=\"gallery-group images-1\" style=\"width: 250px; height: 142px;\" data-original-width=\"250\" data-original-height=\"142\" > <div class=\"tiled-gallery-item tiled-gallery-item-small\" itemprop=\"associatedMedia\" itemscope itemtype=\"http:\/\/schema.org\/ImageObject\"> <a href=\"http:\/\/www.tvturk.com\/index.php\/ibrahim-ulusoy-rizeliler-dernegi-ve-rumeli-balkan-dernekleri-federasyonunu-ziyaret-etti\/ibrahim-ulusoy-rizeliler-dernegi-ve-rumeli-balkan-dernekleri-federasyonunu-ziyaret-etti-3\/\" border=\"0\" itemprop=\"url\"> <meta itemprop=\"width\" content=\"246\"> <meta itemprop=\"height\" content=\"138\"> <img decoding=\"async\" class=\"\" data-attachment-id=\"23759\" data-orig-file=\"http:\/\/www.tvturk.com\/wp-content\/uploads\/2019\/02\/ibrahim-ulusoy-rizeliler-dernegi-ve-rumeli-balkan-dernekleri-federasyonunu-ziyaret-etti_14e7ea6.jpg\" data-orig-size=\"1000,562\" data-comments-opened=\"\" data-image-meta=\"{&quot;aperture&quot;:&quot;0&quot;,&quot;credit&quot;:&quot;IHA&quot;,&quot;camera&quot;:&quot;&quot;,&quot;caption&quot;:&quot;AVCILAR\\u2019DA HERKES\\u0130 KAPSAYAN, ADALET VE FAYDA ODAKLI B\\u0130R H\\u0130ZMET ANLAYI\\u015eI S\\u00d6Z\\u00dc VEREN AK PART\\u0130 AVCILAR BELED\\u0130YE BA\\u015eKAN ADAYI \\u0130BRAH\\u0130M ULUSOY R\\u0130ZEL\\u0130LER DERNE\\u011e\\u0130 \\u00dcYELER\\u0130 \\u0130LE KAHVALTIDA BULU\\u015eTU. (\\u0130HA\\\/\\u0130STANBUL-\\u0130HA)&quot;,&quot;created_timestamp&quot;:&quot;0&quot;,&quot;copyright&quot;:&quot;\\u0130HLAS HABER AJANSI, www.iha.com.tr&quot;,&quot;focal_length&quot;:&quot;0&quot;,&quot;iso&quot;:&quot;0&quot;,&quot;shutter_speed&quot;:&quot;0&quot;,&quot;title&quot;:&quot;\\u0130BRAH\\u0130M ULUSOY, R\\u0130ZEL\\u0130LER DERNE\\u011e\\u0130 VE RUMEL\\u0130 BALKAN DERNEKLER\\u0130 FEDERASYONU\\u2019NU Z\\u0130YARET ETT\\u0130&quot;,&quot;orientation&quot;:&quot;0&quot;}\" data-image-title=\"\u0130brahim Ulusoy, Rizeliler Derne\u011fi ve Rumeli Balkan Dernekleri Federasyonu\u2019nu ziyaret etti\" data-image-description=\"&lt;p&gt;\u0130brahim Ulusoy, Rizeliler Derne\u011fi ve Rumeli Balkan Dernekleri Federasyonu\u2019nu ziyaret etti&lt;\/p&gt; \" data-medium-file=\"https:\/\/i0.wp.com\/www.tvturk.com\/wp-content\/uploads\/2019\/02\/ibrahim-ulusoy-rizeliler-dernegi-ve-rumeli-balkan-dernekleri-federasyonunu-ziyaret-etti_14e7ea6.jpg?fit=300%2C169\" data-large-file=\"https:\/\/i0.wp.com\/www.tvturk.com\/wp-content\/uploads\/2019\/02\/ibrahim-ulusoy-rizeliler-dernegi-ve-rumeli-balkan-dernekleri-federasyonunu-ziyaret-etti_14e7ea6.jpg?fit=1000%2C562\" src=\"https:\/\/i0.wp.com\/www.tvturk.com\/wp-content\/uploads\/2019\/02\/ibrahim-ulusoy-rizeliler-dernegi-ve-rumeli-balkan-dernekleri-federasyonunu-ziyaret-etti_14e7ea6.jpg?w=246&#038;h=138\" srcset=\"https:\/\/i0.wp.com\/www.tvturk.com\/wp-content\/uploads\/2019\/02\/ibrahim-ulusoy-rizeliler-dernegi-ve-rumeli-balkan-dernekleri-federasyonunu-ziyaret-etti_14e7ea6.jpg?w=1000 1000w, https:\/\/i0.wp.com\/www.tvturk.com\/wp-content\/uploads\/2019\/02\/ibrahim-ulusoy-rizeliler-dernegi-ve-rumeli-balkan-dernekleri-federasyonunu-ziyaret-etti_14e7ea6.jpg?resize=150%2C84 150w, https:\/\/i0.wp.com\/www.tvturk.com\/wp-content\/uploads\/2019\/02\/ibrahim-ulusoy-rizeliler-dernegi-ve-rumeli-balkan-dernekleri-federasyonunu-ziyaret-etti_14e7ea6.jpg?resize=300%2C169 300w, https:\/\/i0.wp.com\/www.tvturk.com\/wp-content\/uploads\/2019\/02\/ibrahim-ulusoy-rizeliler-dernegi-ve-rumeli-balkan-dernekleri-federasyonunu-ziyaret-etti_14e7ea6.jpg?resize=768%2C432 768w, https:\/\/i0.wp.com\/www.tvturk.com\/wp-content\/uploads\/2019\/02\/ibrahim-ulusoy-rizeliler-dernegi-ve-rumeli-balkan-dernekleri-federasyonunu-ziyaret-etti_14e7ea6.jpg?resize=200%2C113 200w\" width=\"246\" height=\"138\" loading=\"lazy\" data-original-width=\"246\" data-original-height=\"138\" itemprop=\"http:\/\/schema.org\/image\" title=\"\u0130brahim Ulusoy, Rizeliler Derne\u011fi ve Rumeli Balkan Dernekleri Federasyonu\u2019nu ziyaret etti\" alt=\"\u0130brahim Ulusoy, Rizeliler Derne\u011fi ve Rumeli Balkan Dernekleri Federasyonu\u2019nu ziyaret etti\" style=\"width: 246px; height: 138px;\" \/> <\/a> <\/div> <\/div> <!-- close group --> <div class=\"gallery-group images-1\" style=\"width: 250px; height: 142px;\" data-original-width=\"250\" data-original-height=\"142\" > <div class=\"tiled-gallery-item tiled-gallery-item-small\" itemprop=\"associatedMedia\" itemscope itemtype=\"http:\/\/schema.org\/ImageObject\"> <a href=\"http:\/\/www.tvturk.com\/index.php\/ibrahim-ulusoy-rizeliler-dernegi-ve-rumeli-balkan-dernekleri-federasyonunu-ziyaret-etti\/ibrahim-ulusoy-rizeliler-dernegi-ve-rumeli-balkan-dernekleri-federasyonunu-ziyaret-etti-4\/\" border=\"0\" itemprop=\"url\"> <meta itemprop=\"width\" content=\"246\"> <meta itemprop=\"height\" content=\"138\"> <img decoding=\"async\" class=\"\" data-attachment-id=\"23760\" data-orig-file=\"http:\/\/www.tvturk.com\/wp-content\/uploads\/2019\/02\/ibrahim-ulusoy-rizeliler-dernegi-ve-rumeli-balkan-dernekleri-federasyonunu-ziyaret-etti_d7e04a4.jpg\" data-orig-size=\"1000,562\" data-comments-opened=\"\" data-image-meta=\"{&quot;aperture&quot;:&quot;0&quot;,&quot;credit&quot;:&quot;IHA&quot;,&quot;camera&quot;:&quot;&quot;,&quot;caption&quot;:&quot;AVCILAR\\u2019DA HERKES\\u0130 KAPSAYAN, ADALET VE FAYDA ODAKLI B\\u0130R H\\u0130ZMET ANLAYI\\u015eI S\\u00d6Z\\u00dc VEREN AK PART\\u0130 AVCILAR BELED\\u0130YE BA\\u015eKAN ADAYI \\u0130BRAH\\u0130M ULUSOY R\\u0130ZEL\\u0130LER DERNE\\u011e\\u0130 \\u00dcYELER\\u0130 \\u0130LE KAHVALTIDA BULU\\u015eTU. (\\u0130HA\\\/\\u0130STANBUL-\\u0130HA)&quot;,&quot;created_timestamp&quot;:&quot;0&quot;,&quot;copyright&quot;:&quot;\\u0130HLAS HABER AJANSI, www.iha.com.tr&quot;,&quot;focal_length&quot;:&quot;0&quot;,&quot;iso&quot;:&quot;0&quot;,&quot;shutter_speed&quot;:&quot;0&quot;,&quot;title&quot;:&quot;\\u0130BRAH\\u0130M ULUSOY, R\\u0130ZEL\\u0130LER DERNE\\u011e\\u0130 VE RUMEL\\u0130 BALKAN DERNEKLER\\u0130 FEDERASYONU\\u2019NU Z\\u0130YARET ETT\\u0130&quot;,&quot;orientation&quot;:&quot;0&quot;}\" data-image-title=\"\u0130brahim Ulusoy, Rizeliler Derne\u011fi ve Rumeli Balkan Dernekleri Federasyonu\u2019nu ziyaret etti\" data-image-description=\"&lt;p&gt;\u0130brahim Ulusoy, Rizeliler Derne\u011fi ve Rumeli Balkan Dernekleri Federasyonu\u2019nu ziyaret etti&lt;\/p&gt; \" data-medium-file=\"https:\/\/i0.wp.com\/www.tvturk.com\/wp-content\/uploads\/2019\/02\/ibrahim-ulusoy-rizeliler-dernegi-ve-rumeli-balkan-dernekleri-federasyonunu-ziyaret-etti_d7e04a4.jpg?fit=300%2C169\" data-large-file=\"https:\/\/i0.wp.com\/www.tvturk.com\/wp-content\/uploads\/2019\/02\/ibrahim-ulusoy-rizeliler-dernegi-ve-rumeli-balkan-dernekleri-federasyonunu-ziyaret-etti_d7e04a4.jpg?fit=1000%2C562\" src=\"https:\/\/i0.wp.com\/www.tvturk.com\/wp-content\/uploads\/2019\/02\/ibrahim-ulusoy-rizeliler-dernegi-ve-rumeli-balkan-dernekleri-federasyonunu-ziyaret-etti_d7e04a4.jpg?w=246&#038;h=138\" srcset=\"https:\/\/i0.wp.com\/www.tvturk.com\/wp-content\/uploads\/2019\/02\/ibrahim-ulusoy-rizeliler-dernegi-ve-rumeli-balkan-dernekleri-federasyonunu-ziyaret-etti_d7e04a4.jpg?w=1000 1000w, https:\/\/i0.wp.com\/www.tvturk.com\/wp-content\/uploads\/2019\/02\/ibrahim-ulusoy-rizeliler-dernegi-ve-rumeli-balkan-dernekleri-federasyonunu-ziyaret-etti_d7e04a4.jpg?resize=150%2C84 150w, https:\/\/i0.wp.com\/www.tvturk.com\/wp-content\/uploads\/2019\/02\/ibrahim-ulusoy-rizeliler-dernegi-ve-rumeli-balkan-dernekleri-federasyonunu-ziyaret-etti_d7e04a4.jpg?resize=300%2C169 300w, https:\/\/i0.wp.com\/www.tvturk.com\/wp-content\/uploads\/2019\/02\/ibrahim-ulusoy-rizeliler-dernegi-ve-rumeli-balkan-dernekleri-federasyonunu-ziyaret-etti_d7e04a4.jpg?resize=768%2C432 768w, https:\/\/i0.wp.com\/www.tvturk.com\/wp-content\/uploads\/2019\/02\/ibrahim-ulusoy-rizeliler-dernegi-ve-rumeli-balkan-dernekleri-federasyonunu-ziyaret-etti_d7e04a4.jpg?resize=200%2C113 200w\" width=\"246\" height=\"138\" loading=\"lazy\" data-original-width=\"246\" data-original-height=\"138\" itemprop=\"http:\/\/schema.org\/image\" title=\"\u0130brahim Ulusoy, Rizeliler Derne\u011fi ve Rumeli Balkan Dernekleri Federasyonu\u2019nu ziyaret etti\" alt=\"\u0130brahim Ulusoy, Rizeliler Derne\u011fi ve Rumeli Balkan Dernekleri Federasyonu\u2019nu ziyaret etti\" style=\"width: 246px; height: 138px;\" \/> <\/a> <\/div> <\/div> <!-- close group --> <\/div> <!-- close row --> <div class=\"gallery-row\" style=\"width: 500px; height: 142px;\" data-original-width=\"500\" data-original-height=\"142\" > <div class=\"gallery-group images-1\" style=\"width: 250px; height: 142px;\" data-original-width=\"250\" data-original-height=\"142\" > <div class=\"tiled-gallery-item tiled-gallery-item-small\" itemprop=\"associatedMedia\" itemscope itemtype=\"http:\/\/schema.org\/ImageObject\"> <a href=\"http:\/\/www.tvturk.com\/index.php\/ibrahim-ulusoy-rizeliler-dernegi-ve-rumeli-balkan-dernekleri-federasyonunu-ziyaret-etti\/ibrahim-ulusoy-rizeliler-dernegi-ve-rumeli-balkan-dernekleri-federasyonunu-ziyaret-etti-5\/\" border=\"0\" itemprop=\"url\"> <meta itemprop=\"width\" content=\"246\"> <meta itemprop=\"height\" content=\"138\"> <img decoding=\"async\" class=\"\" data-attachment-id=\"23761\" data-orig-file=\"http:\/\/www.tvturk.com\/wp-content\/uploads\/2019\/02\/ibrahim-ulusoy-rizeliler-dernegi-ve-rumeli-balkan-dernekleri-federasyonunu-ziyaret-etti_9663226.jpg\" data-orig-size=\"1000,562\" data-comments-opened=\"\" data-image-meta=\"{&quot;aperture&quot;:&quot;0&quot;,&quot;credit&quot;:&quot;IHA&quot;,&quot;camera&quot;:&quot;&quot;,&quot;caption&quot;:&quot;AVCILAR\\u2019DA HERKES\\u0130 KAPSAYAN, ADALET VE FAYDA ODAKLI B\\u0130R H\\u0130ZMET ANLAYI\\u015eI S\\u00d6Z\\u00dc VEREN AK PART\\u0130 AVCILAR BELED\\u0130YE BA\\u015eKAN ADAYI \\u0130BRAH\\u0130M ULUSOY RUMEL\\u0130 BALKAN DERNEKLER\\u0130 FEDERASYONU\\u2019NU Z\\u0130YARET ETT\\u0130. (\\u0130HA\\\/\\u0130STANBUL-\\u0130HA)&quot;,&quot;created_timestamp&quot;:&quot;0&quot;,&quot;copyright&quot;:&quot;\\u0130HLAS HABER AJANSI, www.iha.com.tr&quot;,&quot;focal_length&quot;:&quot;0&quot;,&quot;iso&quot;:&quot;0&quot;,&quot;shutter_speed&quot;:&quot;0&quot;,&quot;title&quot;:&quot;\\u0130BRAH\\u0130M ULUSOY, R\\u0130ZEL\\u0130LER DERNE\\u011e\\u0130 VE RUMEL\\u0130 BALKAN DERNEKLER\\u0130 FEDERASYONU\\u2019NU Z\\u0130YARET ETT\\u0130&quot;,&quot;orientation&quot;:&quot;0&quot;}\" data-image-title=\"\u0130brahim Ulusoy, Rizeliler Derne\u011fi ve Rumeli Balkan Dernekleri Federasyonu\u2019nu ziyaret etti\" data-image-description=\"&lt;p&gt;\u0130brahim Ulusoy, Rizeliler Derne\u011fi ve Rumeli Balkan Dernekleri Federasyonu\u2019nu ziyaret etti&lt;\/p&gt; \" data-medium-file=\"https:\/\/i0.wp.com\/www.tvturk.com\/wp-content\/uploads\/2019\/02\/ibrahim-ulusoy-rizeliler-dernegi-ve-rumeli-balkan-dernekleri-federasyonunu-ziyaret-etti_9663226.jpg?fit=300%2C169\" data-large-file=\"https:\/\/i0.wp.com\/www.tvturk.com\/wp-content\/uploads\/2019\/02\/ibrahim-ulusoy-rizeliler-dernegi-ve-rumeli-balkan-dernekleri-federasyonunu-ziyaret-etti_9663226.jpg?fit=1000%2C562\" src=\"https:\/\/i0.wp.com\/www.tvturk.com\/wp-content\/uploads\/2019\/02\/ibrahim-ulusoy-rizeliler-dernegi-ve-rumeli-balkan-dernekleri-federasyonunu-ziyaret-etti_9663226.jpg?w=246&#038;h=138\" srcset=\"https:\/\/i0.wp.com\/www.tvturk.com\/wp-content\/uploads\/2019\/02\/ibrahim-ulusoy-rizeliler-dernegi-ve-rumeli-balkan-dernekleri-federasyonunu-ziyaret-etti_9663226.jpg?w=1000 1000w, https:\/\/i0.wp.com\/www.tvturk.com\/wp-content\/uploads\/2019\/02\/ibrahim-ulusoy-rizeliler-dernegi-ve-rumeli-balkan-dernekleri-federasyonunu-ziyaret-etti_9663226.jpg?resize=150%2C84 150w, https:\/\/i0.wp.com\/www.tvturk.com\/wp-content\/uploads\/2019\/02\/ibrahim-ulusoy-rizeliler-dernegi-ve-rumeli-balkan-dernekleri-federasyonunu-ziyaret-etti_9663226.jpg?resize=300%2C169 300w, https:\/\/i0.wp.com\/www.tvturk.com\/wp-content\/uploads\/2019\/02\/ibrahim-ulusoy-rizeliler-dernegi-ve-rumeli-balkan-dernekleri-federasyonunu-ziyaret-etti_9663226.jpg?resize=768%2C432 768w, https:\/\/i0.wp.com\/www.tvturk.com\/wp-content\/uploads\/2019\/02\/ibrahim-ulusoy-rizeliler-dernegi-ve-rumeli-balkan-dernekleri-federasyonunu-ziyaret-etti_9663226.jpg?resize=200%2C113 200w\" width=\"246\" height=\"138\" loading=\"lazy\" data-original-width=\"246\" data-original-height=\"138\" itemprop=\"http:\/\/schema.org\/image\" title=\"\u0130brahim Ulusoy, Rizeliler Derne\u011fi ve Rumeli Balkan Dernekleri Federasyonu\u2019nu ziyaret etti\" alt=\"\u0130brahim Ulusoy, Rizeliler Derne\u011fi ve Rumeli Balkan Dernekleri Federasyonu\u2019nu ziyaret etti\" style=\"width: 246px; height: 138px;\" \/> <\/a> <\/div> <\/div> <!-- close group --> <div class=\"gallery-group images-1\" style=\"width: 250px; height: 142px;\" data-original-width=\"250\" data-original-height=\"142\" > <div class=\"tiled-gallery-item tiled-gallery-item-small\" itemprop=\"associatedMedia\" itemscope itemtype=\"http:\/\/schema.org\/ImageObject\"> <a href=\"http:\/\/www.tvturk.com\/index.php\/ibrahim-ulusoy-rizeliler-dernegi-ve-rumeli-balkan-dernekleri-federasyonunu-ziyaret-etti\/ibrahim-ulusoy-rizeliler-dernegi-ve-rumeli-balkan-dernekleri-federasyonunu-ziyaret-etti-6\/\" border=\"0\" itemprop=\"url\"> <meta itemprop=\"width\" content=\"246\"> <meta itemprop=\"height\" content=\"138\"> <img decoding=\"async\" class=\"\" data-attachment-id=\"23762\" data-orig-file=\"http:\/\/www.tvturk.com\/wp-content\/uploads\/2019\/02\/ibrahim-ulusoy-rizeliler-dernegi-ve-rumeli-balkan-dernekleri-federasyonunu-ziyaret-etti_6969d52.jpg\" data-orig-size=\"1000,562\" data-comments-opened=\"\" data-image-meta=\"{&quot;aperture&quot;:&quot;0&quot;,&quot;credit&quot;:&quot;IHA&quot;,&quot;camera&quot;:&quot;&quot;,&quot;caption&quot;:&quot;AVCILAR\\u2019DA HERKES\\u0130 KAPSAYAN, ADALET VE FAYDA ODAKLI B\\u0130R H\\u0130ZMET ANLAYI\\u015eI S\\u00d6Z\\u00dc VEREN AK PART\\u0130 AVCILAR BELED\\u0130YE BA\\u015eKAN ADAYI \\u0130BRAH\\u0130M ULUSOY RUMEL\\u0130 BALKAN DERNEKLER\\u0130 FEDERASYONU\\u2019NU Z\\u0130YARET ETT\\u0130. (\\u0130HA\\\/\\u0130STANBUL-\\u0130HA)&quot;,&quot;created_timestamp&quot;:&quot;0&quot;,&quot;copyright&quot;:&quot;\\u0130HLAS HABER AJANSI, www.iha.com.tr&quot;,&quot;focal_length&quot;:&quot;0&quot;,&quot;iso&quot;:&quot;0&quot;,&quot;shutter_speed&quot;:&quot;0&quot;,&quot;title&quot;:&quot;\\u0130BRAH\\u0130M ULUSOY, R\\u0130ZEL\\u0130LER DERNE\\u011e\\u0130 VE RUMEL\\u0130 BALKAN DERNEKLER\\u0130 FEDERASYONU\\u2019NU Z\\u0130YARET ETT\\u0130&quot;,&quot;orientation&quot;:&quot;0&quot;}\" data-image-title=\"\u0130brahim Ulusoy, Rizeliler Derne\u011fi ve Rumeli Balkan Dernekleri Federasyonu\u2019nu ziyaret etti\" data-image-description=\"&lt;p&gt;\u0130brahim Ulusoy, Rizeliler Derne\u011fi ve Rumeli Balkan Dernekleri Federasyonu\u2019nu ziyaret etti&lt;\/p&gt; \" data-medium-file=\"https:\/\/i0.wp.com\/www.tvturk.com\/wp-content\/uploads\/2019\/02\/ibrahim-ulusoy-rizeliler-dernegi-ve-rumeli-balkan-dernekleri-federasyonunu-ziyaret-etti_6969d52.jpg?fit=300%2C169\" data-large-file=\"https:\/\/i0.wp.com\/www.tvturk.com\/wp-content\/uploads\/2019\/02\/ibrahim-ulusoy-rizeliler-dernegi-ve-rumeli-balkan-dernekleri-federasyonunu-ziyaret-etti_6969d52.jpg?fit=1000%2C562\" src=\"https:\/\/i0.wp.com\/www.tvturk.com\/wp-content\/uploads\/2019\/02\/ibrahim-ulusoy-rizeliler-dernegi-ve-rumeli-balkan-dernekleri-federasyonunu-ziyaret-etti_6969d52.jpg?w=246&#038;h=138\" srcset=\"https:\/\/i0.wp.com\/www.tvturk.com\/wp-content\/uploads\/2019\/02\/ibrahim-ulusoy-rizeliler-dernegi-ve-rumeli-balkan-dernekleri-federasyonunu-ziyaret-etti_6969d52.jpg?w=1000 1000w, https:\/\/i0.wp.com\/www.tvturk.com\/wp-content\/uploads\/2019\/02\/ibrahim-ulusoy-rizeliler-dernegi-ve-rumeli-balkan-dernekleri-federasyonunu-ziyaret-etti_6969d52.jpg?resize=150%2C84 150w, https:\/\/i0.wp.com\/www.tvturk.com\/wp-content\/uploads\/2019\/02\/ibrahim-ulusoy-rizeliler-dernegi-ve-rumeli-balkan-dernekleri-federasyonunu-ziyaret-etti_6969d52.jpg?resize=300%2C169 300w, https:\/\/i0.wp.com\/www.tvturk.com\/wp-content\/uploads\/2019\/02\/ibrahim-ulusoy-rizeliler-dernegi-ve-rumeli-balkan-dernekleri-federasyonunu-ziyaret-etti_6969d52.jpg?resize=768%2C432 768w, https:\/\/i0.wp.com\/www.tvturk.com\/wp-content\/uploads\/2019\/02\/ibrahim-ulusoy-rizeliler-dernegi-ve-rumeli-balkan-dernekleri-federasyonunu-ziyaret-etti_6969d52.jpg?resize=200%2C113 200w\" width=\"246\" height=\"138\" loading=\"lazy\" data-original-width=\"246\" data-original-height=\"138\" itemprop=\"http:\/\/schema.org\/image\" title=\"\u0130brahim Ulusoy, Rizeliler Derne\u011fi ve Rumeli Balkan Dernekleri Federasyonu\u2019nu ziyaret etti\" alt=\"\u0130brahim Ulusoy, Rizeliler Derne\u011fi ve Rumeli Balkan Dernekleri Federasyonu\u2019nu ziyaret etti\" style=\"width: 246px; height: 138px;\" \/> <\/a> <\/div> <\/div> <!-- close group --> <\/div> <!-- close row --> <\/div><\/p>\n","protected":false},"excerpt":{"rendered":"<p>AVCILAR\u2019DA HERKES\u0130 KAPSAYAN, ADALET VE FAYDA ODAKLI B\u0130R H\u0130ZMET ANLAYI\u015eI S\u00d6Z\u00dc VEREN AK PART\u0130 AVCILAR BELED\u0130YE BA\u015eKAN ADAYI \u0130BRAH\u0130M ULUSOY R\u0130ZEL\u0130LER DERNE\u011e\u0130 \u00dcYELER\u0130 \u0130LE KAHVALTIDA BULU\u015eTU.<\/p>\n","protected":false},"author":1,"featured_media":23758,"comment_status":"closed","ping_status":"open","sticky":false,"template":"","format":"standard","meta":{"jetpack_post_was_ever_published":false,"_jetpack_newsletter_access":"","_jetpack_dont_email_post_to_subs":false,"_jetpack_newsletter_tier_id":0,"_jetpack_memberships_contains_paywalled_content":false,"_jetpack_memberships_contains_paid_content":false,"footnotes":"","jetpack_publicize_message":"","jetpack_publicize_feature_enabled":true,"jetpack_social_post_already_shared":false,"jetpack_social_options":{"image_generator_settings":{"template":"highway","default_image_id":0,"font":"","enabled":false},"version":2}},"categories":[655],"tags":[10049,6333,10050,207,10051,602,10048,9557,603,150],"class_list":["post-23757","post","type-post","status-publish","format-standard","has-post-thumbnail","hentry","category-son-dakika","tag-balkan","tag-dernegi","tag-dernekleri","tag-etti","tag-federasyonunu","tag-ibrahim","tag-rizeliler","tag-rumeli","tag-ulusoy","tag-ziyaret"],"jetpack_publicize_connections":[],"jetpack_featured_media_url":"https:\/\/i0.wp.com\/www.tvturk.com\/wp-content\/uploads\/2019\/02\/ibrahim-ulusoy-rizeliler-dernegi-ve-rumeli-balkan-dernekleri-federasyonunu-ziyaret-etti_c044e74.jpg?fit=1000%2C562","jetpack_sharing_enabled":true,"jetpack_shortlink":"https:\/\/wp.me\/paKIfm-6bb","_links":{"self":[{"href":"http:\/\/www.tvturk.com\/index.php\/wp-json\/wp\/v2\/posts\/23757","targetHints":{"allow":["GET"]}}],"collection":[{"href":"http:\/\/www.tvturk.com\/index.php\/wp-json\/wp\/v2\/posts"}],"about":[{"href":"http:\/\/www.tvturk.com\/index.php\/wp-json\/wp\/v2\/types\/post"}],"author":[{"embeddable":true,"href":"http:\/\/www.tvturk.com\/index.php\/wp-json\/wp\/v2\/users\/1"}],"replies":[{"embeddable":true,"href":"http:\/\/www.tvturk.com\/index.php\/wp-json\/wp\/v2\/comments?post=23757"}],"version-history":[{"count":1,"href":"http:\/\/www.tvturk.com\/index.php\/wp-json\/wp\/v2\/posts\/23757\/revisions"}],"predecessor-version":[{"id":23763,"href":"http:\/\/www.tvturk.com\/index.php\/wp-json\/wp\/v2\/posts\/23757\/revisions\/23763"}],"wp:featuredmedia":[{"embeddable":true,"href":"http:\/\/www.tvturk.com\/index.php\/wp-json\/wp\/v2\/media\/23758"}],"wp:attachment":[{"href":"http:\/\/www.tvturk.com\/index.php\/wp-json\/wp\/v2\/media?parent=23757"}],"wp:term":[{"taxonomy":"category","embeddable":true,"href":"http:\/\/www.tvturk.com\/index.php\/wp-json\/wp\/v2\/categories?post=23757"},{"taxonomy":"post_tag","embeddable":true,"href":"http:\/\/www.tvturk.com\/index.php\/wp-json\/wp\/v2\/tags?post=23757"}],"curies":[{"name":"wp","href":"https:\/\/api.w.org\/{rel}","templated":true}]}}