{"id":237639,"date":"2019-12-05T16:46:54","date_gmt":"2019-12-05T13:46:54","guid":{"rendered":"http:\/\/www.tvturk.com\/index.php\/turk-kahvesi-gununde-kahve-ile-resim-cizdiler\/"},"modified":"2019-12-05T16:46:54","modified_gmt":"2019-12-05T13:46:54","slug":"turk-kahvesi-gununde-kahve-ile-resim-cizdiler","status":"publish","type":"post","link":"http:\/\/www.tvturk.com\/index.php\/turk-kahvesi-gununde-kahve-ile-resim-cizdiler\/","title":{"rendered":"T\u00fcrk Kahvesi G\u00fcn\u00fc\u2019nde kahve ile resim \u00e7izdiler"},"content":{"rendered":"<p>5 Aral\u0131k D\u00fcnya T\u00fcrk Kahvesi G\u00fcn\u00fc\u2019nde kahve merakl\u0131lar\u0131 Panorama 1326 Bursa Fetih M\u00fczesi\u2019nde bulu\u015ftu.<\/p>\n<p>Kendine has tad\u0131yla k\u00fclt\u00fcr\u00fcm\u00fcz\u00fcn vazge\u00e7ilmezi olan T\u00fcrk kahvesinin 5 Aral\u0131k 2013 y\u0131l\u0131nda UNESCO \u0130nsanl\u0131\u011f\u0131n Somut Olmayan K\u00fclt\u00fcrel Miras\u0131 olarak kabul edilmesinin ard\u0131ndan her olan 5 Aral\u0131k G\u00fcn\u00fc, D\u00fcnya T\u00fcrk Kahvesi G\u00fcn\u00fc olarak kutlan\u0131yor. G\u00fcnl\u00fck hayat\u0131n de\u011fi\u015fmez tatlar\u0131ndan olan T\u00fcrk kahvesinin bu \u00f6zel g\u00fcn\u00fc, Panorama 1326 Bursa Fetih M\u00fczesi\u2019nde d\u00fczenlenen farkl\u0131 bir faaliyet ile kutland\u0131. 5 Aral\u0131k D\u00fcnya T\u00fcrk Kahvesi G\u00fcn\u00fc\u2019nde Fetih M\u00fczesi\u2019nde bulu\u015fan Bursal\u0131 kahveseverler, ilk olarak \u201cKahvenin Ser\u00fcveni\u201d konulu seminerde kahvenin tarih\u00e7esi ve d\u00fcnyadaki \u00f6nemi hakk\u0131nda Demet \u00c7orakl\u0131 taraf\u0131ndan bilgilendirildi. Osmangazi Belediye Ba\u015fkan Yard\u0131mc\u0131s\u0131 B\u00fclent Hamdi Cingil\u2019in de dinledi\u011fi seminerin ard\u0131ndan kahve severler, kahve ile resim \u00e7izerek farkl\u0131 bir \u00e7al\u0131\u015fma ger\u00e7ekle\u015ftirdi. Kahve merakl\u0131lar\u0131, kahvelerini yudumlarken R\u0131dvan \u00d6zg\u00fcr\u2019\u00fcn \u201cBi Ton Kahve\u201d isimli resim at\u00f6lyesinde kahve ile resim \u00e7izme tecr\u00fcbesi ya\u015fad\u0131.<\/p>\n","protected":false},"excerpt":{"rendered":"<p>5 ARALIK D\u00dcNYA T\u00dcRK KAHVES\u0130 G\u00dcN\u00dc\u2019NDE KAHVE MERAKLILARI PANORAMA 1326 BURSA FET\u0130H M\u00dcZES\u0130\u2019NDE BULU\u015eTU.<\/p>\n","protected":false},"author":1,"featured_media":237640,"comment_status":"closed","ping_status":"open","sticky":false,"template":"","format":"standard","meta":{"jetpack_post_was_ever_published":false,"_jetpack_newsletter_access":"","_jetpack_dont_email_post_to_subs":false,"_jetpack_newsletter_tier_id":0,"_jetpack_memberships_contains_paywalled_content":false,"_jetpack_memberships_contains_paid_content":false,"footnotes":"","jetpack_publicize_message":"","jetpack_publicize_feature_enabled":true,"jetpack_social_post_already_shared":true,"jetpack_social_options":{"image_generator_settings":{"template":"highway","default_image_id":0,"font":"","enabled":false},"version":2}},"categories":[1],"tags":[36464,2246,192,1403,1704,4857,957],"class_list":["post-237639","post","type-post","status-publish","format-standard","has-post-thumbnail","hentry","category-genel","tag-cizdiler","tag-gununde","tag-ile","tag-kahve","tag-kahvesi","tag-resim","tag-turk"],"jetpack_publicize_connections":[],"jetpack_featured_media_url":"https:\/\/i0.wp.com\/www.tvturk.com\/wp-content\/uploads\/2019\/12\/turk-kahvesi-gununde-kahve-ile-resim-cizdiler_c89d1e7.jpg?fit=1000%2C798","jetpack_sharing_enabled":true,"jetpack_shortlink":"https:\/\/wp.me\/paKIfm-ZOT","_links":{"self":[{"href":"http:\/\/www.tvturk.com\/index.php\/wp-json\/wp\/v2\/posts\/237639","targetHints":{"allow":["GET"]}}],"collection":[{"href":"http:\/\/www.tvturk.com\/index.php\/wp-json\/wp\/v2\/posts"}],"about":[{"href":"http:\/\/www.tvturk.com\/index.php\/wp-json\/wp\/v2\/types\/post"}],"author":[{"embeddable":true,"href":"http:\/\/www.tvturk.com\/index.php\/wp-json\/wp\/v2\/users\/1"}],"replies":[{"embeddable":true,"href":"http:\/\/www.tvturk.com\/index.php\/wp-json\/wp\/v2\/comments?post=237639"}],"version-history":[{"count":0,"href":"http:\/\/www.tvturk.com\/index.php\/wp-json\/wp\/v2\/posts\/237639\/revisions"}],"wp:featuredmedia":[{"embeddable":true,"href":"http:\/\/www.tvturk.com\/index.php\/wp-json\/wp\/v2\/media\/237640"}],"wp:attachment":[{"href":"http:\/\/www.tvturk.com\/index.php\/wp-json\/wp\/v2\/media?parent=237639"}],"wp:term":[{"taxonomy":"category","embeddable":true,"href":"http:\/\/www.tvturk.com\/index.php\/wp-json\/wp\/v2\/categories?post=237639"},{"taxonomy":"post_tag","embeddable":true,"href":"http:\/\/www.tvturk.com\/index.php\/wp-json\/wp\/v2\/tags?post=237639"}],"curies":[{"name":"wp","href":"https:\/\/api.w.org\/{rel}","templated":true}]}}