{"id":237641,"date":"2019-12-05T16:47:00","date_gmt":"2019-12-05T13:47:00","guid":{"rendered":"http:\/\/www.tvturk.com\/index.php\/izmitte-yasayan-114-kibris-gazisine-madalyasi-tevcih-edildi\/"},"modified":"2019-12-05T16:47:00","modified_gmt":"2019-12-05T13:47:00","slug":"izmitte-yasayan-114-kibris-gazisine-madalyasi-tevcih-edildi","status":"publish","type":"post","link":"http:\/\/www.tvturk.com\/index.php\/izmitte-yasayan-114-kibris-gazisine-madalyasi-tevcih-edildi\/","title":{"rendered":"\u0130zmit\u2019te ya\u015fayan 114 K\u0131br\u0131s gazisine madalyas\u0131 tevcih edildi"},"content":{"rendered":"<p>Kocaeli Valili\u011fi taraf\u0131ndan 114 K\u0131br\u0131s gazisi i\u00e7in \u2018Kuzey K\u0131br\u0131s T\u00fcrk Cumhuriyeti Milli M\u00fccadele Madalyas\u0131 ve Beratlar\u0131n\u0131n Tevcihi\u2019 t\u00f6reni d\u00fczenlendi.<\/p>\n<p>Kocaeli\u2019nin \u0130zmit il\u00e7esinde ya\u015fayan K\u0131br\u0131s gazilerine madalyalar\u0131 tevcih edildi. Kocaeli Valili\u011finde d\u00fczenlenen t\u00f6rene Kocaeli Valisi H\u00fcseyin Aksoy, Kocaeli B\u00fcy\u00fck\u015fehir Belediye Ba\u015fkan Vekili Ya\u015far \u00c7akmak, il protokol\u00fc, gaziler ve gazi aileleri kat\u0131ld\u0131. T\u00f6rende \u0130zmit\u2019te ya\u015fayan 114 K\u0131br\u0131s gazisine Kuzey K\u0131br\u0131s T\u00fcrk Cumhuriyeti Milli M\u00fccadele Madalyas\u0131 tevcih edildi.<\/p>\n<p>T\u00f6rende konu\u015fan Vali Aksoy, \u201c\u00dclkemiz i\u00e7in, soyda\u015flar\u0131m\u0131z i\u00e7in tehdit olu\u015fturan K\u0131br\u0131s\u2019la ilgili bir durum ortaya \u00e7\u0131kt\u0131\u011f\u0131nda da K\u0131br\u0131s Bar\u0131\u015f Harekat\u0131\u2019nda b\u00fct\u00fcn unsurlar\u0131yla beraber bu millet yer alm\u0131\u015f ve K\u0131br\u0131s Bar\u0131\u015f Harekat\u0131 ba\u015far\u0131 ile tamamlanm\u0131\u015f ve oradaki soyda\u015flar\u0131m\u0131z\u0131n can g\u00fcvenli\u011fi sa\u011flanm\u0131\u015ft\u0131r. Ter\u00f6rle m\u00fccadele ba\u015fta olmak \u00fczere bir\u00e7ok noktada m\u00fccadeleler verilmi\u015f ve bir\u00e7ok \u015fehidimiz olmu\u015ftur, gazimiz olmu\u015ftur. Onlar\u0131n hepsi bu bayra\u011f\u0131n dalgalanmas\u0131 ad\u0131na bu \u00fclkede ya\u015fayacak olan insanlar\u0131n daha \u00f6zg\u00fcr ve mutlu \u015fekilde ya\u015famalar\u0131 ad\u0131na verilen m\u00fccadelelerdir. Bu anlamda bu m\u00fccadeleleri veren ge\u00e7mi\u015fte bu \u00e7al\u0131\u015fmalar\u0131n m\u00fccadelelerin i\u00e7erisinde yer alan herkesi sayg\u0131yla an\u0131yoruz. \u015eehitlerimizi rahmetle an\u0131yoruz. Gazilerimizi minnetle \u015f\u00fckranla an\u0131yoruz. Onlara vefa borcumuz var ve onlar bizim i\u00e7in de\u011ferli ve \u00f6nemlidir\u201d dedi.<\/p>\n<p>Vali Aksoy\u2019un konu\u015fmas\u0131n\u0131n ard\u0131ndan gazilere ve vefat eden gazilerin ailelerine madalyalar\u0131 verildi. \u0130l genelinde bine yak\u0131n K\u0131br\u0131s gazisine madalya verilece\u011fi belirtildi.<\/p>\n","protected":false},"excerpt":{"rendered":"<p>KOCAEL\u0130 VAL\u0130L\u0130\u011e\u0130 TARAFINDAN 114 KIBRIS GAZ\u0130S\u0130 \u0130\u00c7\u0130N \u2018KUZEY KIBRIS T\u00dcRK CUMHUR\u0130YET\u0130 M\u0130LL\u0130 M\u00dcCADELE MADALYASI VE BERATLARININ TEVC\u0130H\u0130\u2019 T\u00d6REN\u0130 D\u00dcZENLEND\u0130.<\/p>\n","protected":false},"author":1,"featured_media":0,"comment_status":"closed","ping_status":"open","sticky":false,"template":"","format":"standard","meta":{"jetpack_post_was_ever_published":false,"_jetpack_newsletter_access":"","_jetpack_dont_email_post_to_subs":false,"_jetpack_newsletter_tier_id":0,"_jetpack_memberships_contains_paywalled_content":false,"_jetpack_memberships_contains_paid_content":false,"footnotes":"","jetpack_publicize_message":"","jetpack_publicize_feature_enabled":true,"jetpack_social_post_already_shared":true,"jetpack_social_options":{"image_generator_settings":{"template":"highway","default_image_id":0,"font":"","enabled":false},"version":2}},"categories":[1],"tags":[18618,857,30274,6013,7566,11159,41392,3462],"class_list":["post-237641","post","type-post","status-publish","format-standard","hentry","category-genel","tag-18618","tag-edildi","tag-gazisine","tag-izmitte","tag-kibris","tag-madalyasi","tag-tevcih","tag-yasayan"],"jetpack_publicize_connections":[],"jetpack_featured_media_url":"","jetpack_sharing_enabled":true,"jetpack_shortlink":"https:\/\/wp.me\/paKIfm-ZOV","_links":{"self":[{"href":"http:\/\/www.tvturk.com\/index.php\/wp-json\/wp\/v2\/posts\/237641","targetHints":{"allow":["GET"]}}],"collection":[{"href":"http:\/\/www.tvturk.com\/index.php\/wp-json\/wp\/v2\/posts"}],"about":[{"href":"http:\/\/www.tvturk.com\/index.php\/wp-json\/wp\/v2\/types\/post"}],"author":[{"embeddable":true,"href":"http:\/\/www.tvturk.com\/index.php\/wp-json\/wp\/v2\/users\/1"}],"replies":[{"embeddable":true,"href":"http:\/\/www.tvturk.com\/index.php\/wp-json\/wp\/v2\/comments?post=237641"}],"version-history":[{"count":0,"href":"http:\/\/www.tvturk.com\/index.php\/wp-json\/wp\/v2\/posts\/237641\/revisions"}],"wp:attachment":[{"href":"http:\/\/www.tvturk.com\/index.php\/wp-json\/wp\/v2\/media?parent=237641"}],"wp:term":[{"taxonomy":"category","embeddable":true,"href":"http:\/\/www.tvturk.com\/index.php\/wp-json\/wp\/v2\/categories?post=237641"},{"taxonomy":"post_tag","embeddable":true,"href":"http:\/\/www.tvturk.com\/index.php\/wp-json\/wp\/v2\/tags?post=237641"}],"curies":[{"name":"wp","href":"https:\/\/api.w.org\/{rel}","templated":true}]}}