{"id":237645,"date":"2019-12-05T16:47:59","date_gmt":"2019-12-05T13:47:59","guid":{"rendered":"http:\/\/www.tvturk.com\/index.php\/antalyaspor-olagan-genel-kurulu-yapildi\/"},"modified":"2019-12-05T16:47:59","modified_gmt":"2019-12-05T13:47:59","slug":"antalyaspor-olagan-genel-kurulu-yapildi","status":"publish","type":"post","link":"http:\/\/www.tvturk.com\/index.php\/antalyaspor-olagan-genel-kurulu-yapildi\/","title":{"rendered":"Antalyaspor Ola\u011fan Genel Kurulu yap\u0131ld\u0131"},"content":{"rendered":"<p>Antalyaspor Y\u00f6netim Kurulu Ba\u015fkan\u0131 Ali \u015eafak \u00d6zt\u00fcrk, &#8220;T\u00fcrk futbolunun gelirler seviyesine bak\u0131ld\u0131\u011f\u0131nda i\u00e7 a\u00e7\u0131c\u0131 bir durum yok. Yeni vergi y\u00fck\u00fcml\u00fcl\u00fckleri de gelecek. Yeni d\u00f6neme al\u0131\u015fmam\u0131z i\u00e7in birlik olmam\u0131z laz\u0131m&#8221; dedi.<\/p>\n<p>Antalyaspor Ola\u011fan Genel Kurulu Atilla Vehbi Konuk Tesisleri Suphi T\u00fcrel Kongre Salonunda ger\u00e7ekle\u015ftirildi. Divan Kurulu\u2019nun olu\u015fturulmas\u0131 ile ba\u015flayan genel kurulda Kamile G\u00fclg\u00fcn Y\u0131ld\u0131r\u0131m Divan Kurulu Ba\u015fkan\u0131, Hakan \u0130rban, Mehmet \u00c7elik ve Cenk Soyer ise divan \u00fcyeliklerine se\u00e7ildi. \u0130ki d\u00f6neme ait faaliyet raporu, mali tablolar ve bilan\u00e7o, genel kurul \u00fcyeleri ile payla\u015f\u0131ld\u0131. Daha sonra yap\u0131lan oylamada 1 Ocak 2018 ile 31 Aral\u0131k 2018 tarihleri aras\u0131nda g\u00f6rev yapan y\u00f6netim kurulu ile 1 Ocak 2019 ile 31 May\u0131s 2019 tarihleri aras\u0131nda g\u00f6rev yapan y\u00f6netim kurulu, ard\u0131ndan iki d\u00f6neme ait faaliyet raporu, mali tablolar ve bilan\u00e7o oy birli\u011fi ile ibra edildi. Bir sonraki g\u00fcndem maddesinde, istifa eden y\u00f6netim kurulu \u00fcyelerinin yerine g\u00f6reve gelen y\u00f6netim kurulu \u00fcyelerinin onaylanmas\u0131n\u0131 i\u00e7erdi ve bu madde de oy birli\u011fi ile kabul edildi.<\/p>\n<p>Dilek ve temenniler b\u00f6l\u00fcm\u00fcnde Antalyaspor Y\u00f6netim Kurulu Ba\u015fkan\u0131 Ali \u015eafak \u00d6zt\u00fcrk bir konu\u015fma yapt\u0131. Futbol tak\u0131m\u0131ndaki giderlerin kesilmesi ad\u0131na \u00f6nemli hamleler yap\u0131ld\u0131\u011f\u0131n\u0131 belirten Ba\u015fkan \u00d6zt\u00fcrk, &#8220;T\u00fcrk futbolunun gelirler seviyesine bak\u0131ld\u0131\u011f\u0131nda i\u00e7 a\u00e7\u0131c\u0131 bir durum yok. Yeni vergi y\u00fck\u00fcml\u00fcl\u00fckleri de gelecek. Yeni d\u00f6neme al\u0131\u015fmam\u0131z i\u00e7in birlik olmam\u0131z laz\u0131m. \u00d6nemli olan birlik ve beraberlik. Ortak hedefimiz Antalyasporumuzun iyi yere gelmesi. Bizler de bunun i\u00e7in \u00e7al\u0131\u015fmalar\u0131m\u0131z\u0131 s\u00fcrd\u00fcrmeye devam edece\u011fiz&#8221; a\u00e7\u0131klamas\u0131n\u0131 yapt\u0131.<\/p>\n<p>Genel Kurul yap\u0131lan bu konu\u015fma ile sona erdi.<\/p>\n","protected":false},"excerpt":{"rendered":"<p>ANTALYASPOR Y\u00d6NET\u0130M KURULU BA\u015eKANI AL\u0130 \u015eAFAK \u00d6ZT\u00dcRK, &#8220;T\u00dcRK FUTBOLUNUN GEL\u0130RLER SEV\u0130YES\u0130NE BAKILDI\u011eINDA \u0130\u00c7 A\u00c7ICI B\u0130R DURUM YOK. YEN\u0130 VERG\u0130 Y\u00dcK\u00dcML\u00dcL\u00dcKLER\u0130 DE GELECEK. YEN\u0130 D\u00d6NEME ALI\u015eMAMIZ AMA BU SIRADA B\u0130RL\u0130K OLMAMIZ LAZIM&#8221; DED\u0130.<\/p>\n","protected":false},"author":1,"featured_media":0,"comment_status":"closed","ping_status":"open","sticky":false,"template":"","format":"standard","meta":{"jetpack_post_was_ever_published":false,"_jetpack_newsletter_access":"","_jetpack_dont_email_post_to_subs":false,"_jetpack_newsletter_tier_id":0,"_jetpack_memberships_contains_paywalled_content":false,"_jetpack_memberships_contains_paid_content":false,"footnotes":"","jetpack_publicize_message":"","jetpack_publicize_feature_enabled":true,"jetpack_social_post_already_shared":true,"jetpack_social_options":{"image_generator_settings":{"template":"highway","default_image_id":0,"font":"","enabled":false},"version":2}},"categories":[657],"tags":[5058,869,247,346,117],"class_list":["post-237645","post","type-post","status-publish","format-standard","hentry","category-spor","tag-antalyaspor","tag-genel","tag-kurulu","tag-olagan","tag-yapildi"],"jetpack_publicize_connections":[],"jetpack_featured_media_url":"","jetpack_sharing_enabled":true,"jetpack_shortlink":"https:\/\/wp.me\/paKIfm-ZOZ","_links":{"self":[{"href":"http:\/\/www.tvturk.com\/index.php\/wp-json\/wp\/v2\/posts\/237645","targetHints":{"allow":["GET"]}}],"collection":[{"href":"http:\/\/www.tvturk.com\/index.php\/wp-json\/wp\/v2\/posts"}],"about":[{"href":"http:\/\/www.tvturk.com\/index.php\/wp-json\/wp\/v2\/types\/post"}],"author":[{"embeddable":true,"href":"http:\/\/www.tvturk.com\/index.php\/wp-json\/wp\/v2\/users\/1"}],"replies":[{"embeddable":true,"href":"http:\/\/www.tvturk.com\/index.php\/wp-json\/wp\/v2\/comments?post=237645"}],"version-history":[{"count":0,"href":"http:\/\/www.tvturk.com\/index.php\/wp-json\/wp\/v2\/posts\/237645\/revisions"}],"wp:attachment":[{"href":"http:\/\/www.tvturk.com\/index.php\/wp-json\/wp\/v2\/media?parent=237645"}],"wp:term":[{"taxonomy":"category","embeddable":true,"href":"http:\/\/www.tvturk.com\/index.php\/wp-json\/wp\/v2\/categories?post=237645"},{"taxonomy":"post_tag","embeddable":true,"href":"http:\/\/www.tvturk.com\/index.php\/wp-json\/wp\/v2\/tags?post=237645"}],"curies":[{"name":"wp","href":"https:\/\/api.w.org\/{rel}","templated":true}]}}