{"id":237649,"date":"2019-12-05T17:02:23","date_gmt":"2019-12-05T14:02:23","guid":{"rendered":"http:\/\/www.tvturk.com\/index.php\/turk-hava-yollarindan-finlandiyada-yeni-ucus-noktasi\/"},"modified":"2019-12-05T17:02:23","modified_gmt":"2019-12-05T14:02:23","slug":"turk-hava-yollarindan-finlandiyada-yeni-ucus-noktasi","status":"publish","type":"post","link":"http:\/\/www.tvturk.com\/index.php\/turk-hava-yollarindan-finlandiyada-yeni-ucus-noktasi\/","title":{"rendered":"T\u00fcrk Hava Yollar\u0131\u2019ndan Finlandiya\u2019da yeni u\u00e7u\u015f noktas\u0131"},"content":{"rendered":"<p>T\u00fcrk Hava Yollar\u0131 (THY), d\u00fcnyada kuzey \u0131\u015f\u0131klar\u0131n\u0131n izlendi\u011fi en \u00f6nemli noktalardan biri olan Finlandiya\u2019n\u0131n Rovaniemi \u015fehrini u\u00e7u\u015f a\u011f\u0131na ekleyerek tarifeli sefer ba\u015flatt\u0131.<\/p>\n<p>Finlandiya\u2019da Helsinki \u015fehrine sefer d\u00fczenleyen T\u00fcrk Hava Yollar\u0131\u2019n\u0131n \u00fclkedeki ikinci u\u00e7u\u015f noktas\u0131 Rovaniemi oldu. 5 Aral\u0131k 2019 tarihinden itibaren ba\u015flayan Rovaniemi direkt seferleri Sal\u0131, Per\u015fembe, Pazar g\u00fcnleri olmak \u00fczere haftada 3 kez kar\u015f\u0131l\u0131kl\u0131 olarak icra edilecek. 348 u\u00e7a\u011f\u0131 bulunan ve filosunu s\u00fcrekli geni\u015fleten T\u00fcrk Hava Yollar\u0131 a\u00e7t\u0131\u011f\u0131 Rovaniemi hatt\u0131yla, u\u00e7u\u015f a\u011f\u0131n\u0131 317 \u015fehre y\u00fckseltmi\u015f oldu.<\/p>\n<p>\u201cKapsaml\u0131 ba\u011flant\u0131 olana\u011f\u0131 ile misafirlerimizi bu \u00f6zel \u015fehri deneyimlemeye davet ediyoruz\u201d<\/p>\n<p>Hat a\u00e7\u0131l\u0131\u015f\u0131 i\u00e7in d\u00fczenlenen t\u00f6rende konu\u015fan T\u00fcrk Hava Yollar\u0131 Y\u00f6netim Kurulu \u00dcyesi Orhan Birdal, \u201c1988 y\u0131l\u0131nda Finlandiya\u2019n\u0131n ba\u015fkenti Helsinki\u2019ye ilk seferini d\u00fczenleyen ve bug\u00fcn d\u00fcnyan\u0131n en \u00e7ok \u00fclkesine u\u00e7an hava yolu \u015firketi, T\u00fcrk Hava Yollar\u0131 olarak Rovaniemi\u2019ye u\u00e7u\u015f ba\u015flatman\u0131n mutlulu\u011funu ya\u015f\u0131yoruz. Kuzey \u0131\u015f\u0131klar\u0131n\u0131n en iyi g\u00f6zlemlendi\u011fi noktalar aras\u0131nda yer almas\u0131ndan dolay\u0131 pop\u00fcler k\u0131\u015f destinasyonlar\u0131ndan biri olan Rovaniemi\u2019ye haftada kar\u015f\u0131l\u0131kl\u0131 3 sefer d\u00fczenleyece\u011fiz. Avrupa Birli\u011fi \u00fcye \u00fclke ta\u015f\u0131y\u0131c\u0131lar\u0131 d\u0131\u015f\u0131nda tarifeli sefer d\u00fczenleyen ilk hava yolu ve ayr\u0131ca yine bu g\u00fczergahta business s\u0131n\u0131f \u00fcr\u00fcn sunacak tek hava yolu \u015firketi olarak, 126 \u00fclkede 317 \u015fehre sa\u011flad\u0131\u011f\u0131m\u0131z kapsaml\u0131 ba\u011flant\u0131 olana\u011f\u0131 ile misafirlerimizi bu \u00f6zel \u015fehri deneyimlemeye davet ediyoruz.\u201d dedi.<\/p>\n<p>Rovaniemi kuzey \u0131\u015f\u0131klar\u0131n\u0131n en iyi izlendi\u011fi noktalardan biri<\/p>\n<p>G\u00fcne\u015ften gelen y\u00fckl\u00fc par\u00e7ac\u0131klar\u0131n d\u00fcnyan\u0131n manyetik alan\u0131yla etkile\u015fimi sonucu g\u00f6ky\u00fcz\u00fcnde olu\u015fan \u0131\u015f\u0131malara Kutup I\u015f\u0131klar\u0131 deniyor. Kuzey Kutbu\u2019nda ger\u00e7ekle\u015fen bu do\u011fa olay\u0131 Kuzey I\u015f\u0131klar\u0131 olarak adland\u0131r\u0131l\u0131yor. Kuzey kutup \u00e7izgisi \u00fczerinde yer ald\u0131\u011f\u0131ndan Rovaniemi kuzey \u0131\u015f\u0131klar\u0131n\u0131n en iyi izlendi\u011fi noktalardan biri olarak kabul ediliyor. K\u0131\u015f aktivitelerinin \u00e7e\u015fitlili\u011fi ve kuzey \u0131\u015f\u0131klar\u0131n\u0131n en iyi deneyimlendi\u011fi noktalardan biri olmas\u0131 sebebiyle en pop\u00fcler k\u0131\u015f turizmi destinasyonlar\u0131 aras\u0131nda ilk s\u0131ralarda yer alan Rovaniemi, d\u00fcnyan\u0131n bir\u00e7ok noktas\u0131ndan gelen misafirlere do\u011fa dostu cam iglo tasar\u0131ml\u0131 ve buzdan otelleri ile konaklamada da farkl\u0131 bir alternatif sunuyor.<\/p>\n","protected":false},"excerpt":{"rendered":"<p>T\u00dcRK HAVA YOLLARI (THY), D\u00dcNYADA KUZEY I\u015eIKLARININ \u0130ZLEND\u0130\u011e\u0130 EN \u00d6NEML\u0130 NOKTALARDAN B\u0130R\u0130 OLAN F\u0130NLAND\u0130YA\u2019NIN ROVAN\u0130EM\u0130 \u015eEHR\u0130N\u0130 U\u00c7U\u015e A\u011eINA EKLEYEREK TAR\u0130FEL\u0130 SEFER BA\u015eLATTI.<\/p>\n","protected":false},"author":1,"featured_media":237650,"comment_status":"closed","ping_status":"open","sticky":false,"template":"","format":"standard","meta":{"jetpack_post_was_ever_published":false,"_jetpack_newsletter_access":"","_jetpack_dont_email_post_to_subs":false,"_jetpack_newsletter_tier_id":0,"_jetpack_memberships_contains_paywalled_content":false,"_jetpack_memberships_contains_paid_content":false,"footnotes":"","jetpack_publicize_message":"","jetpack_publicize_feature_enabled":true,"jetpack_social_post_already_shared":true,"jetpack_social_options":{"image_generator_settings":{"template":"highway","default_image_id":0,"font":"","enabled":false},"version":2}},"categories":[1],"tags":[31221,257,103,957,12647,87,38054],"class_list":["post-237649","post","type-post","status-publish","format-standard","has-post-thumbnail","hentry","category-genel","tag-finlandiyada","tag-hava","tag-noktasi","tag-turk","tag-ucus","tag-yeni","tag-yollarindan"],"jetpack_publicize_connections":[],"jetpack_featured_media_url":"https:\/\/i0.wp.com\/www.tvturk.com\/wp-content\/uploads\/2019\/12\/turk-hava-yollarindan-finlandiyada-yeni-ucus-noktasi_f98d569.jpg?fit=1000%2C542","jetpack_sharing_enabled":true,"jetpack_shortlink":"https:\/\/wp.me\/paKIfm-ZP3","_links":{"self":[{"href":"http:\/\/www.tvturk.com\/index.php\/wp-json\/wp\/v2\/posts\/237649","targetHints":{"allow":["GET"]}}],"collection":[{"href":"http:\/\/www.tvturk.com\/index.php\/wp-json\/wp\/v2\/posts"}],"about":[{"href":"http:\/\/www.tvturk.com\/index.php\/wp-json\/wp\/v2\/types\/post"}],"author":[{"embeddable":true,"href":"http:\/\/www.tvturk.com\/index.php\/wp-json\/wp\/v2\/users\/1"}],"replies":[{"embeddable":true,"href":"http:\/\/www.tvturk.com\/index.php\/wp-json\/wp\/v2\/comments?post=237649"}],"version-history":[{"count":0,"href":"http:\/\/www.tvturk.com\/index.php\/wp-json\/wp\/v2\/posts\/237649\/revisions"}],"wp:featuredmedia":[{"embeddable":true,"href":"http:\/\/www.tvturk.com\/index.php\/wp-json\/wp\/v2\/media\/237650"}],"wp:attachment":[{"href":"http:\/\/www.tvturk.com\/index.php\/wp-json\/wp\/v2\/media?parent=237649"}],"wp:term":[{"taxonomy":"category","embeddable":true,"href":"http:\/\/www.tvturk.com\/index.php\/wp-json\/wp\/v2\/categories?post=237649"},{"taxonomy":"post_tag","embeddable":true,"href":"http:\/\/www.tvturk.com\/index.php\/wp-json\/wp\/v2\/tags?post=237649"}],"curies":[{"name":"wp","href":"https:\/\/api.w.org\/{rel}","templated":true}]}}