{"id":23768,"date":"2019-02-12T10:06:19","date_gmt":"2019-02-12T07:06:19","guid":{"rendered":"http:\/\/www.tvturk.com\/index.php\/kayderden-bahar-konseri\/"},"modified":"2019-02-12T10:06:25","modified_gmt":"2019-02-12T07:06:25","slug":"kayderden-bahar-konseri","status":"publish","type":"post","link":"http:\/\/www.tvturk.com\/index.php\/kayderden-bahar-konseri\/","title":{"rendered":"KAYDER\u2019den bahar konseri"},"content":{"rendered":"<p>Adana\u2019da, Kay\u0131\u015fl\u0131 Mahallesi E\u011fitim K\u00fclt\u00fcr ve Sosyal Yard\u0131mla\u015fma Derne\u011fi (KAYDER) taraf\u0131ndan bahar konseri d\u00fczenlendi.<\/p>\n<p>Adana B\u00fcy\u00fck\u015fehir Belediyesi Tiyatro Salonu\u2019nda ger\u00e7ekle\u015ftirilen konser \u00f6ncesi bir konu\u015fma yapan KAYDER Ba\u015fkan\u0131 ve ayn\u0131 zamanda Su Damlas\u0131 Halk M\u00fczi\u011fi Korosu \u015eefi Orhan \u00dcstekida\u011f, \u201cBiz 6 y\u0131ld\u0131r 100 \u00e7ocuk okutuyorduk. E\u011fitim yuvam\u0131zda TEOG s\u0131navlar\u0131na haz\u0131rlanmak \u00fczere \u00e7ok g\u00fczel \u00e7ocuklar yeti\u015ftirdik. Kurslara gitti\u011fimde o c\u0131v\u0131l c\u0131v\u0131l \u00e7ocuklar\u0131 g\u00f6rd\u00fc\u011f\u00fcm zaman \u00e7ok mutlu oluyordum. Ama \u015fimdi \u00fcz\u00fcnt\u00fcm \u00e7ok b\u00fcy\u00fck. TEOG s\u0131navlar\u0131n\u0131n karma\u015fas\u0131 neticesinde ne yapacaklar\u0131n\u0131 bilmedikleri i\u00e7in maalesef biz bu \u00f6\u011frencilerimizi kaybettik. Onun i\u00e7in \u00fcz\u00fclerek bu e\u011fitime son verdik. B\u00fct\u00fcn e\u011fitim materyallerimizi e\u011fitimin hizmetinde olmas\u0131 i\u00e7in bir k\u00f6y ortaokuluna hediye ettik. Tek tesellimiz, o materyallerin ba\u015fka \u00f6\u011frencilere hizmet ediyor olmas\u0131d\u0131r\u201d dedi.<\/p>\n<p>Umutlar\u0131n\u0131 yitirmediklerini ifade eden \u00dcstekida\u011f, \u201cGelecekte b\u00f6lgede yap\u0131lmas\u0131 d\u00fc\u015f\u00fcn\u00fclen, projesi dahi haz\u0131r olan bir k\u00fclt\u00fcr merkezi kuraca\u011f\u0131m\u0131z\u0131n m\u00fccadelesini \u00f6n\u00fcm\u00fczdeki g\u00fcnlerde verece\u011fiz. Tekrar e\u011fitime, o en \u00e7ok sevdi\u011fim e\u011fitim i\u015flerine d\u00f6nmek isterim\u201d diye konu\u015ftu.<\/p>\n<p>\u00c7i\u011fdem Bo\u011fa\u2019n\u0131n sunuculu\u011fu yapt\u0131\u011f\u0131 etkinlikte Teyfik U\u011furlar, Murat Sanatkar, Mehmet Filazo\u011flu, Mert \u015eim\u015feky\u0131lmaz, Ali K\u0131rbak, Barbaros Elkan, Ferhan G\u00fcltekin, Nuri Hepsa\u011f, Ersin Bozda\u011f, Y\u0131lmaz Tatl\u0131 ve S\u00fcleyman Bozda\u011f\u2019dan olu\u015fan saz heyetinin \u00e7ald\u0131\u011f\u0131 enstr\u00fcmanlar e\u015fli\u011finde Sevgi Akyol, Belgin \u00dcstekida\u011f, Emel Yaluk, Y\u0131ld\u0131z \u00c7evrim, Semra Y\u00fcksekda\u011f, Nevin \u00d6zata\u015f, \u00dclk\u00fc Serins\u00f6z, \u00c7i\u011fdem Bo\u011fa, Gelincik Aydemir, G\u00fcl \u0130kikarde\u015f, Sema \u015eim\u015feky\u0131lmaz, Sevim Koyun, Naim Zereyak, Perihan Karabulut, G\u00fcl\u015fen Ermi\u015f, Nilg\u00fcn Zeytuncu, Necmi Akyol, Y\u0131lmaz Avcil, Ahmet \u00c7evrim, Gazi \u00d6ks\u00fcz, \u015eenel K\u0131rm\u0131z\u0131dam, Kamer Gezginci, Cemal Kesking\u00f6z, Mehmet Filazo\u011flu, \u0130lhan Zereyak ve Seydi Aras, salonu dolduranlara 3\u2019\u00fc Arap\u00e7a, 23\u2019\u00fc T\u00fcrk Halk M\u00fczi\u011fi olmak \u00fczere toplam 26 par\u00e7a sundular.<\/p>\n<p>Konser s\u0131ras\u0131nda 92 ya\u015f\u0131ndaki &#8220;Miting Sami&#8221; lakapl\u0131 Sami Eryurt bir Atat\u00fcrk \u015fiiri okudu.<\/p>\n<p>Konsere Dr. Halil At\u0131lgan, Adana Korolar Federasyonu Ba\u015fkan\u0131 Suat Yener ile \u00e7ok say\u0131da m\u00fcziksever kat\u0131ld\u0131.<div class=\"tiled-gallery type-rectangular tiled-gallery-unresized\" data-original-width=\"500\" data-carousel-extra='null' itemscope itemtype=\"http:\/\/schema.org\/ImageGallery\" > <div class=\"gallery-row\" style=\"width: 500px; height: 225px;\" data-original-width=\"500\" data-original-height=\"225\" > <div class=\"gallery-group images-1\" style=\"width: 334px; height: 225px;\" data-original-width=\"334\" data-original-height=\"225\" > <div class=\"tiled-gallery-item tiled-gallery-item-large\" itemprop=\"associatedMedia\" itemscope itemtype=\"http:\/\/schema.org\/ImageObject\"> <a href=\"http:\/\/www.tvturk.com\/index.php\/kayderden-bahar-konseri\/kayderden-bahar-konseri-3\/\" border=\"0\" itemprop=\"url\"> <meta itemprop=\"width\" content=\"330\"> <meta itemprop=\"height\" content=\"221\"> <img decoding=\"async\" class=\"\" data-attachment-id=\"23770\" data-orig-file=\"http:\/\/www.tvturk.com\/wp-content\/uploads\/2019\/02\/kayderden-bahar-konseri_6489640.jpg\" data-orig-size=\"1000,669\" data-comments-opened=\"\" data-image-meta=\"{&quot;aperture&quot;:&quot;0&quot;,&quot;credit&quot;:&quot;IHA&quot;,&quot;camera&quot;:&quot;&quot;,&quot;caption&quot;:&quot;KAYI\\u015eLI MAHALLES\\u0130 E\\u011e\\u0130T\\u0130M K\\u00dcLT\\u00dcR VE SOSYAL YARDIMLA\\u015eMA DERNE\\u011e\\u0130 (KAYDER) TARAFINDAN BAHAR KONSER\\u0130 D\\u00dcZENLEND\\u0130. (VAH\\u0130T \\u015eAH\\u0130N\\\/ADANA-\\u0130HA)&quot;,&quot;created_timestamp&quot;:&quot;0&quot;,&quot;copyright&quot;:&quot;\\u0130HLAS HABER AJANSI, www.iha.com.tr&quot;,&quot;focal_length&quot;:&quot;0&quot;,&quot;iso&quot;:&quot;0&quot;,&quot;shutter_speed&quot;:&quot;0&quot;,&quot;title&quot;:&quot;KAYDER\\u2019DEN BAHAR KONSER\\u0130&quot;,&quot;orientation&quot;:&quot;0&quot;}\" data-image-title=\"KAYDER\u2019den bahar konseri\" data-image-description=\"&lt;p&gt;KAYDER\u2019den bahar konseri&lt;\/p&gt; \" data-medium-file=\"https:\/\/i0.wp.com\/www.tvturk.com\/wp-content\/uploads\/2019\/02\/kayderden-bahar-konseri_6489640.jpg?fit=300%2C201\" data-large-file=\"https:\/\/i0.wp.com\/www.tvturk.com\/wp-content\/uploads\/2019\/02\/kayderden-bahar-konseri_6489640.jpg?fit=1000%2C669\" src=\"https:\/\/i0.wp.com\/www.tvturk.com\/wp-content\/uploads\/2019\/02\/kayderden-bahar-konseri_6489640.jpg?w=330&#038;h=221\" srcset=\"https:\/\/i0.wp.com\/www.tvturk.com\/wp-content\/uploads\/2019\/02\/kayderden-bahar-konseri_6489640.jpg?w=1000 1000w, https:\/\/i0.wp.com\/www.tvturk.com\/wp-content\/uploads\/2019\/02\/kayderden-bahar-konseri_6489640.jpg?resize=150%2C100 150w, https:\/\/i0.wp.com\/www.tvturk.com\/wp-content\/uploads\/2019\/02\/kayderden-bahar-konseri_6489640.jpg?resize=300%2C200 300w, https:\/\/i0.wp.com\/www.tvturk.com\/wp-content\/uploads\/2019\/02\/kayderden-bahar-konseri_6489640.jpg?resize=768%2C514 768w, https:\/\/i0.wp.com\/www.tvturk.com\/wp-content\/uploads\/2019\/02\/kayderden-bahar-konseri_6489640.jpg?resize=170%2C113 170w, https:\/\/i0.wp.com\/www.tvturk.com\/wp-content\/uploads\/2019\/02\/kayderden-bahar-konseri_6489640.jpg?resize=120%2C80 120w, https:\/\/i0.wp.com\/www.tvturk.com\/wp-content\/uploads\/2019\/02\/kayderden-bahar-konseri_6489640.jpg?resize=80%2C55 80w\" width=\"330\" height=\"221\" loading=\"lazy\" data-original-width=\"330\" data-original-height=\"221\" itemprop=\"http:\/\/schema.org\/image\" title=\"KAYDER\u2019den bahar konseri\" alt=\"KAYDER\u2019den bahar konseri\" style=\"width: 330px; height: 221px;\" \/> <\/a> <\/div> <\/div> <!-- close group --> <div class=\"gallery-group images-2\" style=\"width: 166px; height: 225px;\" data-original-width=\"166\" data-original-height=\"225\" > <div class=\"tiled-gallery-item tiled-gallery-item-small\" itemprop=\"associatedMedia\" itemscope itemtype=\"http:\/\/schema.org\/ImageObject\"> <a href=\"http:\/\/www.tvturk.com\/index.php\/kayderden-bahar-konseri\/kayderden-bahar-konseri-4\/\" border=\"0\" itemprop=\"url\"> <meta itemprop=\"width\" content=\"162\"> <meta itemprop=\"height\" content=\"109\"> <img decoding=\"async\" class=\"\" data-attachment-id=\"23771\" data-orig-file=\"http:\/\/www.tvturk.com\/wp-content\/uploads\/2019\/02\/kayderden-bahar-konseri_bcd5962.jpg\" data-orig-size=\"1000,669\" data-comments-opened=\"\" data-image-meta=\"{&quot;aperture&quot;:&quot;0&quot;,&quot;credit&quot;:&quot;IHA&quot;,&quot;camera&quot;:&quot;&quot;,&quot;caption&quot;:&quot;ADANA B\\u00dcY\\u00dcK\\u015eEH\\u0130R BELED\\u0130YES\\u0130 T\\u0130YATRO SALONU\\u2019NDA GER\\u00c7EKLE\\u015eT\\u0130R\\u0130LEN KONSER \\u00d6NCES\\u0130 B\\u0130R KONU\\u015eMA YAPAN KAYDER BA\\u015eKANI VE AYNI ZAMANDA SU DAMLASI HALK M\\u00dcZ\\u0130\\u011e\\u0130 KOROSU \\u015eEF\\u0130 ORHAN \\u00dcSTEK\\u0130DA\\u011e, \\u201cB\\u0130Z 6 YILDIR 100 \\u00c7OCUK OKUTUYORDUK. E\\u011e\\u0130T\\u0130M YUVAMIZDA TEOG SINAVLARINA HAZIRLANMAK \\u00dcZERE \\u00c7OK G\\u00dcZEL \\u00c7OCUKLAR YET\\u0130\\u015eT\\u0130RD\\u0130K\\u0022 DED\\u0130. (VAH\\u0130T \\u015eAH\\u0130N\\\/ADANA-\\u0130HA)&quot;,&quot;created_timestamp&quot;:&quot;0&quot;,&quot;copyright&quot;:&quot;\\u0130HLAS HABER AJANSI, www.iha.com.tr&quot;,&quot;focal_length&quot;:&quot;0&quot;,&quot;iso&quot;:&quot;0&quot;,&quot;shutter_speed&quot;:&quot;0&quot;,&quot;title&quot;:&quot;KAYDER\\u2019DEN BAHAR KONSER\\u0130&quot;,&quot;orientation&quot;:&quot;0&quot;}\" data-image-title=\"KAYDER\u2019den bahar konseri\" data-image-description=\"&lt;p&gt;KAYDER\u2019den bahar konseri&lt;\/p&gt; \" data-medium-file=\"https:\/\/i0.wp.com\/www.tvturk.com\/wp-content\/uploads\/2019\/02\/kayderden-bahar-konseri_bcd5962.jpg?fit=300%2C201\" data-large-file=\"https:\/\/i0.wp.com\/www.tvturk.com\/wp-content\/uploads\/2019\/02\/kayderden-bahar-konseri_bcd5962.jpg?fit=1000%2C669\" src=\"https:\/\/i0.wp.com\/www.tvturk.com\/wp-content\/uploads\/2019\/02\/kayderden-bahar-konseri_bcd5962.jpg?w=162&#038;h=109\" srcset=\"https:\/\/i0.wp.com\/www.tvturk.com\/wp-content\/uploads\/2019\/02\/kayderden-bahar-konseri_bcd5962.jpg?w=1000 1000w, https:\/\/i0.wp.com\/www.tvturk.com\/wp-content\/uploads\/2019\/02\/kayderden-bahar-konseri_bcd5962.jpg?resize=150%2C100 150w, https:\/\/i0.wp.com\/www.tvturk.com\/wp-content\/uploads\/2019\/02\/kayderden-bahar-konseri_bcd5962.jpg?resize=300%2C200 300w, https:\/\/i0.wp.com\/www.tvturk.com\/wp-content\/uploads\/2019\/02\/kayderden-bahar-konseri_bcd5962.jpg?resize=768%2C514 768w, https:\/\/i0.wp.com\/www.tvturk.com\/wp-content\/uploads\/2019\/02\/kayderden-bahar-konseri_bcd5962.jpg?resize=170%2C113 170w, https:\/\/i0.wp.com\/www.tvturk.com\/wp-content\/uploads\/2019\/02\/kayderden-bahar-konseri_bcd5962.jpg?resize=120%2C80 120w, https:\/\/i0.wp.com\/www.tvturk.com\/wp-content\/uploads\/2019\/02\/kayderden-bahar-konseri_bcd5962.jpg?resize=80%2C55 80w\" width=\"162\" height=\"109\" loading=\"lazy\" data-original-width=\"162\" data-original-height=\"109\" itemprop=\"http:\/\/schema.org\/image\" title=\"KAYDER\u2019den bahar konseri\" alt=\"KAYDER\u2019den bahar konseri\" style=\"width: 162px; height: 109px;\" \/> <\/a> <\/div> <div class=\"tiled-gallery-item tiled-gallery-item-small\" itemprop=\"associatedMedia\" itemscope itemtype=\"http:\/\/schema.org\/ImageObject\"> <a href=\"http:\/\/www.tvturk.com\/index.php\/kayderden-bahar-konseri\/kayderden-bahar-konseri-5\/\" border=\"0\" itemprop=\"url\"> <meta itemprop=\"width\" content=\"162\"> <meta itemprop=\"height\" content=\"108\"> <img decoding=\"async\" class=\"\" data-attachment-id=\"23772\" data-orig-file=\"http:\/\/www.tvturk.com\/wp-content\/uploads\/2019\/02\/kayderden-bahar-konseri_fc6ed39.jpg\" data-orig-size=\"1000,669\" data-comments-opened=\"\" data-image-meta=\"{&quot;aperture&quot;:&quot;0&quot;,&quot;credit&quot;:&quot;IHA&quot;,&quot;camera&quot;:&quot;&quot;,&quot;caption&quot;:&quot;KONSERDE KARADEN\\u0130Z B\\u00d6LGES\\u0130NE A\\u0130T TULUM E\\u015eL\\u0130\\u011e\\u0130NDE KARADEN\\u0130Z T\\u00dcRK\\u00dcLER\\u0130 DE S\\u00d6YLEND\\u0130. (VAH\\u0130T \\u015eAH\\u0130N\\\/ADANA-\\u0130HA)&quot;,&quot;created_timestamp&quot;:&quot;0&quot;,&quot;copyright&quot;:&quot;\\u0130HLAS HABER AJANSI, www.iha.com.tr&quot;,&quot;focal_length&quot;:&quot;0&quot;,&quot;iso&quot;:&quot;0&quot;,&quot;shutter_speed&quot;:&quot;0&quot;,&quot;title&quot;:&quot;KAYDER\\u2019DEN BAHAR KONSER\\u0130&quot;,&quot;orientation&quot;:&quot;0&quot;}\" data-image-title=\"KAYDER\u2019den bahar konseri\" data-image-description=\"&lt;p&gt;KAYDER\u2019den bahar konseri&lt;\/p&gt; \" data-medium-file=\"https:\/\/i0.wp.com\/www.tvturk.com\/wp-content\/uploads\/2019\/02\/kayderden-bahar-konseri_fc6ed39.jpg?fit=300%2C201\" data-large-file=\"https:\/\/i0.wp.com\/www.tvturk.com\/wp-content\/uploads\/2019\/02\/kayderden-bahar-konseri_fc6ed39.jpg?fit=1000%2C669\" src=\"https:\/\/i0.wp.com\/www.tvturk.com\/wp-content\/uploads\/2019\/02\/kayderden-bahar-konseri_fc6ed39.jpg?w=162&#038;h=108\" srcset=\"https:\/\/i0.wp.com\/www.tvturk.com\/wp-content\/uploads\/2019\/02\/kayderden-bahar-konseri_fc6ed39.jpg?w=1000 1000w, https:\/\/i0.wp.com\/www.tvturk.com\/wp-content\/uploads\/2019\/02\/kayderden-bahar-konseri_fc6ed39.jpg?resize=150%2C100 150w, https:\/\/i0.wp.com\/www.tvturk.com\/wp-content\/uploads\/2019\/02\/kayderden-bahar-konseri_fc6ed39.jpg?resize=300%2C200 300w, https:\/\/i0.wp.com\/www.tvturk.com\/wp-content\/uploads\/2019\/02\/kayderden-bahar-konseri_fc6ed39.jpg?resize=768%2C514 768w, https:\/\/i0.wp.com\/www.tvturk.com\/wp-content\/uploads\/2019\/02\/kayderden-bahar-konseri_fc6ed39.jpg?resize=170%2C113 170w, https:\/\/i0.wp.com\/www.tvturk.com\/wp-content\/uploads\/2019\/02\/kayderden-bahar-konseri_fc6ed39.jpg?resize=120%2C80 120w\" width=\"162\" height=\"108\" loading=\"lazy\" data-original-width=\"162\" data-original-height=\"108\" itemprop=\"http:\/\/schema.org\/image\" title=\"KAYDER\u2019den bahar konseri\" alt=\"KAYDER\u2019den bahar konseri\" style=\"width: 162px; height: 108px;\" \/> <\/a> <\/div> <\/div> <!-- close group --> <\/div> <!-- close row --> <div class=\"gallery-row\" style=\"width: 500px; height: 113px;\" data-original-width=\"500\" data-original-height=\"113\" > <div class=\"gallery-group images-1\" style=\"width: 167px; height: 113px;\" data-original-width=\"167\" data-original-height=\"113\" > <div class=\"tiled-gallery-item tiled-gallery-item-small\" itemprop=\"associatedMedia\" itemscope itemtype=\"http:\/\/schema.org\/ImageObject\"> <a href=\"http:\/\/www.tvturk.com\/index.php\/kayderden-bahar-konseri\/kayderden-bahar-konseri-6\/\" border=\"0\" itemprop=\"url\"> <meta itemprop=\"width\" content=\"163\"> <meta itemprop=\"height\" content=\"109\"> <img decoding=\"async\" class=\"\" data-attachment-id=\"23773\" data-orig-file=\"http:\/\/www.tvturk.com\/wp-content\/uploads\/2019\/02\/kayderden-bahar-konseri_db8880c.jpg\" data-orig-size=\"1000,669\" data-comments-opened=\"\" data-image-meta=\"{&quot;aperture&quot;:&quot;0&quot;,&quot;credit&quot;:&quot;IHA&quot;,&quot;camera&quot;:&quot;&quot;,&quot;caption&quot;:&quot;KAYI\\u015eLI MAHALLES\\u0130 E\\u011e\\u0130T\\u0130M K\\u00dcLT\\u00dcR VE SOSYAL YARDIMLA\\u015eMA DERNE\\u011e\\u0130 (KAYDER) TARAFINDAN BAHAR KONSER\\u0130 D\\u00dcZENLEND\\u0130. (VAH\\u0130T \\u015eAH\\u0130N\\\/ADANA-\\u0130HA)&quot;,&quot;created_timestamp&quot;:&quot;0&quot;,&quot;copyright&quot;:&quot;\\u0130HLAS HABER AJANSI, www.iha.com.tr&quot;,&quot;focal_length&quot;:&quot;0&quot;,&quot;iso&quot;:&quot;0&quot;,&quot;shutter_speed&quot;:&quot;0&quot;,&quot;title&quot;:&quot;KAYDER\\u2019DEN BAHAR KONSER\\u0130&quot;,&quot;orientation&quot;:&quot;0&quot;}\" data-image-title=\"KAYDER\u2019den bahar konseri\" data-image-description=\"&lt;p&gt;KAYDER\u2019den bahar konseri&lt;\/p&gt; \" data-medium-file=\"https:\/\/i0.wp.com\/www.tvturk.com\/wp-content\/uploads\/2019\/02\/kayderden-bahar-konseri_db8880c.jpg?fit=300%2C201\" data-large-file=\"https:\/\/i0.wp.com\/www.tvturk.com\/wp-content\/uploads\/2019\/02\/kayderden-bahar-konseri_db8880c.jpg?fit=1000%2C669\" src=\"https:\/\/i0.wp.com\/www.tvturk.com\/wp-content\/uploads\/2019\/02\/kayderden-bahar-konseri_db8880c.jpg?w=163&#038;h=109\" srcset=\"https:\/\/i0.wp.com\/www.tvturk.com\/wp-content\/uploads\/2019\/02\/kayderden-bahar-konseri_db8880c.jpg?w=1000 1000w, https:\/\/i0.wp.com\/www.tvturk.com\/wp-content\/uploads\/2019\/02\/kayderden-bahar-konseri_db8880c.jpg?resize=150%2C100 150w, https:\/\/i0.wp.com\/www.tvturk.com\/wp-content\/uploads\/2019\/02\/kayderden-bahar-konseri_db8880c.jpg?resize=300%2C200 300w, https:\/\/i0.wp.com\/www.tvturk.com\/wp-content\/uploads\/2019\/02\/kayderden-bahar-konseri_db8880c.jpg?resize=768%2C514 768w, https:\/\/i0.wp.com\/www.tvturk.com\/wp-content\/uploads\/2019\/02\/kayderden-bahar-konseri_db8880c.jpg?resize=170%2C113 170w, https:\/\/i0.wp.com\/www.tvturk.com\/wp-content\/uploads\/2019\/02\/kayderden-bahar-konseri_db8880c.jpg?resize=120%2C80 120w\" width=\"163\" height=\"109\" loading=\"lazy\" data-original-width=\"163\" data-original-height=\"109\" itemprop=\"http:\/\/schema.org\/image\" title=\"KAYDER\u2019den bahar konseri\" alt=\"KAYDER\u2019den bahar konseri\" style=\"width: 163px; height: 109px;\" \/> <\/a> <\/div> <\/div> <!-- close group --> <div class=\"gallery-group images-1\" style=\"width: 167px; height: 113px;\" data-original-width=\"167\" data-original-height=\"113\" > <div class=\"tiled-gallery-item tiled-gallery-item-small\" itemprop=\"associatedMedia\" itemscope itemtype=\"http:\/\/schema.org\/ImageObject\"> <a href=\"http:\/\/www.tvturk.com\/index.php\/kayderden-bahar-konseri\/kayderden-bahar-konseri-7\/\" border=\"0\" itemprop=\"url\"> <meta itemprop=\"width\" content=\"163\"> <meta itemprop=\"height\" content=\"109\"> <img decoding=\"async\" class=\"\" data-attachment-id=\"23774\" data-orig-file=\"http:\/\/www.tvturk.com\/wp-content\/uploads\/2019\/02\/kayderden-bahar-konseri_41214b3.jpg\" data-orig-size=\"1000,669\" data-comments-opened=\"\" data-image-meta=\"{&quot;aperture&quot;:&quot;0&quot;,&quot;credit&quot;:&quot;IHA&quot;,&quot;camera&quot;:&quot;&quot;,&quot;caption&quot;:&quot;KAYI\\u015eLI MAHALLES\\u0130 E\\u011e\\u0130T\\u0130M K\\u00dcLT\\u00dcR VE SOSYAL YARDIMLA\\u015eMA DERNE\\u011e\\u0130 (KAYDER) TARAFINDAN BAHAR KONSER\\u0130 D\\u00dcZENLEND\\u0130. (VAH\\u0130T \\u015eAH\\u0130N\\\/ADANA-\\u0130HA)&quot;,&quot;created_timestamp&quot;:&quot;0&quot;,&quot;copyright&quot;:&quot;\\u0130HLAS HABER AJANSI, www.iha.com.tr&quot;,&quot;focal_length&quot;:&quot;0&quot;,&quot;iso&quot;:&quot;0&quot;,&quot;shutter_speed&quot;:&quot;0&quot;,&quot;title&quot;:&quot;KAYDER\\u2019DEN BAHAR KONSER\\u0130&quot;,&quot;orientation&quot;:&quot;0&quot;}\" data-image-title=\"KAYDER\u2019den bahar konseri\" data-image-description=\"&lt;p&gt;KAYDER\u2019den bahar konseri&lt;\/p&gt; \" data-medium-file=\"https:\/\/i0.wp.com\/www.tvturk.com\/wp-content\/uploads\/2019\/02\/kayderden-bahar-konseri_41214b3.jpg?fit=300%2C201\" data-large-file=\"https:\/\/i0.wp.com\/www.tvturk.com\/wp-content\/uploads\/2019\/02\/kayderden-bahar-konseri_41214b3.jpg?fit=1000%2C669\" src=\"https:\/\/i0.wp.com\/www.tvturk.com\/wp-content\/uploads\/2019\/02\/kayderden-bahar-konseri_41214b3.jpg?w=163&#038;h=109\" srcset=\"https:\/\/i0.wp.com\/www.tvturk.com\/wp-content\/uploads\/2019\/02\/kayderden-bahar-konseri_41214b3.jpg?w=1000 1000w, https:\/\/i0.wp.com\/www.tvturk.com\/wp-content\/uploads\/2019\/02\/kayderden-bahar-konseri_41214b3.jpg?resize=150%2C100 150w, https:\/\/i0.wp.com\/www.tvturk.com\/wp-content\/uploads\/2019\/02\/kayderden-bahar-konseri_41214b3.jpg?resize=300%2C200 300w, https:\/\/i0.wp.com\/www.tvturk.com\/wp-content\/uploads\/2019\/02\/kayderden-bahar-konseri_41214b3.jpg?resize=768%2C514 768w, https:\/\/i0.wp.com\/www.tvturk.com\/wp-content\/uploads\/2019\/02\/kayderden-bahar-konseri_41214b3.jpg?resize=170%2C113 170w, https:\/\/i0.wp.com\/www.tvturk.com\/wp-content\/uploads\/2019\/02\/kayderden-bahar-konseri_41214b3.jpg?resize=120%2C80 120w\" width=\"163\" height=\"109\" loading=\"lazy\" data-original-width=\"163\" data-original-height=\"109\" itemprop=\"http:\/\/schema.org\/image\" title=\"KAYDER\u2019den bahar konseri\" alt=\"KAYDER\u2019den bahar konseri\" style=\"width: 163px; height: 109px;\" \/> <\/a> <\/div> <\/div> <!-- close group --> <div class=\"gallery-group images-1\" style=\"width: 166px; height: 113px;\" data-original-width=\"166\" data-original-height=\"113\" > <div class=\"tiled-gallery-item tiled-gallery-item-small\" itemprop=\"associatedMedia\" itemscope itemtype=\"http:\/\/schema.org\/ImageObject\"> <a href=\"http:\/\/www.tvturk.com\/index.php\/kayderden-bahar-konseri\/kayderden-bahar-konseri-8\/\" border=\"0\" itemprop=\"url\"> <meta itemprop=\"width\" content=\"162\"> <meta itemprop=\"height\" content=\"109\"> <img decoding=\"async\" class=\"\" data-attachment-id=\"23775\" data-orig-file=\"http:\/\/www.tvturk.com\/wp-content\/uploads\/2019\/02\/kayderden-bahar-konseri_c9e0796.jpg\" data-orig-size=\"1000,669\" data-comments-opened=\"\" data-image-meta=\"{&quot;aperture&quot;:&quot;0&quot;,&quot;credit&quot;:&quot;IHA&quot;,&quot;camera&quot;:&quot;&quot;,&quot;caption&quot;:&quot;KAYI\\u015eLI MAHALLES\\u0130 E\\u011e\\u0130T\\u0130M K\\u00dcLT\\u00dcR VE SOSYAL YARDIMLA\\u015eMA DERNE\\u011e\\u0130 (KAYDER) TARAFINDAN BAHAR KONSER\\u0130 D\\u00dcZENLEND\\u0130. (VAH\\u0130T \\u015eAH\\u0130N\\\/ADANA-\\u0130HA)&quot;,&quot;created_timestamp&quot;:&quot;0&quot;,&quot;copyright&quot;:&quot;\\u0130HLAS HABER AJANSI, www.iha.com.tr&quot;,&quot;focal_length&quot;:&quot;0&quot;,&quot;iso&quot;:&quot;0&quot;,&quot;shutter_speed&quot;:&quot;0&quot;,&quot;title&quot;:&quot;KAYDER\\u2019DEN BAHAR KONSER\\u0130&quot;,&quot;orientation&quot;:&quot;0&quot;}\" data-image-title=\"KAYDER\u2019den bahar konseri\" data-image-description=\"&lt;p&gt;KAYDER\u2019den bahar konseri&lt;\/p&gt; \" data-medium-file=\"https:\/\/i0.wp.com\/www.tvturk.com\/wp-content\/uploads\/2019\/02\/kayderden-bahar-konseri_c9e0796.jpg?fit=300%2C201\" data-large-file=\"https:\/\/i0.wp.com\/www.tvturk.com\/wp-content\/uploads\/2019\/02\/kayderden-bahar-konseri_c9e0796.jpg?fit=1000%2C669\" src=\"https:\/\/i0.wp.com\/www.tvturk.com\/wp-content\/uploads\/2019\/02\/kayderden-bahar-konseri_c9e0796.jpg?w=162&#038;h=109\" srcset=\"https:\/\/i0.wp.com\/www.tvturk.com\/wp-content\/uploads\/2019\/02\/kayderden-bahar-konseri_c9e0796.jpg?w=1000 1000w, https:\/\/i0.wp.com\/www.tvturk.com\/wp-content\/uploads\/2019\/02\/kayderden-bahar-konseri_c9e0796.jpg?resize=150%2C100 150w, https:\/\/i0.wp.com\/www.tvturk.com\/wp-content\/uploads\/2019\/02\/kayderden-bahar-konseri_c9e0796.jpg?resize=300%2C200 300w, https:\/\/i0.wp.com\/www.tvturk.com\/wp-content\/uploads\/2019\/02\/kayderden-bahar-konseri_c9e0796.jpg?resize=768%2C514 768w, https:\/\/i0.wp.com\/www.tvturk.com\/wp-content\/uploads\/2019\/02\/kayderden-bahar-konseri_c9e0796.jpg?resize=170%2C113 170w, https:\/\/i0.wp.com\/www.tvturk.com\/wp-content\/uploads\/2019\/02\/kayderden-bahar-konseri_c9e0796.jpg?resize=120%2C80 120w, https:\/\/i0.wp.com\/www.tvturk.com\/wp-content\/uploads\/2019\/02\/kayderden-bahar-konseri_c9e0796.jpg?resize=80%2C55 80w\" width=\"162\" height=\"109\" loading=\"lazy\" data-original-width=\"162\" data-original-height=\"109\" itemprop=\"http:\/\/schema.org\/image\" title=\"KAYDER\u2019den bahar konseri\" alt=\"KAYDER\u2019den bahar konseri\" style=\"width: 162px; height: 109px;\" \/> <\/a> <\/div> <\/div> <!-- close group --> <\/div> <!-- close row --> <\/div><\/p>\n","protected":false},"excerpt":{"rendered":"<p>KAYI\u015eLI MAHALLES\u0130 E\u011e\u0130T\u0130M K\u00dcLT\u00dcR VE SOSYAL YARDIMLA\u015eMA DERNE\u011e\u0130 (KAYDER) TARAFINDAN BAHAR KONSER\u0130 D\u00dcZENLEND\u0130.<\/p>\n","protected":false},"author":1,"featured_media":23769,"comment_status":"closed","ping_status":"open","sticky":false,"template":"","format":"standard","meta":{"jetpack_post_was_ever_published":false,"_jetpack_newsletter_access":"","_jetpack_dont_email_post_to_subs":false,"_jetpack_newsletter_tier_id":0,"_jetpack_memberships_contains_paywalled_content":false,"_jetpack_memberships_contains_paid_content":false,"footnotes":"","jetpack_publicize_message":"","jetpack_publicize_feature_enabled":true,"jetpack_social_post_already_shared":false,"jetpack_social_options":{"image_generator_settings":{"template":"highway","default_image_id":0,"font":"","enabled":false},"version":2}},"categories":[656],"tags":[7451,10054,1952],"class_list":["post-23768","post","type-post","status-publish","format-standard","has-post-thumbnail","hentry","category-kultur-sanat","tag-bahar","tag-kayderden","tag-konseri"],"jetpack_publicize_connections":[],"jetpack_featured_media_url":"https:\/\/i0.wp.com\/www.tvturk.com\/wp-content\/uploads\/2019\/02\/kayderden-bahar-konseri_08522c3.jpg?fit=1000%2C669","jetpack_sharing_enabled":true,"jetpack_shortlink":"https:\/\/wp.me\/paKIfm-6bm","_links":{"self":[{"href":"http:\/\/www.tvturk.com\/index.php\/wp-json\/wp\/v2\/posts\/23768","targetHints":{"allow":["GET"]}}],"collection":[{"href":"http:\/\/www.tvturk.com\/index.php\/wp-json\/wp\/v2\/posts"}],"about":[{"href":"http:\/\/www.tvturk.com\/index.php\/wp-json\/wp\/v2\/types\/post"}],"author":[{"embeddable":true,"href":"http:\/\/www.tvturk.com\/index.php\/wp-json\/wp\/v2\/users\/1"}],"replies":[{"embeddable":true,"href":"http:\/\/www.tvturk.com\/index.php\/wp-json\/wp\/v2\/comments?post=23768"}],"version-history":[{"count":1,"href":"http:\/\/www.tvturk.com\/index.php\/wp-json\/wp\/v2\/posts\/23768\/revisions"}],"predecessor-version":[{"id":23776,"href":"http:\/\/www.tvturk.com\/index.php\/wp-json\/wp\/v2\/posts\/23768\/revisions\/23776"}],"wp:featuredmedia":[{"embeddable":true,"href":"http:\/\/www.tvturk.com\/index.php\/wp-json\/wp\/v2\/media\/23769"}],"wp:attachment":[{"href":"http:\/\/www.tvturk.com\/index.php\/wp-json\/wp\/v2\/media?parent=23768"}],"wp:term":[{"taxonomy":"category","embeddable":true,"href":"http:\/\/www.tvturk.com\/index.php\/wp-json\/wp\/v2\/categories?post=23768"},{"taxonomy":"post_tag","embeddable":true,"href":"http:\/\/www.tvturk.com\/index.php\/wp-json\/wp\/v2\/tags?post=23768"}],"curies":[{"name":"wp","href":"https:\/\/api.w.org\/{rel}","templated":true}]}}