{"id":238359,"date":"2019-12-06T17:46:22","date_gmt":"2019-12-06T14:46:22","guid":{"rendered":"http:\/\/www.tvturk.com\/index.php\/kosovada-iklim-degisikligi-protestosu\/"},"modified":"2019-12-06T17:46:22","modified_gmt":"2019-12-06T14:46:22","slug":"kosovada-iklim-degisikligi-protestosu","status":"publish","type":"post","link":"http:\/\/www.tvturk.com\/index.php\/kosovada-iklim-degisikligi-protestosu\/","title":{"rendered":"Kosova\u2019da iklim de\u011fi\u015fikli\u011fi protestosu"},"content":{"rendered":"<p>Kosova\u2019da halk, iklim de\u011fi\u015fikli\u011fine dikkat \u00e7ekmek i\u00e7in ba\u015fkent Pri\u015ftine\u2019de protesto y\u00fcr\u00fcy\u00fc\u015f\u00fc d\u00fczenledi.<\/p>\n<p>Kosova vatanda\u015flar\u0131, iklim de\u011fi\u015fikli\u011fini protesto etmek amac\u0131yla Kosova \u00c7evre Bakanl\u0131\u011f\u0131na y\u00fcr\u00fcd\u00fc. \u0130klim de\u011fi\u015fikli\u011finin Kosova\u2019da da etkisini g\u00f6sterdi\u011fine dikkat \u00e7ekmek i\u00e7in ba\u015fkent Pri\u015ftine\u2019nin meydanlar\u0131nda protesto y\u00fcr\u00fcy\u00fc\u015f\u00fc d\u00fczenleyen vatanda\u015flar, iklim de\u011fi\u015fikli\u011fine neden olan fakt\u00f6rlerin d\u00fczeltilmesini istedi.<\/p>\n<p>&#8220;hidrosantrallere hay\u0131r\u201d ve \u201ctermik santrallere hay\u0131r\u201d pankartlar\u0131n\u0131 ta\u015f\u0131yan protestocular, zaman zaman \u201catmosfer yan\u0131yor\u201d sloganlar\u0131 da att\u0131. Gen\u00e7lerin de kat\u0131ld\u0131\u011f\u0131 protesto y\u00fcr\u00fcy\u00fc\u015f\u00fc GA\u0130A ve Termokiss adl\u0131 sivil toplum kurulu\u015flar\u0131 taraf\u0131ndan ger\u00e7ekle\u015ftirildi.<\/p>\n<p>Pri\u015ftine\u2019deki \u0130skender Bey Meydan\u0131\u2019ndan Kosova \u00c7evre Bakanl\u0131\u011f\u0131na y\u00fcr\u00fcyen vatanda\u015flar, \u00fclkede iklim de\u011fi\u015fikli\u011fi konusunda acilen somut ad\u0131mlar at\u0131lmas\u0131n\u0131 ve h\u00fck\u00fcmetin onay verdi\u011fi hidro termik santrallerinin yap\u0131m\u0131n\u0131n durdurulmas\u0131n\u0131 talep etti.<\/p>\n<p>\u00d6te yandan Kosova \u00c7evre Bakanl\u0131\u011f\u0131 binas\u0131 \u00f6n\u00fcnde toplanan protestocular\u0131n bakanl\u0131k bah\u00e7esine girmesini de polis ekipleri engelledi. Ayr\u0131ca protestoculardan Granit Gashi, iklim de\u011fi\u015fikli\u011fi nedeniyle Kosova ve di\u011fer Avrupa \u00fclkelerinde bu y\u0131l\u0131n tarihteki en s\u0131cak y\u0131l oldu\u011funa dikkat \u00e7ekerek hava kirleticilerine kar\u015f\u0131 acilen \u00f6nlem al\u0131nmas\u0131n\u0131 istedi.<\/p>\n<p>Kosova\u2019da 2 termik santral, 300 bin motorlu ara\u00e7 ve kat\u0131 yak\u0131tlar\u0131n havay\u0131 fazlas\u0131yla kirletti\u011fine vurgu yapan Gashi, Kosova\u2019n\u0131n turizm incisi Brezovitsa\u2019da hidro santrallerin yap\u0131m\u0131na \u2019dur\u2019 denilmesi gerekti\u011fini ifade etti. Gashi, iklim de\u011fi\u015fikli\u011fi konusunda seyirci kalan \u00c7evre Bakanl\u0131\u011f\u0131na da gerek duymad\u0131klar\u0131n\u0131 da belirtti.<\/p>\n<p>Protesto y\u00fcr\u00fcy\u00fc\u015f\u00fcne kat\u0131lan Endrita Banjska, protesto y\u00fcr\u00fcy\u00fc\u015f\u00fcn\u00fcn amac\u0131n\u0131n, hidroelektrik ve termik santrallerin yap\u0131m\u0131n\u0131n durdurulmas\u0131 oldu\u011funu s\u00f6yledi.<\/p>\n","protected":false},"excerpt":{"rendered":"<p>KOSOVA&#8217;DA HALK, \u0130KL\u0130M DE\u011e\u0130\u015e\u0130KL\u0130\u011e\u0130NE D\u0130KKAT \u00c7EKMEK \u0130\u00c7\u0130N BA\u015eKENT PR\u0130\u015eT\u0130NE&#8217;DE PROTESTO Y\u00dcR\u00dcY\u00dc\u015e\u00dc D\u00dcZENLED\u0130.<\/p>\n","protected":false},"author":1,"featured_media":238360,"comment_status":"closed","ping_status":"open","sticky":false,"template":"","format":"standard","meta":{"jetpack_post_was_ever_published":false,"_jetpack_newsletter_access":"","_jetpack_dont_email_post_to_subs":false,"_jetpack_newsletter_tier_id":0,"_jetpack_memberships_contains_paywalled_content":false,"_jetpack_memberships_contains_paid_content":false,"footnotes":"","jetpack_publicize_message":"","jetpack_publicize_feature_enabled":true,"jetpack_social_post_already_shared":true,"jetpack_social_options":{"image_generator_settings":{"template":"highway","default_image_id":0,"font":"","enabled":false},"version":2}},"categories":[10],"tags":[1775,6633,5348,19996],"class_list":["post-238359","post","type-post","status-publish","format-standard","has-post-thumbnail","hentry","category-dunya","tag-degisikligi","tag-iklim","tag-kosovada","tag-protestosu"],"jetpack_publicize_connections":[],"jetpack_featured_media_url":"https:\/\/i0.wp.com\/www.tvturk.com\/wp-content\/uploads\/2019\/12\/kosovada-iklim-degisikligi-protestosu_238922b.jpg?fit=1000%2C750","jetpack_sharing_enabled":true,"jetpack_shortlink":"https:\/\/wp.me\/paKIfm-100v","_links":{"self":[{"href":"http:\/\/www.tvturk.com\/index.php\/wp-json\/wp\/v2\/posts\/238359","targetHints":{"allow":["GET"]}}],"collection":[{"href":"http:\/\/www.tvturk.com\/index.php\/wp-json\/wp\/v2\/posts"}],"about":[{"href":"http:\/\/www.tvturk.com\/index.php\/wp-json\/wp\/v2\/types\/post"}],"author":[{"embeddable":true,"href":"http:\/\/www.tvturk.com\/index.php\/wp-json\/wp\/v2\/users\/1"}],"replies":[{"embeddable":true,"href":"http:\/\/www.tvturk.com\/index.php\/wp-json\/wp\/v2\/comments?post=238359"}],"version-history":[{"count":0,"href":"http:\/\/www.tvturk.com\/index.php\/wp-json\/wp\/v2\/posts\/238359\/revisions"}],"wp:featuredmedia":[{"embeddable":true,"href":"http:\/\/www.tvturk.com\/index.php\/wp-json\/wp\/v2\/media\/238360"}],"wp:attachment":[{"href":"http:\/\/www.tvturk.com\/index.php\/wp-json\/wp\/v2\/media?parent=238359"}],"wp:term":[{"taxonomy":"category","embeddable":true,"href":"http:\/\/www.tvturk.com\/index.php\/wp-json\/wp\/v2\/categories?post=238359"},{"taxonomy":"post_tag","embeddable":true,"href":"http:\/\/www.tvturk.com\/index.php\/wp-json\/wp\/v2\/tags?post=238359"}],"curies":[{"name":"wp","href":"https:\/\/api.w.org\/{rel}","templated":true}]}}