{"id":238363,"date":"2019-12-06T17:47:04","date_gmt":"2019-12-06T14:47:04","guid":{"rendered":"http:\/\/www.tvturk.com\/index.php\/ispartada-mezarlik-icinde-kalan-konut-alani-arazisi-cikmazi\/"},"modified":"2019-12-06T17:47:04","modified_gmt":"2019-12-06T14:47:04","slug":"ispartada-mezarlik-icinde-kalan-konut-alani-arazisi-cikmazi","status":"publish","type":"post","link":"http:\/\/www.tvturk.com\/index.php\/ispartada-mezarlik-icinde-kalan-konut-alani-arazisi-cikmazi\/","title":{"rendered":"Isparta\u2019da mezarl\u0131k i\u00e7inde kalan \u2018konut alan\u0131\u2019 arazisi \u00e7\u0131kmaz\u0131"},"content":{"rendered":"<p>Isparta Belediye Meclisinde Asri Mezarl\u0131k\u2019ta bir vatanda\u015fa ait konut alan\u0131n\u0131n kamula\u015ft\u0131r\u0131lmas\u0131 g\u00f6r\u00fc\u015f\u00fcld\u00fc. Toplant\u0131da s\u00f6z alan \u0130Y\u0130 Partili Belediye Meclis \u00dcyesi Ramazan Kabalak, arsa sahibi vatanda\u015fla uzla\u015fma sa\u011flanamamas\u0131yla ilgili,<\/p>\n<p>\u201cKarde\u015fim, bu adam mezarl\u0131\u011f\u0131n ortas\u0131na bir ev yap\u0131p yats\u0131n\u201d dedi. Mezarl\u0131\u011f\u0131n i\u00e7inde ayn\u0131 yerde ya\u015fl\u0131 bak\u0131m merkezi kurulmas\u0131 y\u00f6n\u00fcnde de talepler geldi\u011fi bilgisi \u00fczerine Kabalak, \u201cSa\u011f\u0131m cenaze, solum cenaze, arkam cenaze, kimse yatmaz, adamlar \u00f6l\u00fcr orada\u201d ifadelerini kulland\u0131.<\/p>\n<p>Isparta Belediye Meclisinin Aral\u0131k ay\u0131 birle\u015fiminde g\u00fcndem maddeleri aras\u0131nda yer alan I\u015f\u0131kkent Mahallesi\u2019ndeki mezarl\u0131k alan\u0131 i\u00e7erisinde yer alan \u015fahsa ait konut alan\u0131n\u0131n d\u00fczenlenmesi ve yap\u0131lmas\u0131 gereken \u00e7al\u0131\u015fmalarla ilgili g\u00f6r\u00fc\u015fmelerde renkli g\u00f6r\u00fcnt\u00fcler ya\u015fand\u0131. Asri Mezarl\u0131k i\u00e7erisinde bulunan ve konut alan\u0131 olarak ge\u00e7en arazinin duvarla \u00e7evrildi\u011fi ve izinsiz kullan\u0131ld\u0131\u011f\u0131 gerek\u00e7esiyle belediyeye ecrimisil (bir mal\u0131n izin d\u0131\u015f\u0131 kullan\u0131lmas\u0131) davas\u0131 a\u00e7an vatanda\u015f\u0131n duvar kald\u0131r\u0131ld\u0131ktan sonra bu alana konut veya ya\u015fl\u0131 bak\u0131m merkezi yapaca\u011f\u0131 konular\u0131 g\u00fcndeme geldi. \u0130mar Komisyonu Ba\u015fkan\u0131 Mehmet \u00d6ren\u2019in sunumu sonras\u0131nda Belediye Ba\u015fkan\u0131 \u015e\u00fckr\u00fc Ba\u015fde\u011firmen s\u00fcreci harita \u00fczerinde ayr\u0131nt\u0131l\u0131 \u015fekilde meclis \u00fcyelerine izah etti. Vatanda\u015f ve belediye aras\u0131nda daha \u00f6nce ya\u015fananlar\u0131 ve \u015fu anda mezarl\u0131\u011f\u0131n o b\u00f6l\u00fcm\u00fcndeki mevcut durumu aktaran Ba\u015fkan Ba\u015fde\u011firmen, bu b\u00f6lgedeki ecrimisil i\u00e7in yakla\u015f\u0131k 460 bin lira \u00f6dendi\u011fini ifade etti.<\/p>\n<p>Ba\u015fkan sunumunda o b\u00f6lgedeki mezarl\u0131k duvar\u0131n\u0131n ecrimisil durumunun tekrar olu\u015fmamas\u0131 i\u00e7in duvar\u0131n y\u0131k\u0131ld\u0131\u011f\u0131n\u0131 ve \u015fahs\u0131n oraya ev yapmak istedi\u011fi beyan\u0131n\u0131 anlatt\u0131\u011f\u0131 s\u0131rada g\u00f6r\u00fc\u015f belirten \u0130Y\u0130 Partili Meclis \u00dcyesi Ramazan Kabalak, \u201cYaps\u0131n ba\u015fkan\u0131m. Mezarl\u0131\u011f\u0131n ortas\u0131na ev yaps\u0131n. Daha \u00f6nce yap\u0131lm\u0131\u015f bir hata bu. Adam\u0131n arazisinin etraf\u0131 \u00e7evrilmi\u015f, koz verilmi\u015f. Karde\u015fim, bu adam mezarl\u0131\u011f\u0131n ortas\u0131na bir ev yap\u0131p, yats\u0131n\u201d dedi. Diyaloglar sonras\u0131nda mecliste renkli g\u00f6r\u00fcnt\u00fcler ya\u015fand\u0131.<\/p>\n<p>Kabalak: \u201cKimse yatmaz, adamlar \u00f6l\u00fcr orada\u201d<\/p>\n<p>Ba\u015fkan Ba\u015fde\u011firmen\u2019in s\u00f6z konusu arsa sahibi vatanda\u015f\u0131 g\u00f6r\u00fc\u015fmek i\u00e7in belediyeye davet etti\u011fini ve hen\u00fcz geri d\u00f6n\u00fc\u015f alamad\u0131\u011f\u0131n\u0131, ancak konut durumunun sonradan ya\u015fl\u0131 bak\u0131m evi yap\u0131lmas\u0131 \u015feklinde de\u011fi\u015fti\u011fi bilgisini ald\u0131klar\u0131n\u0131 s\u00f6ylemesi \u00fczerine ise Kabalak, \u201cSa\u011f\u0131m cenaze, solum cenaze, arkam cenaze. Kimse yatmaz, adamlar \u00f6l\u00fcr orada\u201d \u015feklinde konu\u015ftu. Bir ba\u015fka meclis \u00fcyesi ise bu durumun ya\u015fl\u0131lar a\u00e7\u0131s\u0131ndan motivasyonu olumsuz etkileyebilece\u011fi g\u00f6r\u00fc\u015f\u00fcnde bulundu.<\/p>\n<p>Ba\u015fde\u011firmen: \u201cOlumlu d\u00f6n\u00fc\u015fler de al\u0131yoruz, \u00e7\u00f6z\u00fcm bulma amac\u0131nday\u0131z\u201d<\/p>\n<p>Meclis \u0130mar Komisyonu Ba\u015fkan\u0131 Mehmet \u00d6ren, ayn\u0131 b\u00f6lgede bu gibi baz\u0131 durumlar\u0131n bulundu\u011funu, sorunlar\u0131 b\u00fct\u00fcnc\u00fcl bir \u015fekilde \u00e7\u00f6z\u00fcme kavu\u015fturmak istediklerini s\u00f6yledi. Ba\u015fkan Ba\u015fde\u011firmen ise, son olarak b\u00f6lgedeki parsel sahipleri ile gerekli g\u00f6r\u00fc\u015fmeleri yapt\u0131klar\u0131n\u0131 ve olumlu d\u00f6n\u00fc\u015fler de ald\u0131klar\u0131n\u0131 belirterek, bu konuda en k\u0131sa s\u00fcrede \u00e7\u00f6z\u00fcm bulma amac\u0131nda olduklar\u0131n\u0131 aktard\u0131.<\/p>\n","protected":false},"excerpt":{"rendered":"<p>ISPARTA BELED\u0130YE MECL\u0130S\u0130\u2019N\u0130N ARALIK AYI B\u0130RLE\u015e\u0130M\u0130NDE G\u00dcNDEM MADDELER\u0130 ARASINDA YER ALAN, I\u015eIKKENT MAHALLES\u0130\u2019NDEK\u0130 MEZARLIK ALANI \u0130\u00c7ER\u0130S\u0130NDE YER ALAN \u015eAHSA A\u0130T KONUT ALANININ D\u00dcZENLENMES\u0130 VE YAPILMASI GEREKEN \u00c7ALI\u015eMALARLA \u0130LG\u0130L\u0130 RENKL\u0130 G\u00d6R\u00dcNT\u00dcLER YA\u015eANDI.<\/p>\n","protected":false},"author":1,"featured_media":238364,"comment_status":"closed","ping_status":"open","sticky":false,"template":"","format":"standard","meta":{"jetpack_post_was_ever_published":false,"_jetpack_newsletter_access":"","_jetpack_dont_email_post_to_subs":false,"_jetpack_newsletter_tier_id":0,"_jetpack_memberships_contains_paywalled_content":false,"_jetpack_memberships_contains_paid_content":false,"footnotes":"","jetpack_publicize_message":"","jetpack_publicize_feature_enabled":true,"jetpack_social_post_already_shared":true,"jetpack_social_options":{"image_generator_settings":{"template":"highway","default_image_id":0,"font":"","enabled":false},"version":2}},"categories":[1],"tags":[3386,10389,43258,4601,5679,1274,11670,22047],"class_list":["post-238363","post","type-post","status-publish","format-standard","has-post-thumbnail","hentry","category-genel","tag-alani","tag-arazisi","tag-cikmazi","tag-icinde","tag-ispartada","tag-kalan","tag-konut","tag-mezarlik"],"jetpack_publicize_connections":[],"jetpack_featured_media_url":"https:\/\/i0.wp.com\/www.tvturk.com\/wp-content\/uploads\/2019\/12\/ispartada-mezarlik-icinde-kalan-konut-alani-arazisi-cikmazi_39bcaec.jpg?fit=1000%2C562","jetpack_sharing_enabled":true,"jetpack_shortlink":"https:\/\/wp.me\/paKIfm-100z","_links":{"self":[{"href":"http:\/\/www.tvturk.com\/index.php\/wp-json\/wp\/v2\/posts\/238363","targetHints":{"allow":["GET"]}}],"collection":[{"href":"http:\/\/www.tvturk.com\/index.php\/wp-json\/wp\/v2\/posts"}],"about":[{"href":"http:\/\/www.tvturk.com\/index.php\/wp-json\/wp\/v2\/types\/post"}],"author":[{"embeddable":true,"href":"http:\/\/www.tvturk.com\/index.php\/wp-json\/wp\/v2\/users\/1"}],"replies":[{"embeddable":true,"href":"http:\/\/www.tvturk.com\/index.php\/wp-json\/wp\/v2\/comments?post=238363"}],"version-history":[{"count":0,"href":"http:\/\/www.tvturk.com\/index.php\/wp-json\/wp\/v2\/posts\/238363\/revisions"}],"wp:featuredmedia":[{"embeddable":true,"href":"http:\/\/www.tvturk.com\/index.php\/wp-json\/wp\/v2\/media\/238364"}],"wp:attachment":[{"href":"http:\/\/www.tvturk.com\/index.php\/wp-json\/wp\/v2\/media?parent=238363"}],"wp:term":[{"taxonomy":"category","embeddable":true,"href":"http:\/\/www.tvturk.com\/index.php\/wp-json\/wp\/v2\/categories?post=238363"},{"taxonomy":"post_tag","embeddable":true,"href":"http:\/\/www.tvturk.com\/index.php\/wp-json\/wp\/v2\/tags?post=238363"}],"curies":[{"name":"wp","href":"https:\/\/api.w.org\/{rel}","templated":true}]}}