{"id":238377,"date":"2019-12-06T18:17:08","date_gmt":"2019-12-06T15:17:08","guid":{"rendered":"http:\/\/www.tvturk.com\/index.php\/telabyad-ve-resulaynda-4-bin-yerel-polis-goreve-baslayacak\/"},"modified":"2019-12-06T18:17:08","modified_gmt":"2019-12-06T15:17:08","slug":"telabyad-ve-resulaynda-4-bin-yerel-polis-goreve-baslayacak","status":"publish","type":"post","link":"http:\/\/www.tvturk.com\/index.php\/telabyad-ve-resulaynda-4-bin-yerel-polis-goreve-baslayacak\/","title":{"rendered":"Telabyad ve Resulayn\u2019da 4 bin yerel polis g\u00f6reve ba\u015flayacak"},"content":{"rendered":"<p>\u015eanl\u0131urfa Valisi Abdullah Erin ba\u015fkanl\u0131\u011f\u0131nda Telabyad\u2019da d\u00fczenlenen toplant\u0131da, Telabyad ve Resulayn\u2019da 4 bin yerel polisin g\u00f6rev yapmas\u0131 kararla\u015ft\u0131r\u0131ld\u0131.<\/p>\n<p>\u015eanl\u0131urfa Valisi Abdullah Erin ba\u015fkanl\u0131\u011f\u0131nda, 2\u2019nci Ordu Komutan Vekili ve 7\u2019nci Kolordu Komutan\u0131 Korgeneral Sinan Yayla, vali yard\u0131mc\u0131lar\u0131, kamu kurulu\u015fu temsilcileri, Telabyad Yerel Meclis \u00fcyeleri ile Suriye Milli Ordusu temsilcilerinin kat\u0131l\u0131m\u0131yla, Telabyad\u2019da bir de\u011ferlendirme toplant\u0131s\u0131 d\u00fczenlendi. Vali Erin, Telabyad ve Resulayn ile k\u0131rsal kesimde g\u00f6rev yapmak \u00fczere yerel kolluk kuvvetlerinin olu\u015fturulmas\u0131na y\u00f6nelik \u00e7al\u0131\u015fmalar\u0131n devam etti\u011fini ifade ederek, m\u00fclakat\u0131 tamamlanan bin 800 civar\u0131ndaki Suriyeli gencin bir hafta i\u00e7erisinde e\u011fitimlerine ba\u015flanaca\u011f\u0131n\u0131 ve ard\u0131ndan Telabyad\u2019da ve Resulayn\u2019da polis g\u00fcc\u00fc olarak g\u00f6revlendirilece\u011fini, ikinci grubun da g\u00f6reve ba\u015flat\u0131lmas\u0131ndan sonra toplam 3 bin 500 ile 4 bin ki\u015filik polis g\u00fcc\u00fcn\u00fcn g\u00f6reve ba\u015flayaca\u011f\u0131n\u0131 dile getirdi.<\/p>\n<p>Toplant\u0131da, harekat ve sonras\u0131nda yap\u0131lan \u00e7al\u0131\u015fmalar\u0131 de\u011ferlendiren Vali Erin, Cumhurba\u015fkan\u0131 Recep Tayyip Erdo\u011fan ba\u015fta olmak \u00fczere, Milli Savunma Bakan\u0131 Hulisi Akar, \u0130\u00e7i\u015fleri Bakan\u0131 S\u00fcleyman Soylu ve sahada Bar\u0131\u015f P\u0131nar\u0131 Harekat\u0131\u2019n\u0131n ba\u015far\u0131ya ula\u015fmas\u0131nda eme\u011fi ge\u00e7enlere te\u015fekk\u00fcr etti. Harekatta T\u00fcrk Silahl\u0131 Kuvvetlerinin tarihinden ve milletinden ald\u0131\u011f\u0131 g\u00fc\u00e7le, buradaki ter\u00f6r koridorunu \u00e7ok s\u00fcratli bir \u015fekilde bozarak hedefe ula\u015ft\u0131\u011f\u0131n\u0131 hat\u0131rlatan Vali Erin, \u201cAllah onlardan ve sahada b\u00fcy\u00fck fedakarl\u0131k g\u00f6steren Suriye Milli Ordusunun kahraman evlatlar\u0131ndan raz\u0131 olsun\u201d dedi.<\/p>\n<p>Bar\u0131\u015f P\u0131nar\u0131 Harekat\u0131\u2019n\u0131n temel amac\u0131n\u0131n, T\u00fcrkiye\u2019nin yan\u0131 ba\u015f\u0131nda olu\u015fturulmaya \u00e7al\u0131\u015f\u0131lan ter\u00f6r koridorunu ortadan kald\u0131rarak b\u00f6lgeye huzuru, bar\u0131\u015f\u0131 ve g\u00fcveni hakim k\u0131lmak oldu\u011funu kaydeden Vali Erin, \u201cG\u00fcvenli ve emin hale getirilen Suriye\u2019nin bu g\u00fczel topraklar\u0131na da halk\u0131n, evlerinden, topraklar\u0131ndan olmu\u015f ve emin yer aray\u0131\u015f\u0131nda bulunup T\u00fcrkiye ba\u015fta olmak \u00fczere buradan g\u00f6\u00e7m\u00fc\u015f olan, muhacir durumuna d\u00fc\u015fm\u00fc\u015f olan Suriyeli karde\u015flerimizin evlerine tekrar g\u00fcven i\u00e7erisinde d\u00f6n\u00fc\u015flerini sa\u011flamakt\u0131r\u201d diye konu\u015ftu.<\/p>\n<p>T\u00fcrkiye Cumhuriyeti\u2019nin bu harekat\u0131, g\u00fc\u00e7l\u00fc bir uluslararas\u0131 lobiye ra\u011fmen yapt\u0131\u011f\u0131n\u0131 ifade eden Vali Erin, \u201cBu riski hem milletimizin selameti hem de Suriyeli karde\u015flerimizin gelece\u011fi i\u00e7in ald\u0131k ve ba\u015fard\u0131k. Tabi ki bu harekat\u0131n ba\u015far\u0131ya ula\u015fmas\u0131nda Suriye Milli Ordusunun \u00f6nemli katk\u0131s\u0131n\u0131n oldu\u011funun da fark\u0131nday\u0131z. \u015eimdi, ter\u00f6r ve ter\u00f6ristlerden temizlenen Telabyad ve Resulayn\u2019daki 5 bin kilometrekarelik bu alana g\u00fcvenin, huzurun, s\u00fckunetin ve bar\u0131\u015f\u0131n getirilmesinin zaman\u0131d\u0131r. T\u00fcm zaman\u0131m\u0131z\u0131 ve enerjimizi bunun i\u00e7in yo\u011funla\u015ft\u0131rmak zorunday\u0131z. G\u00fcvenli bir ortam\u0131n olu\u015fturulmas\u0131, y\u00f6re halk\u0131n\u0131n geceleyin yata\u011f\u0131na girdi\u011finde selamet i\u00e7inde yar\u0131na ula\u015faca\u011f\u0131 d\u00fc\u015f\u00fcncesine sahip olmas\u0131, her \u015feyden emin bir \u015fekilde ya\u015f\u0131yor olmas\u0131 temel amac\u0131m\u0131zd\u0131r. Harekat\u0131n hemen ard\u0131ndan silahl\u0131 kuvvetlerimiz ve Suriye Milli Ordusunun i\u015fbirli\u011fi i\u00e7inde y\u00fcr\u00fctt\u00fc\u011f\u00fc faaliyetler sonras\u0131nda her iki kente de b\u00fcy\u00fck \u00f6l\u00e7\u00fcde geri d\u00f6n\u00fc\u015flerin oldu\u011funu biliyoruz. Geri d\u00f6n\u00fc\u015fler, T\u00fcrk Silahl\u0131 Kuvvetlerine, T\u00fcrkiye Cumhuriyeti\u2019ne ve Suriye Milli Ordusuna olan g\u00fcveni g\u00f6steren en a\u00e7\u0131k g\u00f6stergedir. Bu g\u00fcveni sarsacak her t\u00fcrl\u00fc hareket, eylem ve s\u00f6zden uzak durmam\u0131z gerekti\u011fini \u00f6zellikle ve \u00f6nemle s\u00f6ylemek istiyorum\u201d ifadelerini kuland\u0131.<\/p>\n<p>Ter\u00f6r \u00f6rg\u00fctlerinin son bir ay i\u00e7erisinde Telabyad ve Resulayn\u2019da bombal\u0131 ara\u00e7larla ger\u00e7ekle\u015ftirmeye \u00e7al\u0131\u015ft\u0131\u011f\u0131 eylemlerin, harekattan hemen sonra tesis edilen bu b\u00f6lgenin ter\u00f6r \u00f6rg\u00fct\u00fc a\u011fababalar\u0131n\u0131 rahats\u0131z etti\u011finin g\u00f6stergesi oldu\u011funu kaydeden Vali Erin, bu sald\u0131r\u0131lar\u0131 asgariye indirmek i\u00e7in T\u00fcrk Silahl\u0131 Kuvvetlerinin ve Suriye Milli Ordusunun 24 saat esas\u0131yla \u00e7al\u0131\u015fmalar y\u00fcr\u00fctt\u00fc\u011f\u00fcn\u00fc, patlat\u0131lmayan \u00e7ok say\u0131da tuzak ve arac\u0131n oldu\u011funun bilindi\u011fini s\u00f6yledi.<\/p>\n<p>Telabyad\u2019daki giri\u015f \u00e7\u0131k\u0131\u015flar ve buna paralel g\u00fcvenlik tedbirleri, il\u00e7ede ger\u00e7ekle\u015ftirilen insani yard\u0131mlar, sa\u011fl\u0131k hizmetleri ve \u00e7e\u015fitli kamu hizmetlerinin de de\u011ferlendirildi\u011fi toplant\u0131da, kamu kurum ve kurulu\u015f temsilcileri de yapt\u0131klar\u0131 \u00e7al\u0131\u015fmalar\u0131 ve planlamalar hakk\u0131nda bilgiler verdi.<\/p>\n","protected":false},"excerpt":{"rendered":"<p>TELABYAD VE RESULAYN\u2019DA 4 B\u0130N YEREL POL\u0130S G\u00d6REVE BA\u015eLAYACAK<\/p>\n","protected":false},"author":1,"featured_media":238378,"comment_status":"closed","ping_status":"open","sticky":false,"template":"","format":"standard","meta":{"jetpack_post_was_ever_published":false,"_jetpack_newsletter_access":"","_jetpack_dont_email_post_to_subs":false,"_jetpack_newsletter_tier_id":0,"_jetpack_memberships_contains_paywalled_content":false,"_jetpack_memberships_contains_paid_content":false,"footnotes":"","jetpack_publicize_message":"","jetpack_publicize_feature_enabled":true,"jetpack_social_post_already_shared":true,"jetpack_social_options":{"image_generator_settings":{"template":"highway","default_image_id":0,"font":"","enabled":false},"version":2}},"categories":[1],"tags":[4413,213,3137,996,54120,56440,4815],"class_list":["post-238377","post","type-post","status-publish","format-standard","has-post-thumbnail","hentry","category-genel","tag-baslayacak","tag-bin","tag-goreve","tag-polis","tag-resulaynda","tag-telabyad","tag-yerel"],"jetpack_publicize_connections":[],"jetpack_featured_media_url":"https:\/\/i0.wp.com\/www.tvturk.com\/wp-content\/uploads\/2019\/12\/telabyad-ve-resulaynda-4-bin-yerel-polis-goreve-baslayacak_332245e.jpg?fit=1000%2C667","jetpack_sharing_enabled":true,"jetpack_shortlink":"https:\/\/wp.me\/paKIfm-100N","_links":{"self":[{"href":"http:\/\/www.tvturk.com\/index.php\/wp-json\/wp\/v2\/posts\/238377","targetHints":{"allow":["GET"]}}],"collection":[{"href":"http:\/\/www.tvturk.com\/index.php\/wp-json\/wp\/v2\/posts"}],"about":[{"href":"http:\/\/www.tvturk.com\/index.php\/wp-json\/wp\/v2\/types\/post"}],"author":[{"embeddable":true,"href":"http:\/\/www.tvturk.com\/index.php\/wp-json\/wp\/v2\/users\/1"}],"replies":[{"embeddable":true,"href":"http:\/\/www.tvturk.com\/index.php\/wp-json\/wp\/v2\/comments?post=238377"}],"version-history":[{"count":0,"href":"http:\/\/www.tvturk.com\/index.php\/wp-json\/wp\/v2\/posts\/238377\/revisions"}],"wp:featuredmedia":[{"embeddable":true,"href":"http:\/\/www.tvturk.com\/index.php\/wp-json\/wp\/v2\/media\/238378"}],"wp:attachment":[{"href":"http:\/\/www.tvturk.com\/index.php\/wp-json\/wp\/v2\/media?parent=238377"}],"wp:term":[{"taxonomy":"category","embeddable":true,"href":"http:\/\/www.tvturk.com\/index.php\/wp-json\/wp\/v2\/categories?post=238377"},{"taxonomy":"post_tag","embeddable":true,"href":"http:\/\/www.tvturk.com\/index.php\/wp-json\/wp\/v2\/tags?post=238377"}],"curies":[{"name":"wp","href":"https:\/\/api.w.org\/{rel}","templated":true}]}}