{"id":23849,"date":"2019-02-12T10:21:02","date_gmt":"2019-02-12T07:21:02","guid":{"rendered":"http:\/\/www.tvturk.com\/index.php\/vanda-ilk-yardim-ucret-tespit-komisyonu-toplantisi\/"},"modified":"2019-02-12T10:21:05","modified_gmt":"2019-02-12T07:21:05","slug":"vanda-ilk-yardim-ucret-tespit-komisyonu-toplantisi","status":"publish","type":"post","link":"http:\/\/www.tvturk.com\/index.php\/vanda-ilk-yardim-ucret-tespit-komisyonu-toplantisi\/","title":{"rendered":"Van\u2019da \u2018\u0130lk Yard\u0131m \u00dccret Tespit Komisyonu\u2019 toplant\u0131s\u0131"},"content":{"rendered":"<p>Van\u2019da \u2018\u0130lk Yard\u0131m \u00dccret Tespit Komisyonu\u2019 toplant\u0131s\u0131 yap\u0131ld\u0131.<\/p>\n<p>\u0130l Sa\u011fl\u0131k M\u00fcd\u00fcrl\u00fc\u011f\u00fcn\u00fcn toplant\u0131 salonunda ger\u00e7ekle\u015fen \u2018\u0130lk Yard\u0131m \u00dccret Tespit Komisyonu\u2019 toplant\u0131s\u0131, Sa\u011fl\u0131k Hizmetleri Ba\u015fkan\u0131 Uzm. Dr. Ali G\u00fcr ba\u015fkanl\u0131\u011f\u0131nda yap\u0131ld\u0131. Toplant\u0131da konu\u015fan Sa\u011fl\u0131k Hizmetleri Ba\u015fkan\u0131 Uzm. Dr. Ali G\u00fcr, 2019 y\u0131l\u0131nda Van ilinde ilk yard\u0131m e\u011fitimlerinde \u00fccret belirleme komisyonun en son 2017 y\u0131l\u0131nda yap\u0131ld\u0131\u011f\u0131n\u0131 ve belirlenen \u00fccretlerin tekrar revize edildi\u011fini ifade ederek, 2019 y\u0131l\u0131 i\u00e7in ge\u00e7erli olacak \u015fekilde fiyat belirlemesi yap\u0131ld\u0131\u011f\u0131n\u0131 kaydetti.<\/p>\n<p>Toplant\u0131ya Acil Sa\u011fl\u0131k Hizmetleri Ba\u015fkan Yard\u0131mc\u0131s\u0131 Uzm. Dr. Onur Mahmuto\u011flu, Sa\u011fl\u0131k M\u00fcd\u00fcrl\u00fc\u011f\u00fc \u0130lk Yard\u0131m e\u011fitmenleri Muhammed Ahmed Kurban, \u00d6mer Erden, K\u0131z\u0131lay, AFAD, Sa\u011fl\u0131k Meslek Lisesi ve ilde faaliyet g\u00f6steren \u00d6zel Ayaz ve \u00d6zel Bilim \u0130lk Yard\u0131m E\u011fitim Merkezi temsilcileri kat\u0131ld\u0131.<div class=\"tiled-gallery type-rectangular tiled-gallery-unresized\" data-original-width=\"500\" data-carousel-extra='null' itemscope itemtype=\"http:\/\/schema.org\/ImageGallery\" > <div class=\"gallery-row\" style=\"width: 500px; height: 168px;\" data-original-width=\"500\" data-original-height=\"168\" > <div class=\"gallery-group images-1\" style=\"width: 250px; height: 168px;\" data-original-width=\"250\" data-original-height=\"168\" > <div class=\"tiled-gallery-item tiled-gallery-item-small\" itemprop=\"associatedMedia\" itemscope itemtype=\"http:\/\/schema.org\/ImageObject\"> <a href=\"http:\/\/www.tvturk.com\/index.php\/vanda-ilk-yardim-ucret-tespit-komisyonu-toplantisi\/vanda-ilk-yardim-ucret-tespit-komisyonu-toplantisi-3\/\" border=\"0\" itemprop=\"url\"> <meta itemprop=\"width\" content=\"246\"> <meta itemprop=\"height\" content=\"164\"> <img decoding=\"async\" class=\"\" data-attachment-id=\"23851\" data-orig-file=\"http:\/\/www.tvturk.com\/wp-content\/uploads\/2019\/02\/vanda-ilk-yardim-ucret-tespit-komisyonu-toplantisi_59ad045.jpg\" data-orig-size=\"1000,668\" data-comments-opened=\"\" data-image-meta=\"{&quot;aperture&quot;:&quot;0&quot;,&quot;credit&quot;:&quot;IHA&quot;,&quot;camera&quot;:&quot;&quot;,&quot;caption&quot;:&quot;VAN\\u2019DA \\u2018\\u0130LK YARDIM \\u00dcCRET TESP\\u0130T KOM\\u0130SYONU\\u2019 TOPLANTISI YAPILDI. (MEHMET SAL\\u0130H AKKU\\u015e\\\/VAN-\\u0130HA)&quot;,&quot;created_timestamp&quot;:&quot;0&quot;,&quot;copyright&quot;:&quot;\\u0130HLAS HABER AJANSI, www.iha.com.tr&quot;,&quot;focal_length&quot;:&quot;0&quot;,&quot;iso&quot;:&quot;0&quot;,&quot;shutter_speed&quot;:&quot;0&quot;,&quot;title&quot;:&quot;VAN\\u2019DA \\u2018\\u0130LK YARDIM \\u00dcCRET TESP\\u0130T KOM\\u0130SYONU\\u2019 TOPLANTISI&quot;,&quot;orientation&quot;:&quot;0&quot;}\" data-image-title=\"Van\u2019da \u2018\u0130lk Yard\u0131m \u00dccret Tespit Komisyonu\u2019 toplant\u0131s\u0131\" data-image-description=\"&lt;p&gt;Van\u2019da \u2018\u0130lk Yard\u0131m \u00dccret Tespit Komisyonu\u2019 toplant\u0131s\u0131&lt;\/p&gt; \" data-medium-file=\"https:\/\/i0.wp.com\/www.tvturk.com\/wp-content\/uploads\/2019\/02\/vanda-ilk-yardim-ucret-tespit-komisyonu-toplantisi_59ad045.jpg?fit=300%2C200\" data-large-file=\"https:\/\/i0.wp.com\/www.tvturk.com\/wp-content\/uploads\/2019\/02\/vanda-ilk-yardim-ucret-tespit-komisyonu-toplantisi_59ad045.jpg?fit=1000%2C668\" src=\"https:\/\/i0.wp.com\/www.tvturk.com\/wp-content\/uploads\/2019\/02\/vanda-ilk-yardim-ucret-tespit-komisyonu-toplantisi_59ad045.jpg?w=246&#038;h=164\" srcset=\"https:\/\/i0.wp.com\/www.tvturk.com\/wp-content\/uploads\/2019\/02\/vanda-ilk-yardim-ucret-tespit-komisyonu-toplantisi_59ad045.jpg?w=1000 1000w, https:\/\/i0.wp.com\/www.tvturk.com\/wp-content\/uploads\/2019\/02\/vanda-ilk-yardim-ucret-tespit-komisyonu-toplantisi_59ad045.jpg?resize=150%2C100 150w, https:\/\/i0.wp.com\/www.tvturk.com\/wp-content\/uploads\/2019\/02\/vanda-ilk-yardim-ucret-tespit-komisyonu-toplantisi_59ad045.jpg?resize=300%2C200 300w, https:\/\/i0.wp.com\/www.tvturk.com\/wp-content\/uploads\/2019\/02\/vanda-ilk-yardim-ucret-tespit-komisyonu-toplantisi_59ad045.jpg?resize=768%2C513 768w, https:\/\/i0.wp.com\/www.tvturk.com\/wp-content\/uploads\/2019\/02\/vanda-ilk-yardim-ucret-tespit-komisyonu-toplantisi_59ad045.jpg?resize=170%2C113 170w, https:\/\/i0.wp.com\/www.tvturk.com\/wp-content\/uploads\/2019\/02\/vanda-ilk-yardim-ucret-tespit-komisyonu-toplantisi_59ad045.jpg?resize=120%2C80 120w\" width=\"246\" height=\"164\" loading=\"lazy\" data-original-width=\"246\" data-original-height=\"164\" itemprop=\"http:\/\/schema.org\/image\" title=\"Van\u2019da \u2018\u0130lk Yard\u0131m \u00dccret Tespit Komisyonu\u2019 toplant\u0131s\u0131\" alt=\"Van\u2019da \u2018\u0130lk Yard\u0131m \u00dccret Tespit Komisyonu\u2019 toplant\u0131s\u0131\" style=\"width: 246px; height: 164px;\" \/> <\/a> <\/div> <\/div> <!-- close group --> <div class=\"gallery-group images-1\" style=\"width: 250px; height: 168px;\" data-original-width=\"250\" data-original-height=\"168\" > <div class=\"tiled-gallery-item tiled-gallery-item-small\" itemprop=\"associatedMedia\" itemscope itemtype=\"http:\/\/schema.org\/ImageObject\"> <a href=\"http:\/\/www.tvturk.com\/index.php\/vanda-ilk-yardim-ucret-tespit-komisyonu-toplantisi\/vanda-ilk-yardim-ucret-tespit-komisyonu-toplantisi-4\/\" border=\"0\" itemprop=\"url\"> <meta itemprop=\"width\" content=\"246\"> <meta itemprop=\"height\" content=\"164\"> <img decoding=\"async\" class=\"\" data-attachment-id=\"23852\" data-orig-file=\"http:\/\/www.tvturk.com\/wp-content\/uploads\/2019\/02\/vanda-ilk-yardim-ucret-tespit-komisyonu-toplantisi_21ef080.jpg\" data-orig-size=\"1000,668\" data-comments-opened=\"\" data-image-meta=\"{&quot;aperture&quot;:&quot;0&quot;,&quot;credit&quot;:&quot;IHA&quot;,&quot;camera&quot;:&quot;&quot;,&quot;caption&quot;:&quot;VAN\\u2019DA \\u2018\\u0130LK YARDIM \\u00dcCRET TESP\\u0130T KOM\\u0130SYONU\\u2019 TOPLANTISI YAPILDI. (MEHMET SAL\\u0130H AKKU\\u015e\\\/VAN-\\u0130HA)&quot;,&quot;created_timestamp&quot;:&quot;0&quot;,&quot;copyright&quot;:&quot;\\u0130HLAS HABER AJANSI, www.iha.com.tr&quot;,&quot;focal_length&quot;:&quot;0&quot;,&quot;iso&quot;:&quot;0&quot;,&quot;shutter_speed&quot;:&quot;0&quot;,&quot;title&quot;:&quot;VAN\\u2019DA \\u2018\\u0130LK YARDIM \\u00dcCRET TESP\\u0130T KOM\\u0130SYONU\\u2019 TOPLANTISI&quot;,&quot;orientation&quot;:&quot;0&quot;}\" data-image-title=\"Van\u2019da \u2018\u0130lk Yard\u0131m \u00dccret Tespit Komisyonu\u2019 toplant\u0131s\u0131\" data-image-description=\"&lt;p&gt;Van\u2019da \u2018\u0130lk Yard\u0131m \u00dccret Tespit Komisyonu\u2019 toplant\u0131s\u0131&lt;\/p&gt; \" data-medium-file=\"https:\/\/i0.wp.com\/www.tvturk.com\/wp-content\/uploads\/2019\/02\/vanda-ilk-yardim-ucret-tespit-komisyonu-toplantisi_21ef080.jpg?fit=300%2C200\" data-large-file=\"https:\/\/i0.wp.com\/www.tvturk.com\/wp-content\/uploads\/2019\/02\/vanda-ilk-yardim-ucret-tespit-komisyonu-toplantisi_21ef080.jpg?fit=1000%2C668\" src=\"https:\/\/i0.wp.com\/www.tvturk.com\/wp-content\/uploads\/2019\/02\/vanda-ilk-yardim-ucret-tespit-komisyonu-toplantisi_21ef080.jpg?w=246&#038;h=164\" srcset=\"https:\/\/i0.wp.com\/www.tvturk.com\/wp-content\/uploads\/2019\/02\/vanda-ilk-yardim-ucret-tespit-komisyonu-toplantisi_21ef080.jpg?w=1000 1000w, https:\/\/i0.wp.com\/www.tvturk.com\/wp-content\/uploads\/2019\/02\/vanda-ilk-yardim-ucret-tespit-komisyonu-toplantisi_21ef080.jpg?resize=150%2C100 150w, https:\/\/i0.wp.com\/www.tvturk.com\/wp-content\/uploads\/2019\/02\/vanda-ilk-yardim-ucret-tespit-komisyonu-toplantisi_21ef080.jpg?resize=300%2C200 300w, https:\/\/i0.wp.com\/www.tvturk.com\/wp-content\/uploads\/2019\/02\/vanda-ilk-yardim-ucret-tespit-komisyonu-toplantisi_21ef080.jpg?resize=768%2C513 768w, https:\/\/i0.wp.com\/www.tvturk.com\/wp-content\/uploads\/2019\/02\/vanda-ilk-yardim-ucret-tespit-komisyonu-toplantisi_21ef080.jpg?resize=170%2C113 170w, https:\/\/i0.wp.com\/www.tvturk.com\/wp-content\/uploads\/2019\/02\/vanda-ilk-yardim-ucret-tespit-komisyonu-toplantisi_21ef080.jpg?resize=120%2C80 120w\" width=\"246\" height=\"164\" loading=\"lazy\" data-original-width=\"246\" data-original-height=\"164\" itemprop=\"http:\/\/schema.org\/image\" title=\"Van\u2019da \u2018\u0130lk Yard\u0131m \u00dccret Tespit Komisyonu\u2019 toplant\u0131s\u0131\" alt=\"Van\u2019da \u2018\u0130lk Yard\u0131m \u00dccret Tespit Komisyonu\u2019 toplant\u0131s\u0131\" style=\"width: 246px; height: 164px;\" \/> <\/a> <\/div> <\/div> <!-- close group --> <\/div> <!-- close row --> <\/div><\/p>\n","protected":false},"excerpt":{"rendered":"<p>VAN\u2019DA \u2018\u0130LK YARDIM \u00dcCRET TESP\u0130T KOM\u0130SYONU\u2019 TOPLANTISI YAPILDI.<\/p>\n","protected":false},"author":1,"featured_media":23850,"comment_status":"closed","ping_status":"open","sticky":false,"template":"","format":"standard","meta":{"jetpack_post_was_ever_published":false,"_jetpack_newsletter_access":"","_jetpack_dont_email_post_to_subs":false,"_jetpack_newsletter_tier_id":0,"_jetpack_memberships_contains_paywalled_content":false,"_jetpack_memberships_contains_paid_content":false,"footnotes":"","jetpack_publicize_message":"","jetpack_publicize_feature_enabled":true,"jetpack_social_post_already_shared":false,"jetpack_social_options":{"image_generator_settings":{"template":"highway","default_image_id":0,"font":"","enabled":false},"version":2}},"categories":[658],"tags":[37,7169,2656,347,6449,1203,1736],"class_list":["post-23849","post","type-post","status-publish","format-standard","has-post-thumbnail","hentry","category-saglik","tag-ilk","tag-komisyonu","tag-tespit","tag-toplantisi","tag-ucret","tag-vanda","tag-yardim"],"jetpack_publicize_connections":[],"jetpack_featured_media_url":"https:\/\/i0.wp.com\/www.tvturk.com\/wp-content\/uploads\/2019\/02\/vanda-ilk-yardim-ucret-tespit-komisyonu-toplantisi_9b315fc.jpg?fit=1000%2C668","jetpack_sharing_enabled":true,"jetpack_shortlink":"https:\/\/wp.me\/paKIfm-6cF","_links":{"self":[{"href":"http:\/\/www.tvturk.com\/index.php\/wp-json\/wp\/v2\/posts\/23849","targetHints":{"allow":["GET"]}}],"collection":[{"href":"http:\/\/www.tvturk.com\/index.php\/wp-json\/wp\/v2\/posts"}],"about":[{"href":"http:\/\/www.tvturk.com\/index.php\/wp-json\/wp\/v2\/types\/post"}],"author":[{"embeddable":true,"href":"http:\/\/www.tvturk.com\/index.php\/wp-json\/wp\/v2\/users\/1"}],"replies":[{"embeddable":true,"href":"http:\/\/www.tvturk.com\/index.php\/wp-json\/wp\/v2\/comments?post=23849"}],"version-history":[{"count":1,"href":"http:\/\/www.tvturk.com\/index.php\/wp-json\/wp\/v2\/posts\/23849\/revisions"}],"predecessor-version":[{"id":23853,"href":"http:\/\/www.tvturk.com\/index.php\/wp-json\/wp\/v2\/posts\/23849\/revisions\/23853"}],"wp:featuredmedia":[{"embeddable":true,"href":"http:\/\/www.tvturk.com\/index.php\/wp-json\/wp\/v2\/media\/23850"}],"wp:attachment":[{"href":"http:\/\/www.tvturk.com\/index.php\/wp-json\/wp\/v2\/media?parent=23849"}],"wp:term":[{"taxonomy":"category","embeddable":true,"href":"http:\/\/www.tvturk.com\/index.php\/wp-json\/wp\/v2\/categories?post=23849"},{"taxonomy":"post_tag","embeddable":true,"href":"http:\/\/www.tvturk.com\/index.php\/wp-json\/wp\/v2\/tags?post=23849"}],"curies":[{"name":"wp","href":"https:\/\/api.w.org\/{rel}","templated":true}]}}