{"id":238553,"date":"2019-12-07T11:32:01","date_gmt":"2019-12-07T08:32:01","guid":{"rendered":"http:\/\/www.tvturk.com\/index.php\/meslegim-var-gelecegim-var-projesi-kapanis-toplantisi-yapildi\/"},"modified":"2019-12-07T11:32:01","modified_gmt":"2019-12-07T08:32:01","slug":"meslegim-var-gelecegim-var-projesi-kapanis-toplantisi-yapildi","status":"publish","type":"post","link":"http:\/\/www.tvturk.com\/index.php\/meslegim-var-gelecegim-var-projesi-kapanis-toplantisi-yapildi\/","title":{"rendered":"\u201cMesle\u011fim Var Gelece\u011fim Var\u201d projesi kapan\u0131\u015f toplant\u0131s\u0131 yap\u0131ld\u0131"},"content":{"rendered":"<p>ATO Y\u00f6netim Kurulu Ba\u015fkan\u0131 G\u00fcrsel Baran, Aya\u015f \u00c7ocuk Destek Merkezi\u2019nde kalan \u00e7ocuklar\u0131n meslek \u00f6\u011frenmeleri amac\u0131yla kuaf\u00f6r, bilgisayar ve drama at\u00f6lyeleri kurduklar\u0131n\u0131 ve burada e\u011fitim g\u00f6ren 80 \u00e7ocu\u011fun sertifika ald\u0131\u011f\u0131n\u0131 belirterek, \u201cDezavantajl\u0131 \u00e7ocuklar\u0131m\u0131z\u0131n meslek sahibi olmas\u0131 sadece \u00e7ocu\u011fa de\u011fil topluma fayda sa\u011flar\u201d dedi.<\/p>\n<p>Ankara Ticaret Odas\u0131n\u0131n  (ATO) Aile \u00c7al\u0131\u015fma ve Sosyal Hizmetler Ankara \u0130l M\u00fcd\u00fcrl\u00fc\u011f\u00fc, Anadolu \u0130leti\u015fim ve E\u011fitim Derne\u011fi (AN\u0130LDER) ve \u0130\u015eKUR i\u015f birli\u011fiyle hayata ge\u00e7irilen \u2018Mesle\u011fim Var Gelece\u011fim Var Projesi\u2019nin kapan\u0131\u015f toplant\u0131 ATO Duatepe Salonu\u2019nda yap\u0131ld\u0131. AN\u0130LDER\u2019in  \u2018Dezavantajl\u0131 Gruplar \u0130\u00e7in Yeni Bir Diyalog Projesi\u2019 kapsam\u0131nda \u201cNar Bulu\u015fmalar\u0131\u201d ad\u0131 verdi\u011fi payda\u015f bulu\u015fmalar\u0131 ile birlikte ger\u00e7ekle\u015ftirilen toplant\u0131n\u0131n a\u00e7\u0131l\u0131\u015f\u0131nda Radyo ve Televizyon \u00dcst Kurulu (RT\u00dcK) Ba\u015fkan\u0131 Ebubekir \u015eahin de kat\u0131ld\u0131.<\/p>\n<p>ATO Y\u00f6netim Kurulu Ba\u015fkan\u0131 G\u00fcrsel Baran, toplant\u0131da yapt\u0131\u011f\u0131 a\u00e7\u0131l\u0131\u015f konu\u015fmas\u0131nda Aile \u00c7al\u0131\u015fma ve Sosyal Hizmetler \u0130l M\u00fcd\u00fcrl\u00fc\u011f\u00fc, \u0130\u015eKUR ve AN\u0130LDER ile birlikte iki b\u00f6l\u00fcm halinde hayata ge\u00e7irdikleri \u201cMesle\u011fim Var Gelece\u011fim Var\u201d projesi kapsam\u0131nda ger\u00e7ekle\u015ftirdikleri faaliyetleri anlatt\u0131. Aya\u015f \u00c7ocuk Destek Merkezi\u2019nde koruma alt\u0131ndaki \u00e7ocuklar i\u00e7in kuaf\u00f6rl\u00fck, bilgisayar ve drama kurduklar\u0131n\u0131 bildiren Baran, projeyle \u00e7ocuklar\u0131n sosyal uyumunu desteklemek, i\u015f imkanlar\u0131n\u0131 art\u0131rmak ve i\u015f g\u00fcc\u00fc piyasas\u0131na eri\u015fimlerini kolayla\u015ft\u0131rd\u0131klar\u0131n\u0131 s\u00f6yledi. ATO olarak pek \u00e7ok projeye imza att\u0131klar\u0131n\u0131 ancak \u201cMesle\u011fim Var Gelece\u011fim Var\u201d projesinin, dezavantajl\u0131 \u00e7ocuklar\u0131 topluma kazand\u0131rmay\u0131 i\u00e7ermesi nedeniyle kendilerini \u00e7ok mutlu etti\u011fini kaydeden Baran, \u201cMesle\u011fim Var Gelece\u011fim Var projesi kadar bizleri mutlu eden bir projenin i\u00e7inde bulunmak bizi \u00e7ok gururland\u0131r\u0131yor. Ekonomik ve sosyal ya\u015fam\u0131n d\u0131\u015f\u0131nda kalm\u0131\u015f \u00e7ocuklar\u0131m\u0131z\u0131 gelecekte topluma yararl\u0131 bireyler olarak yeti\u015ftirmekle ilgili gayretimiz s\u00fcr\u00fcyor. E\u011fitimden mahrum kalan \u00e7ocuklar\u0131n hayat\u0131na dokunarak meslek sahibi olmalar\u0131n\u0131 ama\u00e7l\u0131yoruz. Bu projeler sadece \u00e7ocu\u011fa de\u011fil topluma da yap\u0131lan faydalard\u0131r. Mesle\u011fim Var Gelece\u011fim Var projesi sadece \u00e7ocuklar\u0131m\u0131z\u0131 de\u011fil hepimizi ilgilendiriyor. Nar Bulu\u015fmalar\u0131 ile birlikte i\u00e7inde bulundu\u011fumuz projede iyili\u011fi \u00e7o\u011faltacak ad\u0131mlar\u0131 hep beraber atmaktan mutluluk duyuyorum\u201d ifadelerini kulland\u0131.<\/p>\n<p>\u201c\u00c7ocuklar varsa biz de var\u0131z\u201d<\/p>\n<p>Radyo ve Televizyon \u00dcst Kurulu Ba\u015fkan\u0131 (RT\u00dcK) Ebubekir \u015eahin de toplant\u0131da yapt\u0131\u011f\u0131 konu\u015fmada h\u00fck\u00fcmetin sosyal politikalar konusundaki ba\u015far\u0131lar\u0131na dikkat \u00e7ekti. G\u00f6n\u00fcll\u00fc faaliyetlerin toplumsal a\u00e7\u0131dan \u00f6nemine de de\u011finen \u015eahin, &#8220;Sivil toplum kurulu\u015flar\u0131m\u0131z\u0131n varl\u0131\u011f\u0131 gelece\u011fe dair \u00fcmitlerimizi art\u0131rarak bizleri mutlu ve memnun etmektedir&#8221; dedi.<\/p>\n<p>\u201cMesle\u011fim Var Gelece\u011fim Var\u201d projesinin ATO\u2019nun yapt\u0131\u011f\u0131 onlarca faaliyet aras\u0131nda en de\u011ferlilerinden biri oldu\u011funu kaydeden \u015eahin, RT\u00dcK olarak i\u00e7inde \u00e7ocuklar\u0131n yer ald\u0131\u011f\u0131 projelere destek verebileceklerini ifade etti. \u015eahin, &#8220;Ufak dokunu\u015flarla b\u00fcy\u00fck sonu\u00e7lar alabilece\u011fimiz bu projede biz de RT\u00dcK olarak \u00e7ocuklar oldu\u011fu i\u00e7in var\u0131z. Onlar bizi b\u0131raksa da biz onlar\u0131 b\u0131rakmayaca\u011f\u0131z\u201d dedi.<\/p>\n<p>\u201cDevlet korumas\u0131ndaki \u00e7ocuklar\u0131m\u0131z\u0131n bu projelere \u00e7ok ihtiyac\u0131 var\u201d<\/p>\n<p>Aile Ve Sosyal Hizmetler Bakanl\u0131\u011f\u0131 Ankara \u0130l M\u00fcd\u00fcr\u00fc Durmu\u015f Ali Daldall\u0131 ise \u00e7ocuklar\u0131n mutlulu\u011fu i\u00e7in \u00e7al\u0131\u015ft\u0131klar\u0131n\u0131 belirterek, \u201cBu \u00e7ocuklar bizim \u00e7ocuklar\u0131m\u0131z. Toplumda beraberce ya\u015fayaca\u011f\u0131z, eksiklerimiz varsa beraberce tolere edece\u011fiz. Devlet korumas\u0131ndaki \u00e7ocuklar\u0131m\u0131z\u0131n bu projelere \u00e7ok ihtiyac\u0131 var. Toplumun olu\u015fturdu\u011fu sorunlar\u0131 yine toplum olarak beraber \u00e7\u00f6zmeliyiz\u201d ifadelerini kulland\u0131.<\/p>\n<p>\u201c\u0130yilik i\u00e7in \u00e7al\u0131\u015f\u0131yoruz\u201d<\/p>\n<p>Anadolu \u0130leti\u015fim ve E\u011fitim Derne\u011fi Ba\u015fkan\u0131 H\u00fclya \u00d6\u011f\u00fct, konu\u015fmas\u0131nda \u201cMesle\u011fim Var Gelece\u011fim Var\u201d projesi kapsam\u0131nda ATO ile birlikte s\u00fcrd\u00fcrd\u00fckleri \u00e7al\u0131\u015fmalardan bahsetti.  \u00d6\u011f\u00fct, \u201cT\u00fcrkiye\u2019nin gen\u00e7lerinin d\u00fc\u015f\u00fcnen, \u00fcreten, bilgi sahibi ve bilgiyi yorumlayabilen bireyler olmas\u0131 i\u00e7in \u00e7al\u0131\u015fmalar y\u00fcr\u00fct\u00fcyoruz\u201d \u015feklinde konu\u015ftu.<\/p>\n<p>Proje kapsam\u0131nda e\u011fitim alan gen\u00e7lerin i\u015f ya\u015fam\u0131na adaptasyonda zorluk \u00e7ekti\u011fini de anlatan \u00d6\u011f\u00fct, gen\u00e7lerin sosyal hayata ve i\u015f ya\u015fam\u0131na adapte olmalar\u0131n\u0131 sa\u011flayacak daha uzun s\u00fcreli bir proje haz\u0131rl\u0131\u011f\u0131 i\u00e7inde olduklar\u0131n\u0131 bildirdi. Projelerde birlikte \u00e7al\u0131\u015ft\u0131klar\u0131 kurum ve kurulu\u015flara te\u015fekk\u00fcr eden \u00d6\u011f\u00fct, \u201c\u0130yilik i\u00e7in \u00e7al\u0131\u015f\u0131yoruz birlikte \u00e7al\u0131\u015f\u0131yoruz\u201d diye konu\u015ftu.<\/p>\n<p>Toplant\u0131ya, ATO Meclis \u00dcyesi Musa Be\u015fparmak, Aile \u00c7al\u0131\u015fma ve Sosyal Hizmetler Bakanl\u0131\u011f\u0131 Ankara \u0130l M\u00fcd\u00fcrl\u00fc\u011f\u00fc yetkilileri ile \u00e7ok say\u0131da sivil toplum kurulu\u015fu temsilcisi kat\u0131ld\u0131.<\/p>\n","protected":false},"excerpt":{"rendered":"<p>ATO Y\u00d6NET\u0130M KURULU BA\u015eKANI G\u00dcRSEL BARAN, AYA\u015e \u00c7OCUK DESTEK MERKEZ\u0130\u2019NDE KALAN \u00c7OCUKLARIN MESLEK \u00d6\u011eRENMELER\u0130 AMACIYLA KUAF\u00d6R, B\u0130LG\u0130SAYAR VE DRAMA AT\u00d6LYELER\u0130 KURDUKLARINI VE BURADA E\u011e\u0130T\u0130M G\u00d6REN 80 \u00c7OCU\u011eUN SERT\u0130F\u0130KA ALDI\u011eINI BEL\u0130RTEREK, \u201cDEZAVANTAJLI \u00c7OCUKLARIMIZIN MESLEK SAH\u0130B\u0130 OLMASI SADECE \u00c7OCU\u011eA DE\u011e\u0130L TOPLUMA FAYDA SA\u011eLAR\u201d DED\u0130.<\/p>\n","protected":false},"author":1,"featured_media":238554,"comment_status":"closed","ping_status":"open","sticky":false,"template":"","format":"standard","meta":{"jetpack_post_was_ever_published":false,"_jetpack_newsletter_access":"","_jetpack_dont_email_post_to_subs":false,"_jetpack_newsletter_tier_id":0,"_jetpack_memberships_contains_paywalled_content":false,"_jetpack_memberships_contains_paid_content":false,"footnotes":"","jetpack_publicize_message":"","jetpack_publicize_feature_enabled":true,"jetpack_social_post_already_shared":true,"jetpack_social_options":{"image_generator_settings":{"template":"highway","default_image_id":0,"font":"","enabled":false},"version":2}},"categories":[19],"tags":[43547,1057,5603,1324,347,181,117],"class_list":["post-238553","post","type-post","status-publish","format-standard","has-post-thumbnail","hentry","category-ekonomi","tag-meslegim","tag-gelecegim","tag-kapanis","tag-projesi","tag-toplantisi","tag-var","tag-yapildi"],"jetpack_publicize_connections":[],"jetpack_featured_media_url":"https:\/\/i0.wp.com\/www.tvturk.com\/wp-content\/uploads\/2019\/12\/meslegim-var-gelecegim-var-projesi-kapanis-toplantisi-yapildi_34a7f98.jpg?fit=1000%2C459","jetpack_sharing_enabled":true,"jetpack_shortlink":"https:\/\/wp.me\/paKIfm-103D","_links":{"self":[{"href":"http:\/\/www.tvturk.com\/index.php\/wp-json\/wp\/v2\/posts\/238553","targetHints":{"allow":["GET"]}}],"collection":[{"href":"http:\/\/www.tvturk.com\/index.php\/wp-json\/wp\/v2\/posts"}],"about":[{"href":"http:\/\/www.tvturk.com\/index.php\/wp-json\/wp\/v2\/types\/post"}],"author":[{"embeddable":true,"href":"http:\/\/www.tvturk.com\/index.php\/wp-json\/wp\/v2\/users\/1"}],"replies":[{"embeddable":true,"href":"http:\/\/www.tvturk.com\/index.php\/wp-json\/wp\/v2\/comments?post=238553"}],"version-history":[{"count":0,"href":"http:\/\/www.tvturk.com\/index.php\/wp-json\/wp\/v2\/posts\/238553\/revisions"}],"wp:featuredmedia":[{"embeddable":true,"href":"http:\/\/www.tvturk.com\/index.php\/wp-json\/wp\/v2\/media\/238554"}],"wp:attachment":[{"href":"http:\/\/www.tvturk.com\/index.php\/wp-json\/wp\/v2\/media?parent=238553"}],"wp:term":[{"taxonomy":"category","embeddable":true,"href":"http:\/\/www.tvturk.com\/index.php\/wp-json\/wp\/v2\/categories?post=238553"},{"taxonomy":"post_tag","embeddable":true,"href":"http:\/\/www.tvturk.com\/index.php\/wp-json\/wp\/v2\/tags?post=238553"}],"curies":[{"name":"wp","href":"https:\/\/api.w.org\/{rel}","templated":true}]}}