{"id":23864,"date":"2019-02-12T10:25:56","date_gmt":"2019-02-12T07:25:56","guid":{"rendered":"http:\/\/www.tvturk.com\/index.php\/20-yilin-en-cetin-kisini-geciren-karliovada-karla-mucadele\/"},"modified":"2019-02-12T10:26:03","modified_gmt":"2019-02-12T07:26:03","slug":"20-yilin-en-cetin-kisini-geciren-karliovada-karla-mucadele","status":"publish","type":"post","link":"http:\/\/www.tvturk.com\/index.php\/20-yilin-en-cetin-kisini-geciren-karliovada-karla-mucadele\/","title":{"rendered":"20 y\u0131l\u0131n en \u00e7etin k\u0131\u015f\u0131n\u0131 ge\u00e7iren Karl\u0131ova\u2019da karla m\u00fccadele"},"content":{"rendered":"<p>Son 20 y\u0131l\u0131n en \u00e7etin k\u0131\u015f\u0131n\u0131 ge\u00e7iren Bing\u00f6l\u2019\u00fcn Karl\u0131ova il\u00e7esinde, karla m\u00fccadele \u00e7al\u0131\u015fmas\u0131 aral\u0131ks\u0131z  devam ederken, so\u011fuk havada etkili oluyor.<\/p>\n<p>Bing\u00f6l\u2019\u00fcn Karl\u0131ova il\u00e7esi son 20 y\u0131l\u0131n en \u00e7etin ve kar ya\u011f\u0131\u015fl\u0131 k\u0131\u015f\u0131n\u0131 ge\u00e7iriyor. Yer yer 3 metreye ula\u015fan kar nedeniyle il\u00e7eye ba\u011fl\u0131 bir \u00e7ok k\u00f6yde ve mezrada ya\u015fam g\u00fc\u00e7 ko\u015fullarda devam ediyor. \u0130l\u00e7e merkezinde de belediye karla m\u00fccadele ekipleri t\u00fcm yollar\u0131 a\u00e7arken, olu\u015fan devasa kar y\u0131\u011f\u0131nlar\u0131n\u0131 da temizlemeye \u00e7al\u0131\u015f\u0131yor. \u00c7at\u0131larda olu\u015fan ve tehlike sa\u00e7an kar birikintileri ise hem itfaiye hemde i\u015f makineleri arac\u0131l\u0131\u011f\u0131yla temizleniyor.<\/p>\n<p>\u00d6te yandan, so\u011fuk havan\u0131n da etkili oldu\u011fu il\u00e7ede ara\u00e7lar\u0131n camlar\u0131 buz tutuyor, \u00e7at\u0131larda buz sark\u0131tlar\u0131 olu\u015fuyor.Camlar\u0131 buz tutan s\u00fcr\u00fcc\u00fcler, her g\u00fcn sabah ayn\u0131 durumla kar\u015f\u0131la\u015ft\u0131klar\u0131n\u0131 ve so\u011fuk havan\u0131n etkili oldu\u011funu belirtiyor.<div class=\"tiled-gallery type-rectangular tiled-gallery-unresized\" data-original-width=\"500\" data-carousel-extra='null' itemscope itemtype=\"http:\/\/schema.org\/ImageGallery\" > <div class=\"gallery-row\" style=\"width: 500px; height: 142px;\" data-original-width=\"500\" data-original-height=\"142\" > <div class=\"gallery-group images-1\" style=\"width: 250px; height: 142px;\" data-original-width=\"250\" data-original-height=\"142\" > <div class=\"tiled-gallery-item tiled-gallery-item-small\" itemprop=\"associatedMedia\" itemscope itemtype=\"http:\/\/schema.org\/ImageObject\"> <a href=\"http:\/\/www.tvturk.com\/index.php\/20-yilin-en-cetin-kisini-geciren-karliovada-karla-mucadele\/20-yilin-en-cetin-kisini-geciren-karliovada-karla-mucadele-3\/\" border=\"0\" itemprop=\"url\"> <meta itemprop=\"width\" content=\"246\"> <meta itemprop=\"height\" content=\"138\"> <img decoding=\"async\" class=\"\" data-attachment-id=\"23866\" data-orig-file=\"http:\/\/www.tvturk.com\/wp-content\/uploads\/2019\/02\/20-yilin-en-cetin-kisini-geciren-karliovada-karla-mucadele_247c6f6.jpg\" data-orig-size=\"1000,562\" data-comments-opened=\"\" data-image-meta=\"{&quot;aperture&quot;:&quot;0&quot;,&quot;credit&quot;:&quot;IHA&quot;,&quot;camera&quot;:&quot;&quot;,&quot;caption&quot;:&quot;SON 20 YILIN EN \\u00c7ET\\u0130N KI\\u015eINI GE\\u00c7\\u0130REN B\\u0130NG\\u00d6L\\u2019\\u00dcN KARLIOVA \\u0130L\\u00c7ES\\u0130NDE, KARLA M\\u00dcCADELE \\u00c7ALI\\u015eMASI ARALIKSIZ DEVAM EDERKEN, SO\\u011eUK HAVADA ETK\\u0130L\\u0130 OLUYOR. (AYHAN TURHAN\\\/B\\u0130NG\\u00d6L-\\u0130HA)&quot;,&quot;created_timestamp&quot;:&quot;0&quot;,&quot;copyright&quot;:&quot;\\u0130HLAS HABER AJANSI, www.iha.com.tr&quot;,&quot;focal_length&quot;:&quot;0&quot;,&quot;iso&quot;:&quot;0&quot;,&quot;shutter_speed&quot;:&quot;0&quot;,&quot;title&quot;:&quot;20 YILIN EN \\u00c7ET\\u0130N KI\\u015eINI GE\\u00c7\\u0130REN KARLIOVA\\u2019DA KARLA M\\u00dcCADELE \\u0130L\\u00c7E MERKEZ\\u0130NDE EK\\u0130PLER GECE G\\u00dcND\\u00dcZ HEM YOLLARDA, HEMDE \\u00c7ATILARDA KARLA M\\u00dcCADELE \\u00c7ALI\\u015eMASI YAPIYOR SO\\u011eUK HAVA NEDEN\\u0130YLE S\\u00dcR\\u00dcC\\u00dcLER \\u0130SE HER G\\u00dcN ARA\\u00c7LARININ CAMLARINI TEM\\u0130ZLEMEK ZORUNDA KALIYOR&quot;,&quot;orientation&quot;:&quot;0&quot;}\" data-image-title=\"20 y\u0131l\u0131n en \u00e7etin k\u0131\u015f\u0131n\u0131 ge\u00e7iren Karl\u0131ova\u2019da karla m\u00fccadele\" data-image-description=\"&lt;p&gt;20 y\u0131l\u0131n en \u00e7etin k\u0131\u015f\u0131n\u0131 ge\u00e7iren Karl\u0131ova\u2019da karla m\u00fccadele&lt;\/p&gt; \" data-medium-file=\"https:\/\/i0.wp.com\/www.tvturk.com\/wp-content\/uploads\/2019\/02\/20-yilin-en-cetin-kisini-geciren-karliovada-karla-mucadele_247c6f6.jpg?fit=300%2C169\" data-large-file=\"https:\/\/i0.wp.com\/www.tvturk.com\/wp-content\/uploads\/2019\/02\/20-yilin-en-cetin-kisini-geciren-karliovada-karla-mucadele_247c6f6.jpg?fit=1000%2C562\" src=\"https:\/\/i0.wp.com\/www.tvturk.com\/wp-content\/uploads\/2019\/02\/20-yilin-en-cetin-kisini-geciren-karliovada-karla-mucadele_247c6f6.jpg?w=246&#038;h=138\" srcset=\"https:\/\/i0.wp.com\/www.tvturk.com\/wp-content\/uploads\/2019\/02\/20-yilin-en-cetin-kisini-geciren-karliovada-karla-mucadele_247c6f6.jpg?w=1000 1000w, https:\/\/i0.wp.com\/www.tvturk.com\/wp-content\/uploads\/2019\/02\/20-yilin-en-cetin-kisini-geciren-karliovada-karla-mucadele_247c6f6.jpg?resize=150%2C84 150w, https:\/\/i0.wp.com\/www.tvturk.com\/wp-content\/uploads\/2019\/02\/20-yilin-en-cetin-kisini-geciren-karliovada-karla-mucadele_247c6f6.jpg?resize=300%2C169 300w, https:\/\/i0.wp.com\/www.tvturk.com\/wp-content\/uploads\/2019\/02\/20-yilin-en-cetin-kisini-geciren-karliovada-karla-mucadele_247c6f6.jpg?resize=768%2C432 768w, https:\/\/i0.wp.com\/www.tvturk.com\/wp-content\/uploads\/2019\/02\/20-yilin-en-cetin-kisini-geciren-karliovada-karla-mucadele_247c6f6.jpg?resize=200%2C113 200w\" width=\"246\" height=\"138\" loading=\"lazy\" data-original-width=\"246\" data-original-height=\"138\" itemprop=\"http:\/\/schema.org\/image\" title=\"20 y\u0131l\u0131n en \u00e7etin k\u0131\u015f\u0131n\u0131 ge\u00e7iren Karl\u0131ova\u2019da karla m\u00fccadele\" alt=\"20 y\u0131l\u0131n en \u00e7etin k\u0131\u015f\u0131n\u0131 ge\u00e7iren Karl\u0131ova\u2019da karla m\u00fccadele\" style=\"width: 246px; height: 138px;\" \/> <\/a> <\/div> <\/div> <!-- close group --> <div class=\"gallery-group images-1\" style=\"width: 250px; height: 142px;\" data-original-width=\"250\" data-original-height=\"142\" > <div class=\"tiled-gallery-item tiled-gallery-item-small\" itemprop=\"associatedMedia\" itemscope itemtype=\"http:\/\/schema.org\/ImageObject\"> <a href=\"http:\/\/www.tvturk.com\/index.php\/20-yilin-en-cetin-kisini-geciren-karliovada-karla-mucadele\/20-yilin-en-cetin-kisini-geciren-karliovada-karla-mucadele-4\/\" border=\"0\" itemprop=\"url\"> <meta itemprop=\"width\" content=\"246\"> <meta itemprop=\"height\" content=\"138\"> <img decoding=\"async\" class=\"\" data-attachment-id=\"23867\" data-orig-file=\"http:\/\/www.tvturk.com\/wp-content\/uploads\/2019\/02\/20-yilin-en-cetin-kisini-geciren-karliovada-karla-mucadele_e33d3f5.jpg\" data-orig-size=\"1000,562\" data-comments-opened=\"\" data-image-meta=\"{&quot;aperture&quot;:&quot;0&quot;,&quot;credit&quot;:&quot;IHA&quot;,&quot;camera&quot;:&quot;&quot;,&quot;caption&quot;:&quot;SON 20 YILIN EN \\u00c7ET\\u0130N KI\\u015eINI GE\\u00c7\\u0130REN B\\u0130NG\\u00d6L\\u2019\\u00dcN KARLIOVA \\u0130L\\u00c7ES\\u0130NDE, KARLA M\\u00dcCADELE \\u00c7ALI\\u015eMASI ARALIKSIZ DEVAM EDERKEN, SO\\u011eUK HAVADA ETK\\u0130L\\u0130 OLUYOR. (AYHAN TURHAN\\\/B\\u0130NG\\u00d6L-\\u0130HA)&quot;,&quot;created_timestamp&quot;:&quot;0&quot;,&quot;copyright&quot;:&quot;\\u0130HLAS HABER AJANSI, www.iha.com.tr&quot;,&quot;focal_length&quot;:&quot;0&quot;,&quot;iso&quot;:&quot;0&quot;,&quot;shutter_speed&quot;:&quot;0&quot;,&quot;title&quot;:&quot;20 YILIN EN \\u00c7ET\\u0130N KI\\u015eINI GE\\u00c7\\u0130REN KARLIOVA\\u2019DA KARLA M\\u00dcCADELE \\u0130L\\u00c7E MERKEZ\\u0130NDE EK\\u0130PLER GECE G\\u00dcND\\u00dcZ HEM YOLLARDA, HEMDE \\u00c7ATILARDA KARLA M\\u00dcCADELE \\u00c7ALI\\u015eMASI YAPIYOR SO\\u011eUK HAVA NEDEN\\u0130YLE S\\u00dcR\\u00dcC\\u00dcLER \\u0130SE HER G\\u00dcN ARA\\u00c7LARININ CAMLARINI TEM\\u0130ZLEMEK ZORUNDA KALIYOR&quot;,&quot;orientation&quot;:&quot;0&quot;}\" data-image-title=\"20 y\u0131l\u0131n en \u00e7etin k\u0131\u015f\u0131n\u0131 ge\u00e7iren Karl\u0131ova\u2019da karla m\u00fccadele\" data-image-description=\"&lt;p&gt;20 y\u0131l\u0131n en \u00e7etin k\u0131\u015f\u0131n\u0131 ge\u00e7iren Karl\u0131ova\u2019da karla m\u00fccadele&lt;\/p&gt; \" data-medium-file=\"https:\/\/i0.wp.com\/www.tvturk.com\/wp-content\/uploads\/2019\/02\/20-yilin-en-cetin-kisini-geciren-karliovada-karla-mucadele_e33d3f5.jpg?fit=300%2C169\" data-large-file=\"https:\/\/i0.wp.com\/www.tvturk.com\/wp-content\/uploads\/2019\/02\/20-yilin-en-cetin-kisini-geciren-karliovada-karla-mucadele_e33d3f5.jpg?fit=1000%2C562\" src=\"https:\/\/i0.wp.com\/www.tvturk.com\/wp-content\/uploads\/2019\/02\/20-yilin-en-cetin-kisini-geciren-karliovada-karla-mucadele_e33d3f5.jpg?w=246&#038;h=138\" srcset=\"https:\/\/i0.wp.com\/www.tvturk.com\/wp-content\/uploads\/2019\/02\/20-yilin-en-cetin-kisini-geciren-karliovada-karla-mucadele_e33d3f5.jpg?w=1000 1000w, https:\/\/i0.wp.com\/www.tvturk.com\/wp-content\/uploads\/2019\/02\/20-yilin-en-cetin-kisini-geciren-karliovada-karla-mucadele_e33d3f5.jpg?resize=150%2C84 150w, https:\/\/i0.wp.com\/www.tvturk.com\/wp-content\/uploads\/2019\/02\/20-yilin-en-cetin-kisini-geciren-karliovada-karla-mucadele_e33d3f5.jpg?resize=300%2C169 300w, https:\/\/i0.wp.com\/www.tvturk.com\/wp-content\/uploads\/2019\/02\/20-yilin-en-cetin-kisini-geciren-karliovada-karla-mucadele_e33d3f5.jpg?resize=768%2C432 768w, https:\/\/i0.wp.com\/www.tvturk.com\/wp-content\/uploads\/2019\/02\/20-yilin-en-cetin-kisini-geciren-karliovada-karla-mucadele_e33d3f5.jpg?resize=200%2C113 200w\" width=\"246\" height=\"138\" loading=\"lazy\" data-original-width=\"246\" data-original-height=\"138\" itemprop=\"http:\/\/schema.org\/image\" title=\"20 y\u0131l\u0131n en \u00e7etin k\u0131\u015f\u0131n\u0131 ge\u00e7iren Karl\u0131ova\u2019da karla m\u00fccadele\" alt=\"20 y\u0131l\u0131n en \u00e7etin k\u0131\u015f\u0131n\u0131 ge\u00e7iren Karl\u0131ova\u2019da karla m\u00fccadele\" style=\"width: 246px; height: 138px;\" \/> <\/a> <\/div> <\/div> <!-- close group --> <\/div> <!-- close row --> <div class=\"gallery-row\" style=\"width: 500px; height: 142px;\" data-original-width=\"500\" data-original-height=\"142\" > <div class=\"gallery-group images-1\" style=\"width: 250px; height: 142px;\" data-original-width=\"250\" data-original-height=\"142\" > <div class=\"tiled-gallery-item tiled-gallery-item-small\" itemprop=\"associatedMedia\" itemscope itemtype=\"http:\/\/schema.org\/ImageObject\"> <a href=\"http:\/\/www.tvturk.com\/index.php\/20-yilin-en-cetin-kisini-geciren-karliovada-karla-mucadele\/20-yilin-en-cetin-kisini-geciren-karliovada-karla-mucadele-5\/\" border=\"0\" itemprop=\"url\"> <meta itemprop=\"width\" content=\"246\"> <meta itemprop=\"height\" content=\"138\"> <img decoding=\"async\" class=\"\" data-attachment-id=\"23868\" data-orig-file=\"http:\/\/www.tvturk.com\/wp-content\/uploads\/2019\/02\/20-yilin-en-cetin-kisini-geciren-karliovada-karla-mucadele_f679a2f.jpg\" data-orig-size=\"1000,562\" data-comments-opened=\"\" data-image-meta=\"{&quot;aperture&quot;:&quot;0&quot;,&quot;credit&quot;:&quot;IHA&quot;,&quot;camera&quot;:&quot;&quot;,&quot;caption&quot;:&quot;SON 20 YILIN EN \\u00c7ET\\u0130N KI\\u015eINI GE\\u00c7\\u0130REN B\\u0130NG\\u00d6L\\u2019\\u00dcN KARLIOVA \\u0130L\\u00c7ES\\u0130NDE, KARLA M\\u00dcCADELE \\u00c7ALI\\u015eMASI ARALIKSIZ DEVAM EDERKEN, SO\\u011eUK HAVADA ETK\\u0130L\\u0130 OLUYOR. (AYHAN TURHAN\\\/B\\u0130NG\\u00d6L-\\u0130HA)&quot;,&quot;created_timestamp&quot;:&quot;0&quot;,&quot;copyright&quot;:&quot;\\u0130HLAS HABER AJANSI, www.iha.com.tr&quot;,&quot;focal_length&quot;:&quot;0&quot;,&quot;iso&quot;:&quot;0&quot;,&quot;shutter_speed&quot;:&quot;0&quot;,&quot;title&quot;:&quot;20 YILIN EN \\u00c7ET\\u0130N KI\\u015eINI GE\\u00c7\\u0130REN KARLIOVA\\u2019DA KARLA M\\u00dcCADELE \\u0130L\\u00c7E MERKEZ\\u0130NDE EK\\u0130PLER GECE G\\u00dcND\\u00dcZ HEM YOLLARDA, HEMDE \\u00c7ATILARDA KARLA M\\u00dcCADELE \\u00c7ALI\\u015eMASI YAPIYOR SO\\u011eUK HAVA NEDEN\\u0130YLE S\\u00dcR\\u00dcC\\u00dcLER \\u0130SE HER G\\u00dcN ARA\\u00c7LARININ CAMLARINI TEM\\u0130ZLEMEK ZORUNDA KALIYOR&quot;,&quot;orientation&quot;:&quot;0&quot;}\" data-image-title=\"20 y\u0131l\u0131n en \u00e7etin k\u0131\u015f\u0131n\u0131 ge\u00e7iren Karl\u0131ova\u2019da karla m\u00fccadele\" data-image-description=\"&lt;p&gt;20 y\u0131l\u0131n en \u00e7etin k\u0131\u015f\u0131n\u0131 ge\u00e7iren Karl\u0131ova\u2019da karla m\u00fccadele&lt;\/p&gt; \" data-medium-file=\"https:\/\/i0.wp.com\/www.tvturk.com\/wp-content\/uploads\/2019\/02\/20-yilin-en-cetin-kisini-geciren-karliovada-karla-mucadele_f679a2f.jpg?fit=300%2C169\" data-large-file=\"https:\/\/i0.wp.com\/www.tvturk.com\/wp-content\/uploads\/2019\/02\/20-yilin-en-cetin-kisini-geciren-karliovada-karla-mucadele_f679a2f.jpg?fit=1000%2C562\" src=\"https:\/\/i0.wp.com\/www.tvturk.com\/wp-content\/uploads\/2019\/02\/20-yilin-en-cetin-kisini-geciren-karliovada-karla-mucadele_f679a2f.jpg?w=246&#038;h=138\" srcset=\"https:\/\/i0.wp.com\/www.tvturk.com\/wp-content\/uploads\/2019\/02\/20-yilin-en-cetin-kisini-geciren-karliovada-karla-mucadele_f679a2f.jpg?w=1000 1000w, https:\/\/i0.wp.com\/www.tvturk.com\/wp-content\/uploads\/2019\/02\/20-yilin-en-cetin-kisini-geciren-karliovada-karla-mucadele_f679a2f.jpg?resize=150%2C84 150w, https:\/\/i0.wp.com\/www.tvturk.com\/wp-content\/uploads\/2019\/02\/20-yilin-en-cetin-kisini-geciren-karliovada-karla-mucadele_f679a2f.jpg?resize=300%2C169 300w, https:\/\/i0.wp.com\/www.tvturk.com\/wp-content\/uploads\/2019\/02\/20-yilin-en-cetin-kisini-geciren-karliovada-karla-mucadele_f679a2f.jpg?resize=768%2C432 768w, https:\/\/i0.wp.com\/www.tvturk.com\/wp-content\/uploads\/2019\/02\/20-yilin-en-cetin-kisini-geciren-karliovada-karla-mucadele_f679a2f.jpg?resize=200%2C113 200w\" width=\"246\" height=\"138\" loading=\"lazy\" data-original-width=\"246\" data-original-height=\"138\" itemprop=\"http:\/\/schema.org\/image\" title=\"20 y\u0131l\u0131n en \u00e7etin k\u0131\u015f\u0131n\u0131 ge\u00e7iren Karl\u0131ova\u2019da karla m\u00fccadele\" alt=\"20 y\u0131l\u0131n en \u00e7etin k\u0131\u015f\u0131n\u0131 ge\u00e7iren Karl\u0131ova\u2019da karla m\u00fccadele\" style=\"width: 246px; height: 138px;\" \/> <\/a> <\/div> <\/div> <!-- close group --> <div class=\"gallery-group images-1\" style=\"width: 250px; height: 142px;\" data-original-width=\"250\" data-original-height=\"142\" > <div class=\"tiled-gallery-item tiled-gallery-item-small\" itemprop=\"associatedMedia\" itemscope itemtype=\"http:\/\/schema.org\/ImageObject\"> <a href=\"http:\/\/www.tvturk.com\/index.php\/20-yilin-en-cetin-kisini-geciren-karliovada-karla-mucadele\/20-yilin-en-cetin-kisini-geciren-karliovada-karla-mucadele-6\/\" border=\"0\" itemprop=\"url\"> <meta itemprop=\"width\" content=\"246\"> <meta itemprop=\"height\" content=\"138\"> <img decoding=\"async\" class=\"\" data-attachment-id=\"23869\" data-orig-file=\"http:\/\/www.tvturk.com\/wp-content\/uploads\/2019\/02\/20-yilin-en-cetin-kisini-geciren-karliovada-karla-mucadele_4a16930.jpg\" data-orig-size=\"1000,562\" data-comments-opened=\"\" data-image-meta=\"{&quot;aperture&quot;:&quot;0&quot;,&quot;credit&quot;:&quot;IHA&quot;,&quot;camera&quot;:&quot;&quot;,&quot;caption&quot;:&quot;SON 20 YILIN EN \\u00c7ET\\u0130N KI\\u015eINI GE\\u00c7\\u0130REN B\\u0130NG\\u00d6L\\u2019\\u00dcN KARLIOVA \\u0130L\\u00c7ES\\u0130NDE, KARLA M\\u00dcCADELE \\u00c7ALI\\u015eMASI ARALIKSIZ DEVAM EDERKEN, SO\\u011eUK HAVADA ETK\\u0130L\\u0130 OLUYOR. (AYHAN TURHAN\\\/B\\u0130NG\\u00d6L-\\u0130HA)&quot;,&quot;created_timestamp&quot;:&quot;0&quot;,&quot;copyright&quot;:&quot;\\u0130HLAS HABER AJANSI, www.iha.com.tr&quot;,&quot;focal_length&quot;:&quot;0&quot;,&quot;iso&quot;:&quot;0&quot;,&quot;shutter_speed&quot;:&quot;0&quot;,&quot;title&quot;:&quot;20 YILIN EN \\u00c7ET\\u0130N KI\\u015eINI GE\\u00c7\\u0130REN KARLIOVA\\u2019DA KARLA M\\u00dcCADELE \\u0130L\\u00c7E MERKEZ\\u0130NDE EK\\u0130PLER GECE G\\u00dcND\\u00dcZ HEM YOLLARDA, HEMDE \\u00c7ATILARDA KARLA M\\u00dcCADELE \\u00c7ALI\\u015eMASI YAPIYOR SO\\u011eUK HAVA NEDEN\\u0130YLE S\\u00dcR\\u00dcC\\u00dcLER \\u0130SE HER G\\u00dcN ARA\\u00c7LARININ CAMLARINI TEM\\u0130ZLEMEK ZORUNDA KALIYOR&quot;,&quot;orientation&quot;:&quot;0&quot;}\" data-image-title=\"20 y\u0131l\u0131n en \u00e7etin k\u0131\u015f\u0131n\u0131 ge\u00e7iren Karl\u0131ova\u2019da karla m\u00fccadele\" data-image-description=\"&lt;p&gt;20 y\u0131l\u0131n en \u00e7etin k\u0131\u015f\u0131n\u0131 ge\u00e7iren Karl\u0131ova\u2019da karla m\u00fccadele&lt;\/p&gt; \" data-medium-file=\"https:\/\/i0.wp.com\/www.tvturk.com\/wp-content\/uploads\/2019\/02\/20-yilin-en-cetin-kisini-geciren-karliovada-karla-mucadele_4a16930.jpg?fit=300%2C169\" data-large-file=\"https:\/\/i0.wp.com\/www.tvturk.com\/wp-content\/uploads\/2019\/02\/20-yilin-en-cetin-kisini-geciren-karliovada-karla-mucadele_4a16930.jpg?fit=1000%2C562\" src=\"https:\/\/i0.wp.com\/www.tvturk.com\/wp-content\/uploads\/2019\/02\/20-yilin-en-cetin-kisini-geciren-karliovada-karla-mucadele_4a16930.jpg?w=246&#038;h=138\" srcset=\"https:\/\/i0.wp.com\/www.tvturk.com\/wp-content\/uploads\/2019\/02\/20-yilin-en-cetin-kisini-geciren-karliovada-karla-mucadele_4a16930.jpg?w=1000 1000w, https:\/\/i0.wp.com\/www.tvturk.com\/wp-content\/uploads\/2019\/02\/20-yilin-en-cetin-kisini-geciren-karliovada-karla-mucadele_4a16930.jpg?resize=150%2C84 150w, https:\/\/i0.wp.com\/www.tvturk.com\/wp-content\/uploads\/2019\/02\/20-yilin-en-cetin-kisini-geciren-karliovada-karla-mucadele_4a16930.jpg?resize=300%2C169 300w, https:\/\/i0.wp.com\/www.tvturk.com\/wp-content\/uploads\/2019\/02\/20-yilin-en-cetin-kisini-geciren-karliovada-karla-mucadele_4a16930.jpg?resize=768%2C432 768w, https:\/\/i0.wp.com\/www.tvturk.com\/wp-content\/uploads\/2019\/02\/20-yilin-en-cetin-kisini-geciren-karliovada-karla-mucadele_4a16930.jpg?resize=200%2C113 200w\" width=\"246\" height=\"138\" loading=\"lazy\" data-original-width=\"246\" data-original-height=\"138\" itemprop=\"http:\/\/schema.org\/image\" title=\"20 y\u0131l\u0131n en \u00e7etin k\u0131\u015f\u0131n\u0131 ge\u00e7iren Karl\u0131ova\u2019da karla m\u00fccadele\" alt=\"20 y\u0131l\u0131n en \u00e7etin k\u0131\u015f\u0131n\u0131 ge\u00e7iren Karl\u0131ova\u2019da karla m\u00fccadele\" style=\"width: 246px; height: 138px;\" \/> <\/a> <\/div> <\/div> <!-- close group --> <\/div> <!-- close row --> <div class=\"gallery-row\" style=\"width: 500px; height: 142px;\" data-original-width=\"500\" data-original-height=\"142\" > <div class=\"gallery-group images-1\" style=\"width: 250px; height: 142px;\" data-original-width=\"250\" data-original-height=\"142\" > <div class=\"tiled-gallery-item tiled-gallery-item-small\" itemprop=\"associatedMedia\" itemscope itemtype=\"http:\/\/schema.org\/ImageObject\"> <a href=\"http:\/\/www.tvturk.com\/index.php\/20-yilin-en-cetin-kisini-geciren-karliovada-karla-mucadele\/20-yilin-en-cetin-kisini-geciren-karliovada-karla-mucadele-7\/\" border=\"0\" itemprop=\"url\"> <meta itemprop=\"width\" content=\"246\"> <meta itemprop=\"height\" content=\"138\"> <img decoding=\"async\" class=\"\" data-attachment-id=\"23870\" data-orig-file=\"http:\/\/www.tvturk.com\/wp-content\/uploads\/2019\/02\/20-yilin-en-cetin-kisini-geciren-karliovada-karla-mucadele_28a67d9.jpg\" data-orig-size=\"1000,562\" data-comments-opened=\"\" data-image-meta=\"{&quot;aperture&quot;:&quot;0&quot;,&quot;credit&quot;:&quot;IHA&quot;,&quot;camera&quot;:&quot;&quot;,&quot;caption&quot;:&quot;SON 20 YILIN EN \\u00c7ET\\u0130N KI\\u015eINI GE\\u00c7\\u0130REN B\\u0130NG\\u00d6L\\u2019\\u00dcN KARLIOVA \\u0130L\\u00c7ES\\u0130NDE, KARLA M\\u00dcCADELE \\u00c7ALI\\u015eMASI ARALIKSIZ DEVAM EDERKEN, SO\\u011eUK HAVADA ETK\\u0130L\\u0130 OLUYOR. (AYHAN TURHAN\\\/B\\u0130NG\\u00d6L-\\u0130HA)&quot;,&quot;created_timestamp&quot;:&quot;0&quot;,&quot;copyright&quot;:&quot;\\u0130HLAS HABER AJANSI, www.iha.com.tr&quot;,&quot;focal_length&quot;:&quot;0&quot;,&quot;iso&quot;:&quot;0&quot;,&quot;shutter_speed&quot;:&quot;0&quot;,&quot;title&quot;:&quot;20 YILIN EN \\u00c7ET\\u0130N KI\\u015eINI GE\\u00c7\\u0130REN KARLIOVA\\u2019DA KARLA M\\u00dcCADELE \\u0130L\\u00c7E MERKEZ\\u0130NDE EK\\u0130PLER GECE G\\u00dcND\\u00dcZ HEM YOLLARDA, HEMDE \\u00c7ATILARDA KARLA M\\u00dcCADELE \\u00c7ALI\\u015eMASI YAPIYOR SO\\u011eUK HAVA NEDEN\\u0130YLE S\\u00dcR\\u00dcC\\u00dcLER \\u0130SE HER G\\u00dcN ARA\\u00c7LARININ CAMLARINI TEM\\u0130ZLEMEK ZORUNDA KALIYOR&quot;,&quot;orientation&quot;:&quot;0&quot;}\" data-image-title=\"20 y\u0131l\u0131n en \u00e7etin k\u0131\u015f\u0131n\u0131 ge\u00e7iren Karl\u0131ova\u2019da karla m\u00fccadele\" data-image-description=\"&lt;p&gt;20 y\u0131l\u0131n en \u00e7etin k\u0131\u015f\u0131n\u0131 ge\u00e7iren Karl\u0131ova\u2019da karla m\u00fccadele&lt;\/p&gt; \" data-medium-file=\"https:\/\/i0.wp.com\/www.tvturk.com\/wp-content\/uploads\/2019\/02\/20-yilin-en-cetin-kisini-geciren-karliovada-karla-mucadele_28a67d9.jpg?fit=300%2C169\" data-large-file=\"https:\/\/i0.wp.com\/www.tvturk.com\/wp-content\/uploads\/2019\/02\/20-yilin-en-cetin-kisini-geciren-karliovada-karla-mucadele_28a67d9.jpg?fit=1000%2C562\" src=\"https:\/\/i0.wp.com\/www.tvturk.com\/wp-content\/uploads\/2019\/02\/20-yilin-en-cetin-kisini-geciren-karliovada-karla-mucadele_28a67d9.jpg?w=246&#038;h=138\" srcset=\"https:\/\/i0.wp.com\/www.tvturk.com\/wp-content\/uploads\/2019\/02\/20-yilin-en-cetin-kisini-geciren-karliovada-karla-mucadele_28a67d9.jpg?w=1000 1000w, https:\/\/i0.wp.com\/www.tvturk.com\/wp-content\/uploads\/2019\/02\/20-yilin-en-cetin-kisini-geciren-karliovada-karla-mucadele_28a67d9.jpg?resize=150%2C84 150w, https:\/\/i0.wp.com\/www.tvturk.com\/wp-content\/uploads\/2019\/02\/20-yilin-en-cetin-kisini-geciren-karliovada-karla-mucadele_28a67d9.jpg?resize=300%2C169 300w, https:\/\/i0.wp.com\/www.tvturk.com\/wp-content\/uploads\/2019\/02\/20-yilin-en-cetin-kisini-geciren-karliovada-karla-mucadele_28a67d9.jpg?resize=768%2C432 768w, https:\/\/i0.wp.com\/www.tvturk.com\/wp-content\/uploads\/2019\/02\/20-yilin-en-cetin-kisini-geciren-karliovada-karla-mucadele_28a67d9.jpg?resize=200%2C113 200w\" width=\"246\" height=\"138\" loading=\"lazy\" data-original-width=\"246\" data-original-height=\"138\" itemprop=\"http:\/\/schema.org\/image\" title=\"20 y\u0131l\u0131n en \u00e7etin k\u0131\u015f\u0131n\u0131 ge\u00e7iren Karl\u0131ova\u2019da karla m\u00fccadele\" alt=\"20 y\u0131l\u0131n en \u00e7etin k\u0131\u015f\u0131n\u0131 ge\u00e7iren Karl\u0131ova\u2019da karla m\u00fccadele\" style=\"width: 246px; height: 138px;\" \/> <\/a> <\/div> <\/div> <!-- close group --> <div class=\"gallery-group images-1\" style=\"width: 250px; height: 142px;\" data-original-width=\"250\" data-original-height=\"142\" > <div class=\"tiled-gallery-item tiled-gallery-item-small\" itemprop=\"associatedMedia\" itemscope itemtype=\"http:\/\/schema.org\/ImageObject\"> <a href=\"http:\/\/www.tvturk.com\/index.php\/20-yilin-en-cetin-kisini-geciren-karliovada-karla-mucadele\/20-yilin-en-cetin-kisini-geciren-karliovada-karla-mucadele-8\/\" border=\"0\" itemprop=\"url\"> <meta itemprop=\"width\" content=\"246\"> <meta itemprop=\"height\" content=\"138\"> <img decoding=\"async\" class=\"\" data-attachment-id=\"23871\" data-orig-file=\"http:\/\/www.tvturk.com\/wp-content\/uploads\/2019\/02\/20-yilin-en-cetin-kisini-geciren-karliovada-karla-mucadele_adb18e4.jpg\" data-orig-size=\"1000,562\" data-comments-opened=\"\" data-image-meta=\"{&quot;aperture&quot;:&quot;0&quot;,&quot;credit&quot;:&quot;IHA&quot;,&quot;camera&quot;:&quot;&quot;,&quot;caption&quot;:&quot;SON 20 YILIN EN \\u00c7ET\\u0130N KI\\u015eINI GE\\u00c7\\u0130REN B\\u0130NG\\u00d6L\\u2019\\u00dcN KARLIOVA \\u0130L\\u00c7ES\\u0130NDE, KARLA M\\u00dcCADELE \\u00c7ALI\\u015eMASI ARALIKSIZ DEVAM EDERKEN, SO\\u011eUK HAVADA ETK\\u0130L\\u0130 OLUYOR. (AYHAN TURHAN\\\/B\\u0130NG\\u00d6L-\\u0130HA)&quot;,&quot;created_timestamp&quot;:&quot;0&quot;,&quot;copyright&quot;:&quot;\\u0130HLAS HABER AJANSI, www.iha.com.tr&quot;,&quot;focal_length&quot;:&quot;0&quot;,&quot;iso&quot;:&quot;0&quot;,&quot;shutter_speed&quot;:&quot;0&quot;,&quot;title&quot;:&quot;20 YILIN EN \\u00c7ET\\u0130N KI\\u015eINI GE\\u00c7\\u0130REN KARLIOVA\\u2019DA KARLA M\\u00dcCADELE \\u0130L\\u00c7E MERKEZ\\u0130NDE EK\\u0130PLER GECE G\\u00dcND\\u00dcZ HEM YOLLARDA, HEMDE \\u00c7ATILARDA KARLA M\\u00dcCADELE \\u00c7ALI\\u015eMASI YAPIYOR SO\\u011eUK HAVA NEDEN\\u0130YLE S\\u00dcR\\u00dcC\\u00dcLER \\u0130SE HER G\\u00dcN ARA\\u00c7LARININ CAMLARINI TEM\\u0130ZLEMEK ZORUNDA KALIYOR&quot;,&quot;orientation&quot;:&quot;0&quot;}\" data-image-title=\"20 y\u0131l\u0131n en \u00e7etin k\u0131\u015f\u0131n\u0131 ge\u00e7iren Karl\u0131ova\u2019da karla m\u00fccadele\" data-image-description=\"&lt;p&gt;20 y\u0131l\u0131n en \u00e7etin k\u0131\u015f\u0131n\u0131 ge\u00e7iren Karl\u0131ova\u2019da karla m\u00fccadele&lt;\/p&gt; \" data-medium-file=\"https:\/\/i0.wp.com\/www.tvturk.com\/wp-content\/uploads\/2019\/02\/20-yilin-en-cetin-kisini-geciren-karliovada-karla-mucadele_adb18e4.jpg?fit=300%2C169\" data-large-file=\"https:\/\/i0.wp.com\/www.tvturk.com\/wp-content\/uploads\/2019\/02\/20-yilin-en-cetin-kisini-geciren-karliovada-karla-mucadele_adb18e4.jpg?fit=1000%2C562\" src=\"https:\/\/i0.wp.com\/www.tvturk.com\/wp-content\/uploads\/2019\/02\/20-yilin-en-cetin-kisini-geciren-karliovada-karla-mucadele_adb18e4.jpg?w=246&#038;h=138\" srcset=\"https:\/\/i0.wp.com\/www.tvturk.com\/wp-content\/uploads\/2019\/02\/20-yilin-en-cetin-kisini-geciren-karliovada-karla-mucadele_adb18e4.jpg?w=1000 1000w, https:\/\/i0.wp.com\/www.tvturk.com\/wp-content\/uploads\/2019\/02\/20-yilin-en-cetin-kisini-geciren-karliovada-karla-mucadele_adb18e4.jpg?resize=150%2C84 150w, https:\/\/i0.wp.com\/www.tvturk.com\/wp-content\/uploads\/2019\/02\/20-yilin-en-cetin-kisini-geciren-karliovada-karla-mucadele_adb18e4.jpg?resize=300%2C169 300w, https:\/\/i0.wp.com\/www.tvturk.com\/wp-content\/uploads\/2019\/02\/20-yilin-en-cetin-kisini-geciren-karliovada-karla-mucadele_adb18e4.jpg?resize=768%2C432 768w, https:\/\/i0.wp.com\/www.tvturk.com\/wp-content\/uploads\/2019\/02\/20-yilin-en-cetin-kisini-geciren-karliovada-karla-mucadele_adb18e4.jpg?resize=200%2C113 200w\" width=\"246\" height=\"138\" loading=\"lazy\" data-original-width=\"246\" data-original-height=\"138\" itemprop=\"http:\/\/schema.org\/image\" title=\"20 y\u0131l\u0131n en \u00e7etin k\u0131\u015f\u0131n\u0131 ge\u00e7iren Karl\u0131ova\u2019da karla m\u00fccadele\" alt=\"20 y\u0131l\u0131n en \u00e7etin k\u0131\u015f\u0131n\u0131 ge\u00e7iren Karl\u0131ova\u2019da karla m\u00fccadele\" style=\"width: 246px; height: 138px;\" \/> <\/a> <\/div> <\/div> <!-- close group --> <\/div> <!-- close row --> <div class=\"gallery-row\" style=\"width: 500px; height: 142px;\" data-original-width=\"500\" data-original-height=\"142\" > <div class=\"gallery-group images-1\" style=\"width: 250px; height: 142px;\" data-original-width=\"250\" data-original-height=\"142\" > <div class=\"tiled-gallery-item tiled-gallery-item-small\" itemprop=\"associatedMedia\" itemscope itemtype=\"http:\/\/schema.org\/ImageObject\"> <a href=\"http:\/\/www.tvturk.com\/index.php\/20-yilin-en-cetin-kisini-geciren-karliovada-karla-mucadele\/20-yilin-en-cetin-kisini-geciren-karliovada-karla-mucadele-9\/\" border=\"0\" itemprop=\"url\"> <meta itemprop=\"width\" content=\"246\"> <meta itemprop=\"height\" content=\"138\"> <img decoding=\"async\" class=\"\" data-attachment-id=\"23872\" data-orig-file=\"http:\/\/www.tvturk.com\/wp-content\/uploads\/2019\/02\/20-yilin-en-cetin-kisini-geciren-karliovada-karla-mucadele_238922b.jpg\" data-orig-size=\"1000,562\" data-comments-opened=\"\" data-image-meta=\"{&quot;aperture&quot;:&quot;0&quot;,&quot;credit&quot;:&quot;IHA&quot;,&quot;camera&quot;:&quot;&quot;,&quot;caption&quot;:&quot;SON 20 YILIN EN \\u00c7ET\\u0130N KI\\u015eINI GE\\u00c7\\u0130REN B\\u0130NG\\u00d6L\\u2019\\u00dcN KARLIOVA \\u0130L\\u00c7ES\\u0130NDE, KARLA M\\u00dcCADELE \\u00c7ALI\\u015eMASI ARALIKSIZ DEVAM EDERKEN, SO\\u011eUK HAVADA ETK\\u0130L\\u0130 OLUYOR. (AYHAN TURHAN\\\/B\\u0130NG\\u00d6L-\\u0130HA)&quot;,&quot;created_timestamp&quot;:&quot;0&quot;,&quot;copyright&quot;:&quot;\\u0130HLAS HABER AJANSI, www.iha.com.tr&quot;,&quot;focal_length&quot;:&quot;0&quot;,&quot;iso&quot;:&quot;0&quot;,&quot;shutter_speed&quot;:&quot;0&quot;,&quot;title&quot;:&quot;20 YILIN EN \\u00c7ET\\u0130N KI\\u015eINI GE\\u00c7\\u0130REN KARLIOVA\\u2019DA KARLA M\\u00dcCADELE \\u0130L\\u00c7E MERKEZ\\u0130NDE EK\\u0130PLER GECE G\\u00dcND\\u00dcZ HEM YOLLARDA, HEMDE \\u00c7ATILARDA KARLA M\\u00dcCADELE \\u00c7ALI\\u015eMASI YAPIYOR SO\\u011eUK HAVA NEDEN\\u0130YLE S\\u00dcR\\u00dcC\\u00dcLER \\u0130SE HER G\\u00dcN ARA\\u00c7LARININ CAMLARINI TEM\\u0130ZLEMEK ZORUNDA KALIYOR&quot;,&quot;orientation&quot;:&quot;0&quot;}\" data-image-title=\"20 y\u0131l\u0131n en \u00e7etin k\u0131\u015f\u0131n\u0131 ge\u00e7iren Karl\u0131ova\u2019da karla m\u00fccadele\" data-image-description=\"&lt;p&gt;20 y\u0131l\u0131n en \u00e7etin k\u0131\u015f\u0131n\u0131 ge\u00e7iren Karl\u0131ova\u2019da karla m\u00fccadele&lt;\/p&gt; \" data-medium-file=\"https:\/\/i0.wp.com\/www.tvturk.com\/wp-content\/uploads\/2019\/02\/20-yilin-en-cetin-kisini-geciren-karliovada-karla-mucadele_238922b.jpg?fit=300%2C169\" data-large-file=\"https:\/\/i0.wp.com\/www.tvturk.com\/wp-content\/uploads\/2019\/02\/20-yilin-en-cetin-kisini-geciren-karliovada-karla-mucadele_238922b.jpg?fit=1000%2C562\" src=\"https:\/\/i0.wp.com\/www.tvturk.com\/wp-content\/uploads\/2019\/02\/20-yilin-en-cetin-kisini-geciren-karliovada-karla-mucadele_238922b.jpg?w=246&#038;h=138\" srcset=\"https:\/\/i0.wp.com\/www.tvturk.com\/wp-content\/uploads\/2019\/02\/20-yilin-en-cetin-kisini-geciren-karliovada-karla-mucadele_238922b.jpg?w=1000 1000w, https:\/\/i0.wp.com\/www.tvturk.com\/wp-content\/uploads\/2019\/02\/20-yilin-en-cetin-kisini-geciren-karliovada-karla-mucadele_238922b.jpg?resize=150%2C84 150w, https:\/\/i0.wp.com\/www.tvturk.com\/wp-content\/uploads\/2019\/02\/20-yilin-en-cetin-kisini-geciren-karliovada-karla-mucadele_238922b.jpg?resize=300%2C169 300w, https:\/\/i0.wp.com\/www.tvturk.com\/wp-content\/uploads\/2019\/02\/20-yilin-en-cetin-kisini-geciren-karliovada-karla-mucadele_238922b.jpg?resize=768%2C432 768w, https:\/\/i0.wp.com\/www.tvturk.com\/wp-content\/uploads\/2019\/02\/20-yilin-en-cetin-kisini-geciren-karliovada-karla-mucadele_238922b.jpg?resize=200%2C113 200w\" width=\"246\" height=\"138\" loading=\"lazy\" data-original-width=\"246\" data-original-height=\"138\" itemprop=\"http:\/\/schema.org\/image\" title=\"20 y\u0131l\u0131n en \u00e7etin k\u0131\u015f\u0131n\u0131 ge\u00e7iren Karl\u0131ova\u2019da karla m\u00fccadele\" alt=\"20 y\u0131l\u0131n en \u00e7etin k\u0131\u015f\u0131n\u0131 ge\u00e7iren Karl\u0131ova\u2019da karla m\u00fccadele\" style=\"width: 246px; height: 138px;\" \/> <\/a> <\/div> <\/div> <!-- close group --> <div class=\"gallery-group images-1\" style=\"width: 250px; height: 142px;\" data-original-width=\"250\" data-original-height=\"142\" > <div class=\"tiled-gallery-item tiled-gallery-item-small\" itemprop=\"associatedMedia\" itemscope itemtype=\"http:\/\/schema.org\/ImageObject\"> <a href=\"http:\/\/www.tvturk.com\/index.php\/20-yilin-en-cetin-kisini-geciren-karliovada-karla-mucadele\/20-yilin-en-cetin-kisini-geciren-karliovada-karla-mucadele-10\/\" border=\"0\" itemprop=\"url\"> <meta itemprop=\"width\" content=\"246\"> <meta itemprop=\"height\" content=\"138\"> <img decoding=\"async\" class=\"\" data-attachment-id=\"23873\" data-orig-file=\"http:\/\/www.tvturk.com\/wp-content\/uploads\/2019\/02\/20-yilin-en-cetin-kisini-geciren-karliovada-karla-mucadele_557f5f6.jpg\" data-orig-size=\"1000,562\" data-comments-opened=\"\" data-image-meta=\"{&quot;aperture&quot;:&quot;0&quot;,&quot;credit&quot;:&quot;IHA&quot;,&quot;camera&quot;:&quot;&quot;,&quot;caption&quot;:&quot;SON 20 YILIN EN \\u00c7ET\\u0130N KI\\u015eINI GE\\u00c7\\u0130REN B\\u0130NG\\u00d6L\\u2019\\u00dcN KARLIOVA \\u0130L\\u00c7ES\\u0130NDE, KARLA M\\u00dcCADELE \\u00c7ALI\\u015eMASI ARALIKSIZ DEVAM EDERKEN, SO\\u011eUK HAVADA ETK\\u0130L\\u0130 OLUYOR. (AYHAN TURHAN\\\/B\\u0130NG\\u00d6L-\\u0130HA)&quot;,&quot;created_timestamp&quot;:&quot;0&quot;,&quot;copyright&quot;:&quot;\\u0130HLAS HABER AJANSI, www.iha.com.tr&quot;,&quot;focal_length&quot;:&quot;0&quot;,&quot;iso&quot;:&quot;0&quot;,&quot;shutter_speed&quot;:&quot;0&quot;,&quot;title&quot;:&quot;20 YILIN EN \\u00c7ET\\u0130N KI\\u015eINI GE\\u00c7\\u0130REN KARLIOVA\\u2019DA KARLA M\\u00dcCADELE \\u0130L\\u00c7E MERKEZ\\u0130NDE EK\\u0130PLER GECE G\\u00dcND\\u00dcZ HEM YOLLARDA, HEMDE \\u00c7ATILARDA KARLA M\\u00dcCADELE \\u00c7ALI\\u015eMASI YAPIYOR SO\\u011eUK HAVA NEDEN\\u0130YLE S\\u00dcR\\u00dcC\\u00dcLER \\u0130SE HER G\\u00dcN ARA\\u00c7LARININ CAMLARINI TEM\\u0130ZLEMEK ZORUNDA KALIYOR&quot;,&quot;orientation&quot;:&quot;0&quot;}\" data-image-title=\"20 y\u0131l\u0131n en \u00e7etin k\u0131\u015f\u0131n\u0131 ge\u00e7iren Karl\u0131ova\u2019da karla m\u00fccadele\" data-image-description=\"&lt;p&gt;20 y\u0131l\u0131n en \u00e7etin k\u0131\u015f\u0131n\u0131 ge\u00e7iren Karl\u0131ova\u2019da karla m\u00fccadele&lt;\/p&gt; \" data-medium-file=\"https:\/\/i0.wp.com\/www.tvturk.com\/wp-content\/uploads\/2019\/02\/20-yilin-en-cetin-kisini-geciren-karliovada-karla-mucadele_557f5f6.jpg?fit=300%2C169\" data-large-file=\"https:\/\/i0.wp.com\/www.tvturk.com\/wp-content\/uploads\/2019\/02\/20-yilin-en-cetin-kisini-geciren-karliovada-karla-mucadele_557f5f6.jpg?fit=1000%2C562\" src=\"https:\/\/i0.wp.com\/www.tvturk.com\/wp-content\/uploads\/2019\/02\/20-yilin-en-cetin-kisini-geciren-karliovada-karla-mucadele_557f5f6.jpg?w=246&#038;h=138\" srcset=\"https:\/\/i0.wp.com\/www.tvturk.com\/wp-content\/uploads\/2019\/02\/20-yilin-en-cetin-kisini-geciren-karliovada-karla-mucadele_557f5f6.jpg?w=1000 1000w, https:\/\/i0.wp.com\/www.tvturk.com\/wp-content\/uploads\/2019\/02\/20-yilin-en-cetin-kisini-geciren-karliovada-karla-mucadele_557f5f6.jpg?resize=150%2C84 150w, https:\/\/i0.wp.com\/www.tvturk.com\/wp-content\/uploads\/2019\/02\/20-yilin-en-cetin-kisini-geciren-karliovada-karla-mucadele_557f5f6.jpg?resize=300%2C169 300w, https:\/\/i0.wp.com\/www.tvturk.com\/wp-content\/uploads\/2019\/02\/20-yilin-en-cetin-kisini-geciren-karliovada-karla-mucadele_557f5f6.jpg?resize=768%2C432 768w, https:\/\/i0.wp.com\/www.tvturk.com\/wp-content\/uploads\/2019\/02\/20-yilin-en-cetin-kisini-geciren-karliovada-karla-mucadele_557f5f6.jpg?resize=200%2C113 200w\" width=\"246\" height=\"138\" loading=\"lazy\" data-original-width=\"246\" data-original-height=\"138\" itemprop=\"http:\/\/schema.org\/image\" title=\"20 y\u0131l\u0131n en \u00e7etin k\u0131\u015f\u0131n\u0131 ge\u00e7iren Karl\u0131ova\u2019da karla m\u00fccadele\" alt=\"20 y\u0131l\u0131n en \u00e7etin k\u0131\u015f\u0131n\u0131 ge\u00e7iren Karl\u0131ova\u2019da karla m\u00fccadele\" style=\"width: 246px; height: 138px;\" \/> <\/a> <\/div> <\/div> <!-- close group --> <\/div> <!-- close row --> <div class=\"gallery-row\" style=\"width: 500px; height: 283px;\" data-original-width=\"500\" data-original-height=\"283\" > <div class=\"gallery-group images-1\" style=\"width: 500px; height: 283px;\" data-original-width=\"500\" data-original-height=\"283\" > <div class=\"tiled-gallery-item tiled-gallery-item-large\" itemprop=\"associatedMedia\" itemscope itemtype=\"http:\/\/schema.org\/ImageObject\"> <a href=\"http:\/\/www.tvturk.com\/index.php\/20-yilin-en-cetin-kisini-geciren-karliovada-karla-mucadele\/20-yilin-en-cetin-kisini-geciren-karliovada-karla-mucadele-11\/\" border=\"0\" itemprop=\"url\"> <meta itemprop=\"width\" content=\"496\"> <meta itemprop=\"height\" content=\"279\"> <img decoding=\"async\" class=\"\" data-attachment-id=\"23874\" data-orig-file=\"http:\/\/www.tvturk.com\/wp-content\/uploads\/2019\/02\/20-yilin-en-cetin-kisini-geciren-karliovada-karla-mucadele_cdd970f.jpg\" data-orig-size=\"1000,562\" data-comments-opened=\"\" data-image-meta=\"{&quot;aperture&quot;:&quot;0&quot;,&quot;credit&quot;:&quot;IHA&quot;,&quot;camera&quot;:&quot;&quot;,&quot;caption&quot;:&quot;SON 20 YILIN EN \\u00c7ET\\u0130N KI\\u015eINI GE\\u00c7\\u0130REN B\\u0130NG\\u00d6L\\u2019\\u00dcN KARLIOVA \\u0130L\\u00c7ES\\u0130NDE, KARLA M\\u00dcCADELE \\u00c7ALI\\u015eMASI ARALIKSIZ DEVAM EDERKEN, SO\\u011eUK HAVADA ETK\\u0130L\\u0130 OLUYOR. (AYHAN TURHAN\\\/B\\u0130NG\\u00d6L-\\u0130HA)&quot;,&quot;created_timestamp&quot;:&quot;0&quot;,&quot;copyright&quot;:&quot;\\u0130HLAS HABER AJANSI, www.iha.com.tr&quot;,&quot;focal_length&quot;:&quot;0&quot;,&quot;iso&quot;:&quot;0&quot;,&quot;shutter_speed&quot;:&quot;0&quot;,&quot;title&quot;:&quot;20 YILIN EN \\u00c7ET\\u0130N KI\\u015eINI GE\\u00c7\\u0130REN KARLIOVA\\u2019DA KARLA M\\u00dcCADELE \\u0130L\\u00c7E MERKEZ\\u0130NDE EK\\u0130PLER GECE G\\u00dcND\\u00dcZ HEM YOLLARDA, HEMDE \\u00c7ATILARDA KARLA M\\u00dcCADELE \\u00c7ALI\\u015eMASI YAPIYOR SO\\u011eUK HAVA NEDEN\\u0130YLE S\\u00dcR\\u00dcC\\u00dcLER \\u0130SE HER G\\u00dcN ARA\\u00c7LARININ CAMLARINI TEM\\u0130ZLEMEK ZORUNDA KALIYOR&quot;,&quot;orientation&quot;:&quot;0&quot;}\" data-image-title=\"20 y\u0131l\u0131n en \u00e7etin k\u0131\u015f\u0131n\u0131 ge\u00e7iren Karl\u0131ova\u2019da karla m\u00fccadele\" data-image-description=\"&lt;p&gt;20 y\u0131l\u0131n en \u00e7etin k\u0131\u015f\u0131n\u0131 ge\u00e7iren Karl\u0131ova\u2019da karla m\u00fccadele&lt;\/p&gt; \" data-medium-file=\"https:\/\/i0.wp.com\/www.tvturk.com\/wp-content\/uploads\/2019\/02\/20-yilin-en-cetin-kisini-geciren-karliovada-karla-mucadele_cdd970f.jpg?fit=300%2C169\" data-large-file=\"https:\/\/i0.wp.com\/www.tvturk.com\/wp-content\/uploads\/2019\/02\/20-yilin-en-cetin-kisini-geciren-karliovada-karla-mucadele_cdd970f.jpg?fit=1000%2C562\" src=\"https:\/\/i0.wp.com\/www.tvturk.com\/wp-content\/uploads\/2019\/02\/20-yilin-en-cetin-kisini-geciren-karliovada-karla-mucadele_cdd970f.jpg?w=496&#038;h=279\" srcset=\"https:\/\/i0.wp.com\/www.tvturk.com\/wp-content\/uploads\/2019\/02\/20-yilin-en-cetin-kisini-geciren-karliovada-karla-mucadele_cdd970f.jpg?w=1000 1000w, https:\/\/i0.wp.com\/www.tvturk.com\/wp-content\/uploads\/2019\/02\/20-yilin-en-cetin-kisini-geciren-karliovada-karla-mucadele_cdd970f.jpg?resize=150%2C84 150w, https:\/\/i0.wp.com\/www.tvturk.com\/wp-content\/uploads\/2019\/02\/20-yilin-en-cetin-kisini-geciren-karliovada-karla-mucadele_cdd970f.jpg?resize=300%2C169 300w, https:\/\/i0.wp.com\/www.tvturk.com\/wp-content\/uploads\/2019\/02\/20-yilin-en-cetin-kisini-geciren-karliovada-karla-mucadele_cdd970f.jpg?resize=768%2C432 768w, https:\/\/i0.wp.com\/www.tvturk.com\/wp-content\/uploads\/2019\/02\/20-yilin-en-cetin-kisini-geciren-karliovada-karla-mucadele_cdd970f.jpg?resize=200%2C113 200w\" width=\"496\" height=\"279\" loading=\"lazy\" data-original-width=\"496\" data-original-height=\"279\" itemprop=\"http:\/\/schema.org\/image\" title=\"20 y\u0131l\u0131n en \u00e7etin k\u0131\u015f\u0131n\u0131 ge\u00e7iren Karl\u0131ova\u2019da karla m\u00fccadele\" alt=\"20 y\u0131l\u0131n en \u00e7etin k\u0131\u015f\u0131n\u0131 ge\u00e7iren Karl\u0131ova\u2019da karla m\u00fccadele\" style=\"width: 496px; height: 279px;\" \/> <\/a> <\/div> <\/div> <!-- close group --> <\/div> <!-- close row --> <\/div><\/p>\n","protected":false},"excerpt":{"rendered":"<p>SON 20 YILIN EN \u00c7ET\u0130N KI\u015eINI GE\u00c7\u0130REN B\u0130NG\u00d6L\u2019\u00dcN KARLIOVA \u0130L\u00c7ES\u0130NDE, KARLA M\u00dcCADELE \u00c7ALI\u015eMASI ARALIKSIZ  DEVAM EDERKEN, SO\u011eUK HAVADA ETK\u0130L\u0130 OLUYOR.<\/p>\n","protected":false},"author":1,"featured_media":23865,"comment_status":"closed","ping_status":"open","sticky":false,"template":"","format":"standard","meta":{"jetpack_post_was_ever_published":false,"_jetpack_newsletter_access":"","_jetpack_dont_email_post_to_subs":false,"_jetpack_newsletter_tier_id":0,"_jetpack_memberships_contains_paywalled_content":false,"_jetpack_memberships_contains_paid_content":false,"footnotes":"","jetpack_publicize_message":"","jetpack_publicize_feature_enabled":true,"jetpack_social_post_already_shared":false,"jetpack_social_options":{"image_generator_settings":{"template":"highway","default_image_id":0,"font":"","enabled":false},"version":2}},"categories":[5],"tags":[9555,8455,887,5986,10073,888,1798],"class_list":["post-23864","post","type-post","status-publish","format-standard","has-post-thumbnail","hentry","category-gundem","tag-cetin","tag-geciren","tag-karla","tag-karliovada","tag-kisini","tag-mucadele","tag-yilin"],"jetpack_publicize_connections":[],"jetpack_featured_media_url":"https:\/\/i0.wp.com\/www.tvturk.com\/wp-content\/uploads\/2019\/02\/20-yilin-en-cetin-kisini-geciren-karliovada-karla-mucadele_c7f88eb.jpg?fit=1000%2C562","jetpack_sharing_enabled":true,"jetpack_shortlink":"https:\/\/wp.me\/paKIfm-6cU","_links":{"self":[{"href":"http:\/\/www.tvturk.com\/index.php\/wp-json\/wp\/v2\/posts\/23864","targetHints":{"allow":["GET"]}}],"collection":[{"href":"http:\/\/www.tvturk.com\/index.php\/wp-json\/wp\/v2\/posts"}],"about":[{"href":"http:\/\/www.tvturk.com\/index.php\/wp-json\/wp\/v2\/types\/post"}],"author":[{"embeddable":true,"href":"http:\/\/www.tvturk.com\/index.php\/wp-json\/wp\/v2\/users\/1"}],"replies":[{"embeddable":true,"href":"http:\/\/www.tvturk.com\/index.php\/wp-json\/wp\/v2\/comments?post=23864"}],"version-history":[{"count":1,"href":"http:\/\/www.tvturk.com\/index.php\/wp-json\/wp\/v2\/posts\/23864\/revisions"}],"predecessor-version":[{"id":23875,"href":"http:\/\/www.tvturk.com\/index.php\/wp-json\/wp\/v2\/posts\/23864\/revisions\/23875"}],"wp:featuredmedia":[{"embeddable":true,"href":"http:\/\/www.tvturk.com\/index.php\/wp-json\/wp\/v2\/media\/23865"}],"wp:attachment":[{"href":"http:\/\/www.tvturk.com\/index.php\/wp-json\/wp\/v2\/media?parent=23864"}],"wp:term":[{"taxonomy":"category","embeddable":true,"href":"http:\/\/www.tvturk.com\/index.php\/wp-json\/wp\/v2\/categories?post=23864"},{"taxonomy":"post_tag","embeddable":true,"href":"http:\/\/www.tvturk.com\/index.php\/wp-json\/wp\/v2\/tags?post=23864"}],"curies":[{"name":"wp","href":"https:\/\/api.w.org\/{rel}","templated":true}]}}