{"id":238752,"date":"2019-12-07T17:03:19","date_gmt":"2019-12-07T14:03:19","guid":{"rendered":"http:\/\/www.tvturk.com\/index.php\/minik-112ler-gorev-basina-gecti\/"},"modified":"2019-12-07T17:03:19","modified_gmt":"2019-12-07T14:03:19","slug":"minik-112ler-gorev-basina-gecti","status":"publish","type":"post","link":"http:\/\/www.tvturk.com\/index.php\/minik-112ler-gorev-basina-gecti\/","title":{"rendered":"Minik 112\u2019ler g\u00f6rev ba\u015f\u0131na ge\u00e7ti"},"content":{"rendered":"<p>112 Acil Sa\u011fl\u0131k Hizmetlerinin Kurulu\u015funun 25. y\u0131l\u0131 nedeniyle minikler, hayat kurtarman\u0131n \u00f6nemine dikkat \u00e7ekti.<\/p>\n<p>Sa\u011fl\u0131k Bakanl\u0131\u011f\u0131 112 Acil Sa\u011fl\u0131k Hizmetlerinin Kurulu\u015f y\u0131l d\u00f6n\u00fcm\u00fc nedeniyle Ad\u0131yaman Acil Sa\u011fl\u0131k Hizmetleri Ba\u015fhekimli\u011fi taraf\u0131ndan etkinlik d\u00fczenlendi. Al\u0131\u015fveri\u015f merkezinde d\u00fczenlenen etkinlikte sa\u011fl\u0131k \u00e7al\u0131\u015fanlar\u0131n\u0131n \u00e7ocuklar\u0131 bu kez anne ve babalar\u0131n\u0131n g\u00f6revini yapt\u0131. 112 sa\u011fl\u0131k \u00e7al\u0131\u015fanlar\u0131 \u00e7ocuklar\u0131yla birlikte al\u0131\u015fveri\u015fe gelen ki\u015filere ilk yard\u0131m\u0131 g\u00f6sterdi. Kalp masaj\u0131, suni teneff\u00fcs ba\u015fta olmak \u00fczere ilk m\u00fcdahaleleri minik \u00f6\u011frenciler g\u00f6sterdi.<\/p>\n<p>Etkinlikle ilgili konu\u015fan 112 Acil Sa\u011fl\u0131k Hizmetleri Ba\u015fhekimi Fatma Tu\u011fba Utlu, 25. kurulu\u015f y\u0131l d\u00f6n\u00fcm\u00fcnde \u00e7ocuklarla fark\u0131ndal\u0131k olu\u015fturmak istediklerini belirterek, \u201cMinik 112\u2019lerimiz var. \u00c7ocuklar gelecek neslimiz. A\u011fa\u00e7 ya\u015f iken e\u011filir. Sa\u011fl\u0131k Bakanl\u0131\u011f\u0131n\u0131n da bizden iste\u011fi, \u00f6zellikle yeni yeti\u015fen nesle ilk yard\u0131m\u0131n, 112\u2019nin \u00f6nemini anlatmam\u0131z\u0131 istiyor. Buradaki minik 112\u2019ler, anne babas\u0131 112\u2019de \u00e7al\u0131\u015fan \u00e7ocuklar\u0131m\u0131z. Dolay\u0131s\u0131yla bu etkinlikte hi\u00e7 zorlanmad\u0131k. Daha g\u00fczel bir fark\u0131ndal\u0131k olu\u015fturdu\u011fumuzu d\u00fc\u015f\u00fcn\u00fcyorum\u201d dedi.<\/p>\n<p>As\u0131ls\u0131z \u00e7a\u011fr\u0131lar\u0131n \u00e7oklu\u011funa dikkat \u00e7eken Utlu, bir y\u0131l i\u00e7erisinde d\u00fc\u015fen 450 bin \u00e7a\u011fr\u0131dan y\u00fczde 96-97\u2019si as\u0131ls\u0131z ihbarlardan olu\u015ftu\u011funu s\u00f6yledi. Minik 112\u2019ler ise \u00f6\u011frendiklerinin \u00f6neminden bahsederek 112 santralini as\u0131ls\u0131z ihbarlarla me\u015fgul edilmemesini istedi.<\/p>\n<p>Etkinlik sonunda Sa\u011fl\u0131k M\u00fcd\u00fcrl\u00fc\u011f\u00fc Sa\u011fl\u0131k Hizmetleri Ba\u015fkan\u0131 Nurettin Karakayal\u0131, 112 Acil Sa\u011fl\u0131k Hizmetleri Ba\u015fhekimi Fatma Tu\u011fba Utlu ve personele \u00e7i\u00e7ek takdim etti.<\/p>\n","protected":false},"excerpt":{"rendered":"<p>112 AC\u0130L SA\u011eLIK H\u0130ZMETLER\u0130N\u0130N KURULU\u015eUNUN 25. YILI NEDEN\u0130YLE M\u0130N\u0130KLER, HAYAT KURTARMANIN \u00d6NEM\u0130NE D\u0130KKAT \u00c7EKT\u0130.<\/p>\n","protected":false},"author":1,"featured_media":238753,"comment_status":"closed","ping_status":"open","sticky":false,"template":"","format":"standard","meta":{"jetpack_post_was_ever_published":false,"_jetpack_newsletter_access":"","_jetpack_dont_email_post_to_subs":false,"_jetpack_newsletter_tier_id":0,"_jetpack_memberships_contains_paywalled_content":false,"_jetpack_memberships_contains_paid_content":false,"footnotes":"","jetpack_publicize_message":"","jetpack_publicize_feature_enabled":true,"jetpack_social_post_already_shared":true,"jetpack_social_options":{"image_generator_settings":{"template":"highway","default_image_id":0,"font":"","enabled":false},"version":2}},"categories":[1],"tags":[59798,5684,1512,333,1636],"class_list":["post-238752","post","type-post","status-publish","format-standard","has-post-thumbnail","hentry","category-genel","tag-112ler","tag-basina","tag-gecti","tag-gorev","tag-minik"],"jetpack_publicize_connections":[],"jetpack_featured_media_url":"https:\/\/i0.wp.com\/www.tvturk.com\/wp-content\/uploads\/2019\/12\/minik-112ler-gorev-basina-gecti_22549d1.jpg?fit=1000%2C666","jetpack_sharing_enabled":true,"jetpack_shortlink":"https:\/\/wp.me\/paKIfm-106Q","_links":{"self":[{"href":"http:\/\/www.tvturk.com\/index.php\/wp-json\/wp\/v2\/posts\/238752","targetHints":{"allow":["GET"]}}],"collection":[{"href":"http:\/\/www.tvturk.com\/index.php\/wp-json\/wp\/v2\/posts"}],"about":[{"href":"http:\/\/www.tvturk.com\/index.php\/wp-json\/wp\/v2\/types\/post"}],"author":[{"embeddable":true,"href":"http:\/\/www.tvturk.com\/index.php\/wp-json\/wp\/v2\/users\/1"}],"replies":[{"embeddable":true,"href":"http:\/\/www.tvturk.com\/index.php\/wp-json\/wp\/v2\/comments?post=238752"}],"version-history":[{"count":0,"href":"http:\/\/www.tvturk.com\/index.php\/wp-json\/wp\/v2\/posts\/238752\/revisions"}],"wp:featuredmedia":[{"embeddable":true,"href":"http:\/\/www.tvturk.com\/index.php\/wp-json\/wp\/v2\/media\/238753"}],"wp:attachment":[{"href":"http:\/\/www.tvturk.com\/index.php\/wp-json\/wp\/v2\/media?parent=238752"}],"wp:term":[{"taxonomy":"category","embeddable":true,"href":"http:\/\/www.tvturk.com\/index.php\/wp-json\/wp\/v2\/categories?post=238752"},{"taxonomy":"post_tag","embeddable":true,"href":"http:\/\/www.tvturk.com\/index.php\/wp-json\/wp\/v2\/tags?post=238752"}],"curies":[{"name":"wp","href":"https:\/\/api.w.org\/{rel}","templated":true}]}}