{"id":238766,"date":"2019-12-07T18:02:18","date_gmt":"2019-12-07T15:02:18","guid":{"rendered":"http:\/\/www.tvturk.com\/index.php\/yarali-olarak-fark-etti-yolda-birakmadi\/"},"modified":"2019-12-07T18:02:18","modified_gmt":"2019-12-07T15:02:18","slug":"yarali-olarak-fark-etti-yolda-birakmadi","status":"publish","type":"post","link":"http:\/\/www.tvturk.com\/index.php\/yarali-olarak-fark-etti-yolda-birakmadi\/","title":{"rendered":"Yaral\u0131 olarak fark etti, yolda b\u0131rakmad\u0131"},"content":{"rendered":"<p>Tokat\u2019ta, nadir g\u00f6r\u00fclen &#8220;Puhu&#8221; ku\u015funu yolda yaral\u0131 olarak fark eden duyarl\u0131 vatanda\u015f, tedavi ettirmek i\u00e7in Do\u011fa Koruma ve Milli Parklar \u015eube M\u00fcd\u00fcrl\u00fc\u011f\u00fcne getirdi.<\/p>\n<p>Tokat\u2019\u0131n Sulusaray il\u00e7esinde kapl\u0131ca in\u015faat\u0131nda \u00e7al\u0131\u015fmaya giden Mahmut Desteba\u015f\u0131, merkeze ba\u011fl\u0131 \u00c7ubuklu k\u00f6y\u00fc yolu \u00fczerinde yaral\u0131 olan ku\u015fu fark etti. Teredd\u00fct etmeden durarak arac\u0131ndan inen Desteba\u015f\u0131,  u\u00e7amayan ku\u015fu yakalad\u0131. Arac\u0131na ald\u0131\u011f\u0131 ku\u015fu i\u015f yerine g\u00f6t\u00fcrerek orada besleyen Desteba\u015f\u0131, ak\u015fam saatlerinde is Do\u011fa Koruma ve Milli Parklar \u015eube M\u00fcd\u00fcrl\u00fc\u011f\u00fcne getirdi. Ara\u00e7tan kuca\u011f\u0131nda yaral\u0131 ku\u015fla inen Destaba\u015f\u0131, Do\u011fa Koruma ve Milli Parklar \u015eube M\u00fcd\u00fcrl\u00fc\u011f\u00fc Yaban Hayati Teknikeri Ferdi Kocakta\u015f\u2019a teslim etti.<\/p>\n<p>K\u00f6y\u00fcn giri\u015finde fark ettikleri yaral\u0131 ku\u015fa g\u00f6zleri gibi bakt\u0131klar\u0131n\u0131 ifade eden Destebba\u015f\u0131, \u201cYolda giderken adeta \u2018imdat\u2019 der gibi arabaya y\u00f6neldi. U\u00e7am\u0131yordu, peri\u015fan durumda hemen yakalay\u0131p arabaya ald\u0131m. Ak\u015fama kadar \u00e7al\u0131\u015ft\u0131\u011f\u0131m i\u015f yerinde ilgilendim. K\u00f6fteyle beslemek istedim bir par\u00e7a yedi ba\u015fka yemedi. U\u00e7amad\u0131\u011f\u0131 i\u00e7in tedavisi yap\u0131lmas\u0131 i\u00e7in do\u011fa koruma milli parklar m\u00fcd\u00fcrl\u00fc\u011f\u00fcne getirdim\u201d diye konu\u015ftu.<\/p>\n<p>Hamza Desteba\u015f\u0131 ise amcas\u0131 ile i\u015fe giderken yolda fark ettikleri yaral\u0131 ku\u015fun tekrar sa\u011fl\u0131\u011f\u0131na kavu\u015fmas\u0131 i\u00e7in ellerinden geleni yapmaya \u00e7al\u0131\u015ft\u0131klar\u0131n\u0131 belirterek, \u201cYolda bize do\u011fru kanatlar\u0131n\u0131 a\u00e7m\u0131\u015f duruyordu. Amcam ara\u00e7tan a\u015fa\u011f\u0131 indi ald\u0131, bir yere ka\u00e7mad\u0131. \u00d6mr\u00fc hayat\u0131mda ilk defa b\u00f6yle g\u00fczel bir hayvana denk geldim. Hi\u00e7bir y\u0131rt\u0131c\u0131ya benzemiyor\u201d dedi.<\/p>\n<p>Yaban Hayati Teknikeri Ferdi Kocakta\u015f ise teslim ald\u0131klar\u0131 yaral\u0131 puhu ku\u015funu tedavisi yap\u0131ld\u0131ktan sonra do\u011fal ya\u015fam alan\u0131na b\u0131rak\u0131laca\u011f\u0131n\u0131 kaydetti. Bayku\u015fgiller familyas\u0131n\u0131n en b\u00fcy\u00fck t\u00fcr\u00fc olan Puhu ku\u015funun uysal bir havan oldu\u011funu, do\u011fal ya\u015fam alan\u0131nda yaban tav\u015fan\u0131 ve kemirgenler avlayarak beslendi\u011fini s\u00f6yledi.<\/p>\n","protected":false},"excerpt":{"rendered":"<p>TOKAT\u2019TA, NAD\u0130R G\u00d6R\u00dcLEN &#8220;PUHU&#8221; KU\u015eUNU YOLDA YARALI OLARAK FARK EDEN DUYARLI VATANDA\u015e, TEDAV\u0130 ETT\u0130RMEK \u0130\u00c7\u0130N DO\u011eA KORUMA VE M\u0130LL\u0130 PARKLAR \u015eUBE M\u00dcD\u00dcRL\u00dc\u011e\u00dcNE GET\u0130RD\u0130.<\/p>\n","protected":false},"author":1,"featured_media":238767,"comment_status":"closed","ping_status":"open","sticky":false,"template":"","format":"standard","meta":{"jetpack_post_was_ever_published":false,"_jetpack_newsletter_access":"","_jetpack_dont_email_post_to_subs":false,"_jetpack_newsletter_tier_id":0,"_jetpack_memberships_contains_paywalled_content":false,"_jetpack_memberships_contains_paid_content":false,"footnotes":"","jetpack_publicize_message":"","jetpack_publicize_feature_enabled":true,"jetpack_social_post_already_shared":true,"jetpack_social_options":{"image_generator_settings":{"template":"highway","default_image_id":0,"font":"","enabled":false},"version":2}},"categories":[1],"tags":[15021,207,12723,5030,774,5947],"class_list":["post-238766","post","type-post","status-publish","format-standard","has-post-thumbnail","hentry","category-genel","tag-birakmadi","tag-etti","tag-fark","tag-olarak","tag-yarali","tag-yolda"],"jetpack_publicize_connections":[],"jetpack_featured_media_url":"https:\/\/i0.wp.com\/www.tvturk.com\/wp-content\/uploads\/2019\/12\/yarali-olarak-fark-etti-yolda-birakmadi_05e1aea.jpg?fit=1000%2C562","jetpack_sharing_enabled":true,"jetpack_shortlink":"https:\/\/wp.me\/paKIfm-1074","_links":{"self":[{"href":"http:\/\/www.tvturk.com\/index.php\/wp-json\/wp\/v2\/posts\/238766","targetHints":{"allow":["GET"]}}],"collection":[{"href":"http:\/\/www.tvturk.com\/index.php\/wp-json\/wp\/v2\/posts"}],"about":[{"href":"http:\/\/www.tvturk.com\/index.php\/wp-json\/wp\/v2\/types\/post"}],"author":[{"embeddable":true,"href":"http:\/\/www.tvturk.com\/index.php\/wp-json\/wp\/v2\/users\/1"}],"replies":[{"embeddable":true,"href":"http:\/\/www.tvturk.com\/index.php\/wp-json\/wp\/v2\/comments?post=238766"}],"version-history":[{"count":0,"href":"http:\/\/www.tvturk.com\/index.php\/wp-json\/wp\/v2\/posts\/238766\/revisions"}],"wp:featuredmedia":[{"embeddable":true,"href":"http:\/\/www.tvturk.com\/index.php\/wp-json\/wp\/v2\/media\/238767"}],"wp:attachment":[{"href":"http:\/\/www.tvturk.com\/index.php\/wp-json\/wp\/v2\/media?parent=238766"}],"wp:term":[{"taxonomy":"category","embeddable":true,"href":"http:\/\/www.tvturk.com\/index.php\/wp-json\/wp\/v2\/categories?post=238766"},{"taxonomy":"post_tag","embeddable":true,"href":"http:\/\/www.tvturk.com\/index.php\/wp-json\/wp\/v2\/tags?post=238766"}],"curies":[{"name":"wp","href":"https:\/\/api.w.org\/{rel}","templated":true}]}}