{"id":238812,"date":"2019-12-07T21:46:59","date_gmt":"2019-12-07T18:46:59","guid":{"rendered":"http:\/\/www.tvturk.com\/index.php\/yilin-yazari-nezihe-meric-etkinlikleri-sempozyumla-sona-erdi\/"},"modified":"2019-12-07T21:46:59","modified_gmt":"2019-12-07T18:46:59","slug":"yilin-yazari-nezihe-meric-etkinlikleri-sempozyumla-sona-erdi","status":"publish","type":"post","link":"http:\/\/www.tvturk.com\/index.php\/yilin-yazari-nezihe-meric-etkinlikleri-sempozyumla-sona-erdi\/","title":{"rendered":"\u201cY\u0131l\u0131n Yazar\u0131 Nezihe Meri\u00e7\u201d etkinlikleri sempozyumla sona erdi"},"content":{"rendered":"<p>BURSA (\u0130HA) \u2013 Bursa Nil\u00fcfer Belediyesi\u2019nin \u201cY\u0131l\u0131n Yazar\u0131 Nezihe Meri\u00e7\u201d etkinlikleri \u201cBir Umutlu Y\u00fcr\u00fcy\u00fc\u015f Nezihe Meri\u00e7 Sempozyumu\u201dyla sona erdi.<\/p>\n<p>Nil\u00fcfer Belediyesi K\u00fct\u00fcphane M\u00fcd\u00fcrl\u00fc\u011f\u00fc\u2019n\u00fcn, kentte bir edebiyat g\u00fcndemi olu\u015fturmak, belirlenen yazar\u0131 y\u0131l boyunca tan\u0131tmak, yeni okurlar kazanmak amac\u0131yla 2013 y\u0131l\u0131ndan bu yana s\u00fcrd\u00fcrd\u00fc\u011f\u00fc \u201cY\u0131l\u0131n Yazar\u0131 Projesi\u201d bu y\u0131l da 2 g\u00fcnl\u00fck etkinliklerle sona erdi. Y\u0131l boyunca s\u00f6yle\u015filerden, at\u00f6lyelere ve \u00f6yk\u00fc yar\u0131\u015fmas\u0131na kadar bir\u00e7ok etkinli\u011fin ger\u00e7ekle\u015ftirildi\u011fi ve yakla\u015f\u0131k 20 bin ki\u015fiye bulu\u015fturan Y\u0131l\u0131n Yazar\u0131 Nezihe Meri\u00e7 etkinlikleri, \u201cBir Umutlu Y\u00fcr\u00fcy\u00fc\u015f Nezihe Meri\u00e7\u201d sempozyumuyla sona erdi.<\/p>\n<p>4 ayr\u0131 oturumda Nezihe Meri\u00e7 konu\u015fuldu<\/p>\n<p>Sempozyumun ikinci g\u00fcn\u00fcnde d\u00fczenlenen 4 ayr\u0131 oturumda Nezihe Meri\u00e7 ve edebiyat\u0131 konu\u015fuldu.<\/p>\n<p>Nursel Duruel\u2019in ba\u015fkanl\u0131k etti\u011fi \u201cBozbulan\u0131k ile Ba\u015flayan \u00d6yk\u00fc Yolculu\u011fu\u201d isimli ilk oturuma Ay\u015fe Sar\u0131say\u0131n, Birsen Ferahl\u0131, Seveng\u00fcl S\u00f6nmez ve Ay\u015fen I\u015f\u0131k kat\u0131ld\u0131. \u201cKorsan \u00c7\u0131kmaz\u0131\u2019ndan G\u00fcn\u00fcm\u00fcze: Nezihe Meri\u00e7\u2019in Romanc\u0131l\u0131\u011f\u0131\u201d isimli ikinci oturumda Atilla Birkiye ba\u015fkanl\u0131k yapt\u0131, Faruk \u015e\u00fcy\u00fcn, Hakan Akdo\u011fan ve Semiramis Ya\u011fc\u0131o\u011flu konu\u015fmac\u0131 olarak yer ald\u0131. \u201cNezihe Meri\u00e7\u2019in Anlat\u0131 Evreni\u201d isimli \u00fc\u00e7\u00fcnc\u00fc oturumun ba\u015fkan\u0131 Deniz Y\u00fcce Ba\u015far\u0131r oldu, oturuma Onur B\u00fct\u00fcn ve Nahit Kayaba\u015f\u0131 kat\u0131ld\u0131.<\/p>\n<p>G\u00fcn\u00fcn son oturumu Dilber Ko\u00e7\u2019un ba\u015fkanl\u0131\u011f\u0131nda oldu. Oturuma, Nil\u00fcfer Belediyesi\u2019nin d\u00fczenledi\u011fi Yaz\u0131 At\u00f6lyesi Y\u00fcr\u00fct\u00fcc\u00fcs\u00fc Hakan Akdo\u011fan, Yaz\u0131 At\u00f6lyesi kat\u0131l\u0131mc\u0131s\u0131 Elif Y\u0131ld\u0131r\u0131m, \u00c7ocuk Yaz\u0131n\u0131 At\u00f6lyesi Y\u00fcr\u00fct\u00fcc\u00fcs\u00fc F\u00fcsun \u00c7etinel ve \u00c7ocuk Yaz\u0131n\u0131 At\u00f6lyesi kat\u0131l\u0131mc\u0131s\u0131 Semra G\u00fcl Anda\u00e7, Okuma At\u00f6lyesi Y\u00fcr\u00fct\u00fcc\u00fcs\u00fc Nalan Karag\u00f6z, Okuma At\u00f6lyesi kat\u0131l\u0131mc\u0131s\u0131 Zeliha Ko\u00e7, Derin Okuma At\u00f6lyesi kat\u0131l\u0131mc\u0131s\u0131 Melike Olgun,  Drama At\u00f6lyesi Y\u00fcr\u00fct\u00fcc\u00fcs\u00fc Dilruba Saat\u00e7i ve at\u00f6lye kat\u0131l\u0131mc\u0131s\u0131 Zeynep Su Akat, Karikat\u00fcr At\u00f6lyesi kat\u0131l\u0131mc\u0131s\u0131 Bora K\u0131l\u0131\u00e7 ve Liseleraras\u0131 Kitap Kapa\u011f\u0131 Tasar\u0131m Yar\u0131\u015fmas\u0131 Birincisi Sinem Mac\u0131ro\u011fullar\u0131 konu\u015fmac\u0131 olarak kat\u0131ld\u0131.<\/p>\n<p>\u201cNezihe Meri\u00e7 bug\u00fcn\u00fc g\u00f6rseydi \u00e7ok mutlu olurdu\u201d<\/p>\n<p>Oturumlar\u0131n ard\u0131ndan sempozyumun kapan\u0131\u015f t\u00f6reni yap\u0131ld\u0131. Kapan\u0131\u015f konu\u015fmas\u0131n\u0131 yazar \u0130nci Aral yapt\u0131. \u0130ki g\u00fcn boyunca Cumhuriyet d\u00f6nemi edebiyat\u0131n\u0131n kad\u0131n ruh ve ya\u015fant\u0131lar\u0131n\u0131 derinlemesine inceleyen Nezihe Meri\u00e7\u2019in \u00f6nc\u00fc \u00f6yk\u00fcc\u00fcl\u00fc\u011f\u00fc, romanlar\u0131 ve oyunlar\u0131 \u00fczerine konu\u015fuldu\u011funu belirten Aral, \u201cDostlar\u0131n\u0131n \u2018Nezim\u2019 olarak and\u0131klar\u0131 bu sevgi dolu, al\u00e7akg\u00f6n\u00fcll\u00fc, d\u00fcnyaya ho\u015fg\u00f6r\u00fcl\u00fc bir h\u00fcz\u00fcnle ama anlayarak bakan y\u00fcrekli kad\u0131n\u0131 yeniden and\u0131k\u201d dedi.<\/p>\n<p>Nezihe Meri\u00e7\u2019in kendi ku\u015fa\u011f\u0131n\u0131 \u00e7ok iyi g\u00f6zlemledi\u011fine dikkat \u00e7eken \u0130nci Aral, \u201cNezihe Meri\u00e7 d\u00fcnyaya bak\u0131\u015f\u0131nda sa\u011flam bir perspektiften hareket eder. Sa\u011flam bir bak\u0131\u015f\u0131 vard\u0131r. Neyin ne oldu\u011funu sezdirir ama insan\u0131, ya\u015fananlar\u0131 odak al\u0131r. K\u0131\u015fk\u0131rt\u0131c\u0131, kaba saba siyaset kokan s\u00f6ylemlere giri\u015fmez. Ben kendi ad\u0131ma yazar olarak ondan \u00e7ok \u015fey \u00f6\u011frendim\u201d \u015feklinde konu\u015ftu.<\/p>\n<p>\u201cBir Umutlu Y\u00fcr\u00fcy\u00fc\u015f Nezihe Meri\u00e7 Sempozyumu\u201dnda Nezihe Meri\u00e7\u2019in  bir\u00e7ok y\u00f6n\u00fc \u00fczerine de\u011ferli g\u00f6r\u00fc\u015flerin payla\u015f\u0131ld\u0131\u011f\u0131n\u0131 belirten Aral, \u00e7abas\u0131ndan ve de\u011ferbilirli\u011finden \u00f6t\u00fcr\u00fc Nil\u00fcfer Belediyesi\u2019ne ve etkinliklerde eme\u011fi ge\u00e7enlere te\u015fekk\u00fcr etti. Nezihe Meri\u00e7\u2019in ya\u015fad\u0131\u011f\u0131 s\u00fcrede yeterince ve hak etti\u011fince tan\u0131t\u0131lamamas\u0131n\u0131n \u00fcz\u00fcnt\u00fc verici oldu\u011funu s\u00f6yleyen Aral, konu\u015fmas\u0131n\u0131 \u015fu s\u00f6zlerle tamamlad\u0131: \u201cBu a\u00e7\u0131\u011f\u0131n kapat\u0131lma gayretini \u015f\u00fckranla kar\u015f\u0131l\u0131yoruz. Nezihe Meri\u00e7 bug\u00fcn\u00fc g\u00f6rebilseydi \u00e7ok mutlu olacakt\u0131. Se\u00e7kin bir yazard\u0131 ve edebiyat\u0131m\u0131za apayr\u0131 bir duyarl\u0131l\u0131k, anlat\u0131m dili ve kavray\u0131\u015f kazand\u0131rd\u0131. Yazmak i\u00e7in ya\u015fam\u0131n\u0131 anlamland\u0131rmak i\u00e7in yazd\u0131. Zamanla daha \u00e7ok okunacak ve eminim hi\u00e7 unutulmayacak.\u201d<\/p>\n<p>Nezihe Meri\u00e7 \u00d6yk\u00fc \u00d6d\u00fcl\u00fc sahibini buldu<\/p>\n<p>Sempozyumun kapan\u0131\u015f\u0131n\u0131n ard\u0131ndan Y\u0131l\u0131n Yazar\u0131 Nezihe Meri\u00e7 \u00d6yk\u00fc \u00d6d\u00fcl\u00fc\u2019n\u00fcn t\u00f6reni yap\u0131ld\u0131. Se\u00e7ici kurul ad\u0131na konu\u015fan Nursel Duruel, bu y\u0131l yar\u0131\u015fmaya 328 ki\u015finin 656 \u00f6yk\u00fcyle kat\u0131ld\u0131\u011f\u0131n\u0131 ifade etti. Finale kalan 30 \u00f6yk\u00fcn\u00fcn b\u00fcy\u00fck bir titizlikle de\u011ferlendirildi\u011fini ifade eden Nursel Duruel, temel \u00f6\u011feler \u00fczerinden puanlama yap\u0131ld\u0131\u011f\u0131n\u0131 belirtti.<\/p>\n<p>Y\u0131l\u0131n yazar\u0131 \u00d6yk\u00fc \u00d6d\u00fcl\u00fc\u2019ne \u2018Sokaklar\u2019 adl\u0131 \u00f6yk\u00fcs\u00fcyle de\u011fer g\u00f6r\u00fclen Sibel Apayd\u0131n\u2019a \u00f6d\u00fcl\u00fcn\u00fc Nil\u00fcfer Belediye Ba\u015fkan\u0131 Turgay Erdem ve Nezihe Meri\u00e7\u2019in k\u0131z\u0131 Asl\u0131 \u015eengil Buico birlikte verdi. Mansiyon \u00f6d\u00fcllerine de\u011fer g\u00f6r\u00fclen \u201c\u00c7ocuk ve \u00d6l\u00fcm\u201d isimli \u00f6yk\u00fcs\u00fcyle Seyhan Aslan,  \u201cUzak\u201d isimli \u00f6yk\u00fcs\u00fcyle Hanotte Nurhan \u015eahinkaya, \u201cTuz\u201d isimli \u00f6yk\u00fcs\u00fcyle Meral Salk\u0131yan \u201cAla Mavzer\u201d isimli \u00f6yk\u00fcs\u00fcyle Emre Gen\u00e7 ve \u201cOn\u201d adl\u0131 \u00f6yk\u00fcs\u00fcyle \u00d6zg\u00fcr Zirve de \u00f6d\u00fcllerini Ba\u015fkan Turgay Erdem\u2019in elinden ald\u0131.<\/p>\n<p>Gecede, \u00f6d\u00fcl se\u00e7kisinde \u00f6yk\u00fcleri yay\u0131mlanan kat\u0131l\u0131mc\u0131lara ve se\u00e7ici kurul \u00fcyelerine de plaketle te\u015fekk\u00fcr edildi.<\/p>\n","protected":false},"excerpt":{"rendered":"<p>NEZ\u0130HE MER\u0130\u00c7\u2019\u0130N KEND\u0130 KU\u015eA\u011eINI \u00c7OK \u0130Y\u0130 G\u00d6ZLEMLED\u0130\u011e\u0130NE D\u0130KKAT \u00c7EKEN \u0130NC\u0130 ARAL, \u201cNEZ\u0130HE MER\u0130\u00c7 D\u00dcNYAYA BAKI\u015eINDA SA\u011eLAM B\u0130R PERSPEKT\u0130FTEN HAREKET EDER. SA\u011eLAM B\u0130R BAKI\u015eI VARDIR. NEY\u0130N NE OLDU\u011eUNU SEZD\u0130R\u0130R AMA \u0130NSANI, YA\u015eANANLARI ODAK ALIR. KI\u015eKIRTICI, KABA SABA S\u0130YASET KOKAN S\u00d6YLEMLERE G\u0130R\u0130\u015eMEZ. BEN KEND\u0130 ADIMA YAZAR OLARAK ONDAN \u00c7OK \u015eEY \u00d6\u011eREND\u0130M\u201d \u015eEKL\u0130NDE KONU\u015eTU.<\/p>\n","protected":false},"author":1,"featured_media":238813,"comment_status":"closed","ping_status":"open","sticky":false,"template":"","format":"standard","meta":{"jetpack_post_was_ever_published":false,"_jetpack_newsletter_access":"","_jetpack_dont_email_post_to_subs":false,"_jetpack_newsletter_tier_id":0,"_jetpack_memberships_contains_paywalled_content":false,"_jetpack_memberships_contains_paid_content":false,"footnotes":"","jetpack_publicize_message":"","jetpack_publicize_feature_enabled":true,"jetpack_social_post_already_shared":true,"jetpack_social_options":{"image_generator_settings":{"template":"highway","default_image_id":0,"font":"","enabled":false},"version":2}},"categories":[1],"tags":[793,2129,30727,21104,29719,792,11686,1798],"class_list":["post-238812","post","type-post","status-publish","format-standard","has-post-thumbnail","hentry","category-genel","tag-erdi","tag-etkinlikleri","tag-meric","tag-nezihe","tag-sempozyumla","tag-sona","tag-yazari","tag-yilin"],"jetpack_publicize_connections":[],"jetpack_featured_media_url":"https:\/\/i0.wp.com\/www.tvturk.com\/wp-content\/uploads\/2019\/12\/yilin-yazari-nezihe-meric-etkinlikleri-sempozyumla-sona-erdi_21b2c69.jpg?fit=1000%2C666","jetpack_sharing_enabled":true,"jetpack_shortlink":"https:\/\/wp.me\/paKIfm-107O","_links":{"self":[{"href":"http:\/\/www.tvturk.com\/index.php\/wp-json\/wp\/v2\/posts\/238812","targetHints":{"allow":["GET"]}}],"collection":[{"href":"http:\/\/www.tvturk.com\/index.php\/wp-json\/wp\/v2\/posts"}],"about":[{"href":"http:\/\/www.tvturk.com\/index.php\/wp-json\/wp\/v2\/types\/post"}],"author":[{"embeddable":true,"href":"http:\/\/www.tvturk.com\/index.php\/wp-json\/wp\/v2\/users\/1"}],"replies":[{"embeddable":true,"href":"http:\/\/www.tvturk.com\/index.php\/wp-json\/wp\/v2\/comments?post=238812"}],"version-history":[{"count":0,"href":"http:\/\/www.tvturk.com\/index.php\/wp-json\/wp\/v2\/posts\/238812\/revisions"}],"wp:featuredmedia":[{"embeddable":true,"href":"http:\/\/www.tvturk.com\/index.php\/wp-json\/wp\/v2\/media\/238813"}],"wp:attachment":[{"href":"http:\/\/www.tvturk.com\/index.php\/wp-json\/wp\/v2\/media?parent=238812"}],"wp:term":[{"taxonomy":"category","embeddable":true,"href":"http:\/\/www.tvturk.com\/index.php\/wp-json\/wp\/v2\/categories?post=238812"},{"taxonomy":"post_tag","embeddable":true,"href":"http:\/\/www.tvturk.com\/index.php\/wp-json\/wp\/v2\/tags?post=238812"}],"curies":[{"name":"wp","href":"https:\/\/api.w.org\/{rel}","templated":true}]}}