{"id":238860,"date":"2019-12-08T09:46:26","date_gmt":"2019-12-08T06:46:26","guid":{"rendered":"http:\/\/www.tvturk.com\/index.php\/bayburtta-dogdugu-evi-muzeye-donusturdu\/"},"modified":"2019-12-08T09:46:26","modified_gmt":"2019-12-08T06:46:26","slug":"bayburtta-dogdugu-evi-muzeye-donusturdu","status":"publish","type":"post","link":"http:\/\/www.tvturk.com\/index.php\/bayburtta-dogdugu-evi-muzeye-donusturdu\/","title":{"rendered":"Bayburt\u2019ta do\u011fdu\u011fu evi m\u00fczeye d\u00f6n\u00fc\u015ft\u00fcrd\u00fc"},"content":{"rendered":"<p>Bayburt\u2019ta, i\u015f adam\u0131 ve CEO Kenan Yavuz, do\u011fdu\u011fu Be\u015fp\u0131nar k\u00f6y\u00fcndeki ev ve \u00e7evresini, i\u00e7erisinde k\u0131rsal ya\u015fam\u0131n izlerini bar\u0131nd\u0131ran m\u00fczeye d\u00f6n\u00fc\u015ft\u00fcrd\u00fc. K\u00fclt\u00fcr ve Turizm Bakanl\u0131\u011f\u0131nca Etnografya M\u00fczesi olarak tescil edilen yap\u0131, ziyaret\u00e7ilerini a\u011f\u0131rl\u0131yor.<\/p>\n<p>T\u00fcrkiye\u2019de bir d\u00f6nem \u00f6nemli \u015firketlerde CEO olarak g\u00f6rev yapan i\u015f adam\u0131 Kenan Yavuz, do\u011fup b\u00fcy\u00fcd\u00fc\u011f\u00fc Bayburt\u2019un merkeze ba\u011fl\u0131 Be\u015fp\u0131nar k\u00f6y\u00fcndeki evini m\u00fczeye d\u00f6n\u00fc\u015ft\u00fcrmek i\u00e7in y\u0131llar \u00f6nce \u00e7al\u0131\u015fma ba\u015flatt\u0131. Ev ve \u00e7evresindeki 7 d\u00f6n\u00fcm araziyi \u00f6zel olarak dizayn eden Yavuz, geleneksel k\u00f6y evleri, de\u011firmenler, konak, amfi tiyatro, sinema salonu, k\u00fct\u00fcphane, y\u00f6resel mutfak at\u00f6lyesi, k\u00f6y kahvesi, k\u0131rsal ya\u015fam\u0131n izlerini bar\u0131nd\u0131ran kapal\u0131 ve a\u00e7\u0131k hava m\u00fczesi olu\u015fturdu. M\u00fczeye d\u00f6n\u00fc\u015ft\u00fcr\u00fclen ev ve \u00e7evresinde Dede Korkut T\u00fcrk Kimli\u011fi K\u00fct\u00fcphanesi ile tar\u0131m aletlerinin sergilendi\u011fi alan d\u00fczenlendi. K\u00f6yde unutulmaya y\u00fcz tutan ev ya\u015fam\u0131n\u0131n canland\u0131r\u0131ld\u0131\u011f\u0131 yap\u0131, K\u00fclt\u00fcr ve Turizm Bakanl\u0131\u011f\u0131 K\u00fclt\u00fcr Varl\u0131klar\u0131 ve M\u00fczeler Genel M\u00fcd\u00fcrl\u00fc\u011f\u00fcnce \u2019Kenan Yavuz Etnografya M\u00fczesi\u2019 olarak tescillendi. M\u00fcze, Bayburt\u2019un ziyaret edilen yerleri aras\u0131na girdi.<\/p>\n<p>\u0130\u015f adam\u0131 Kenan Yavuz m\u00fczeyle ilgili \u015f\u00f6yle konu\u015ftu:<\/p>\n<p>\u201cM\u00fcze fikri benim topraklar\u0131ma vefa duygusunun eseridir. Bana g\u00f6re toplumsal olarak sosyal sorumluluk projesidir. Topraklar\u0131ma, do\u011fdu\u011fum, dedemin, ninemin mezar\u0131n\u0131n oldu\u011fu yere beni yeti\u015ftiren topraklara bir vefa olarak projelendirdim. 7 d\u00f6n\u00fcm \u00fczerinde yapm\u0131\u015f oldu\u011fumuz toplumsal anlamda Anadolu k\u00fclt\u00fcr\u00fcn\u00fcn g\u00fczelliklerinin geleneksel ya\u015fam\u0131n k\u00fclt\u00fcrel ya\u015fama canland\u0131rmaya, ya\u015fatmaya gayret ediyorum. Toplumsal bir fark\u0131ndal\u0131k yaratmaya, betonla\u015fmaya, tarihimizin izlerinin silinmesinin engel olmaya gayret ediyorum. Bu anlamda \u00e7evremizde bir fark\u0131ndal\u0131k yapabilirsem ne mutlu bana. \u00c7ocuklara y\u00f6nelik \u00f6nemli faaliyetler i\u00e7erisinde olaca\u011f\u0131z. Bir a\u00e7\u0131k hava sinemam\u0131z var, k\u00f6y evlerimiz, su de\u011firmenimiz, etnografya m\u00fczemiz ve i\u00e7inde oldu\u011fu bulundu\u011fumuz k\u00fct\u00fcphaneyi de yeni in\u015fa ettik m\u00fczemize. Buraya da Dede Korkut T\u00fcrk Kimli\u011fi K\u00fct\u00fcphanesi ad\u0131n\u0131 verdim. Tematik olarak Dede Korkut, Bayburt\u2019un ileri gelen \u015fairleri,  yazarlar\u0131. Akkoyunlu tarihi, Osmanl\u0131 tarihi ve T\u00fcrk kimli\u011fi \u00fczerine \u00e7al\u0131\u015fma yapan akademik \u00e7al\u0131\u015fmalar\u0131 ve kitaplar\u0131 bu m\u00fczede. K\u00fct\u00fcphanede toplamaya gayret edip ayn\u0131 zamanda burada \u00e7ocuklar i\u00e7in masal g\u00fcnleri d\u00fczenleyece\u011fiz, tertip edece\u011fiz. Masal anlatmak \u00e7ocuklar\u0131m\u0131zla hep beraber olmak bu ortamlarda biliyorsunuz yeni teknoloji ve dijital d\u00fcnya \u00e7ocuklar\u0131 ailelerden toplumdan kopar\u0131yor. Onlar\u0131n b\u00fcy\u00fcklerle beraber olma ortamlar\u0131n\u0131 ve masal dinlemek gelene\u011fini ya\u015fatmaya gayret ediyorum. K\u00f6y d\u00fc\u011f\u00fcnlerini az ba\u011f\u0131n\u0131, Anadolu\u2019da bize ait olan T\u00fcrk \u0130slam k\u00fclt\u00fcr\u00fcne bu topraklara ait olan her \u015feyi etnografya m\u00fczemizde toplamak istiyorum ve lokal olarak bir \u00e7al\u0131\u015fma bu. Ge\u00e7ti\u011fimiz ay K\u00fclt\u00fcr Bakanl\u0131\u011f\u0131ndan m\u00fcze tescilimizi ald\u0131k. Ayn\u0131 zamanda vak\u0131fla\u015ft\u0131raca\u011f\u0131m\u0131z bir vak\u0131f \u00e7al\u0131\u015fmam\u0131z devam ediyor. \u00d6n\u00fcm\u00fczdeki yaz Milli E\u011fitim M\u00fcd\u00fcrl\u00fc\u011f\u00fc, Valili\u011fimizle Bayburt Valimiz sa\u011f olsun C\u00fcneyt Epcim deste\u011fiyle bir \u00e7ocuk \u015fenli\u011fi tertip edece\u011fiz. \u00c7ocuklar\u0131m\u0131za geleneksel oyunlar yazma ve konu\u015fma kabiliyetleri ailelerle beraber birlikte olma k\u00fclt\u00fcr\u00fcn\u00fc geleneksel oyunlar\u0131m\u0131z\u0131 onlar\u0131n haf\u0131zalar\u0131nda dima\u011flar\u0131nda canland\u0131rmay\u0131 yeniden hayata ge\u00e7irmeye gayret edece\u011fiz. \u00c7ok keyifli bir proje \u00e7ok fazla ziyaret\u00e7imiz olmaya ba\u015flad\u0131. Ayn\u0131 zamanda Bayburt\u2019un bir k\u00fclt\u00fcr turizmine a\u00e7\u0131lmas\u0131 ve bu anlamda hem hem\u015fehri turizmine hem de d\u0131\u015f turizme a\u00e7\u0131lmas\u0131 i\u00e7in de \u00f6nemli bir durak olmay\u0131 hedefliyoruz. Bayburt T\u00fcrkiye\u2019de, Anadolu\u2019da iki tane \u00f6zel m\u00fczi\u011fi bar\u0131nd\u0131r\u0131yor. B\u00fcnyesinde Baks\u0131 M\u00fczemiz var \u00e7ok daha ileri noktalara ula\u015fm\u0131\u015f bir uluslararas\u0131 marka olan bir m\u00fczemiz. Ben de burada etnografik anlamda \u00e7al\u0131\u015fmalara ayr\u0131 bir nokta olmaya gayret ediyorum. \u0130ki tane klip yapt\u0131k biz burada. Bayburt t\u00fcrk\u00fcleri klipleri yap\u0131yoruz. Burada da gene hem Bayburt\u2019un do\u011fal ve tabii zenginliklerini g\u00fcn y\u00fcz\u00fcne \u00e7\u0131karmay\u0131 hem de geleneksel d\u00fc\u011f\u00fcnlerimizi al\u0131r\u0131z ba\u011f\u0131n\u0131 hat\u0131rlatmak istedik. \u015eimdi bizim buralarda \u00f6nemli k\u00fclt\u00fcrel miraslar\u0131m\u0131z var bir tanesi de m\u00fcziksiz oyun kad\u0131n erkek ayr\u0131 ayr\u0131 d\u00fc\u011f\u00fcnler olurdu m\u00fcziksiz s\u00f6zle t\u00fcrk\u00fc s\u00f6ylenerek oynan\u0131rlar bu gelene\u011fimiz unutulmaya 100 tuttu. Hem unutulan gelene\u011fi ya\u015fatmak i\u00e7in bunu T\u00fcrkle\u015ftirdik \u00e7ok fazla ilgi g\u00f6rd\u00fc\u011f\u00fc \u00e7ok g\u00fczel bir \u00e7al\u0131\u015fma oldu.\u201d<\/p>\n<p>M\u00fczeyi ziyarete gelen Cihan \u00c7\u0131nar adl\u0131 bir vatanda\u015f ise \u00f6zellikle m\u00fczeyi ziyaret i\u00e7in geldi\u011fini, \u00e7ok be\u011fendi\u011fini ifade ederek Kenan Yavuz\u2019a te\u015fekk\u00fcr etti.<\/p>\n","protected":false},"excerpt":{"rendered":"<p>BAYBURT&#8217;TA, \u0130\u015e ADAMI VE CEO KENAN YAVUZ, DO\u011eDU\u011eU BE\u015ePINAR K\u00d6Y\u00dcNDEK\u0130 EV VE \u00c7EVRES\u0130N\u0130, \u0130\u00c7ER\u0130S\u0130NDE KIRSAL YA\u015eAMIN \u0130ZLER\u0130N\u0130 BARINDIRAN M\u00dcZEYE D\u00d6N\u00dc\u015eT\u00dcRD\u00dc.<\/p>\n","protected":false},"author":1,"featured_media":238861,"comment_status":"closed","ping_status":"open","sticky":false,"template":"","format":"standard","meta":{"jetpack_post_was_ever_published":false,"_jetpack_newsletter_access":"","_jetpack_dont_email_post_to_subs":false,"_jetpack_newsletter_tier_id":0,"_jetpack_memberships_contains_paywalled_content":false,"_jetpack_memberships_contains_paid_content":false,"footnotes":"","jetpack_publicize_message":"","jetpack_publicize_feature_enabled":true,"jetpack_social_post_already_shared":true,"jetpack_social_options":{"image_generator_settings":{"template":"highway","default_image_id":0,"font":"","enabled":false},"version":2}},"categories":[1],"tags":[12982,18769,11456,2019,27409],"class_list":["post-238860","post","type-post","status-publish","format-standard","has-post-thumbnail","hentry","category-genel","tag-bayburtta","tag-dogdugu","tag-donusturdu","tag-evi","tag-muzeye"],"jetpack_publicize_connections":[],"jetpack_featured_media_url":"https:\/\/i0.wp.com\/www.tvturk.com\/wp-content\/uploads\/2019\/12\/bayburtta-dogdugu-evi-muzeye-donusturdu_2ab2bfa.jpg?fit=1000%2C595","jetpack_sharing_enabled":true,"jetpack_shortlink":"https:\/\/wp.me\/paKIfm-108A","_links":{"self":[{"href":"http:\/\/www.tvturk.com\/index.php\/wp-json\/wp\/v2\/posts\/238860","targetHints":{"allow":["GET"]}}],"collection":[{"href":"http:\/\/www.tvturk.com\/index.php\/wp-json\/wp\/v2\/posts"}],"about":[{"href":"http:\/\/www.tvturk.com\/index.php\/wp-json\/wp\/v2\/types\/post"}],"author":[{"embeddable":true,"href":"http:\/\/www.tvturk.com\/index.php\/wp-json\/wp\/v2\/users\/1"}],"replies":[{"embeddable":true,"href":"http:\/\/www.tvturk.com\/index.php\/wp-json\/wp\/v2\/comments?post=238860"}],"version-history":[{"count":0,"href":"http:\/\/www.tvturk.com\/index.php\/wp-json\/wp\/v2\/posts\/238860\/revisions"}],"wp:featuredmedia":[{"embeddable":true,"href":"http:\/\/www.tvturk.com\/index.php\/wp-json\/wp\/v2\/media\/238861"}],"wp:attachment":[{"href":"http:\/\/www.tvturk.com\/index.php\/wp-json\/wp\/v2\/media?parent=238860"}],"wp:term":[{"taxonomy":"category","embeddable":true,"href":"http:\/\/www.tvturk.com\/index.php\/wp-json\/wp\/v2\/categories?post=238860"},{"taxonomy":"post_tag","embeddable":true,"href":"http:\/\/www.tvturk.com\/index.php\/wp-json\/wp\/v2\/tags?post=238860"}],"curies":[{"name":"wp","href":"https:\/\/api.w.org\/{rel}","templated":true}]}}