{"id":238874,"date":"2019-12-08T10:31:57","date_gmt":"2019-12-08T07:31:57","guid":{"rendered":"http:\/\/www.tvturk.com\/index.php\/polis-uyardi-suda-bogulmalar-azaldi\/"},"modified":"2019-12-08T10:31:57","modified_gmt":"2019-12-08T07:31:57","slug":"polis-uyardi-suda-bogulmalar-azaldi","status":"publish","type":"post","link":"http:\/\/www.tvturk.com\/index.php\/polis-uyardi-suda-bogulmalar-azaldi\/","title":{"rendered":"Polis uyard\u0131, suda bo\u011fulmalar azald\u0131"},"content":{"rendered":"<p>Adana\u2019da yaz aylar\u0131nda sulama kanal\u0131, g\u00f6l ve nehirde serinlemek isterken \u00e7ok say\u0131da \u00e7ocu\u011fun \u00f6lmesi \u00fczerine harekete ge\u00e7en polisin ev ev, kanal kanal gezerek \u00e7ocuklar\u0131 toplay\u0131p havuza g\u00f6t\u00fcrmesi sonucu bo\u011fulma olaylar\u0131 y\u00fczde 18 azald\u0131.<\/p>\n<p>Adana\u2019da yaz aylar\u0131n\u0131n ba\u015flamas\u0131yla birlikte en b\u00fcy\u00fck problemlerden biri de serinlemek isteyen \u00e7ocuklar\u0131n kanal, g\u00f6l ve nehirde bo\u011fulmas\u0131yd\u0131. 2018 y\u0131l\u0131nda 22 ki\u015fi hayat\u0131n\u0131 kaybetmi\u015f, bunlar\u0131n \u00e7o\u011funu da \u00e7ocuklar olu\u015fturuyordu. Bu nedenle Adana Emniyet M\u00fcd\u00fcr\u00fc Zafer Akta\u015f Toplum Destekli Polislik \u015eube M\u00fcd\u00fcrl\u00fc\u011f\u00fcne &#8220;can timi&#8221; kurulmas\u0131 talimat\u0131 vererek bo\u011fulmalar\u0131n \u00f6n\u00fcne ge\u00e7ilmesini istedi. Polis bu talimat \u00fczerine bro\u015f\u00fcrler bast\u0131r\u0131p \u00f6nce s\u0131caklar\u0131n ba\u015flad\u0131\u011f\u0131 May\u0131s ay\u0131 ile birlikte kanal kanal gezerek serinlemek i\u00e7in suya giren \u00e7ocuklar\u0131 toplay\u0131p ekip arac\u0131yla y\u00fczme havuzuna g\u00f6t\u00fcrerek, masraflar\u0131n\u0131 da kar\u015f\u0131lad\u0131. Kurulan bir tim yaz boyunca kanal, g\u00f6l ve nehirde can n\u00f6beti tutarken, di\u011fer tim de ev ev sokak sokak gezerek anneleri uyard\u0131. Yap\u0131lan t\u00fcm bu \u00e7al\u0131\u015fmalar sonucunda 2018 y\u0131l\u0131nda 22 ki\u015fi hayat\u0131n\u0131 kaybederken 2019 y\u0131l\u0131nda 18 ki\u015fi bo\u011fuldu. Yap\u0131lan \u00e7al\u0131\u015fmalar sonucunda bo\u011fulma vakalar\u0131nda y\u00fczde 18 azalma meydana geldi. Daha \u00f6nceki y\u0131llarda da bo\u011fulma vakalar\u0131 22\u2019nin \u00fczerinde ger\u00e7ekle\u015fmi\u015fti.<\/p>\n","protected":false},"excerpt":{"rendered":"<p>ADANA&#8217;DA YAZ AYLARINDA SER\u0130NLEMEK \u0130STERKEN \u00c7OK SAYIDA \u00c7OCU\u011eUN SULAMA KANALI, G\u00d6L VE NEH\u0130RDE BO\u011eULMASI \u00dcZER\u0130NE HAREKETE GE\u00c7EN POL\u0130S\u0130N \u00c7OCUKLARI TOPLAYIP HAVUZA G\u00d6T\u00dcRMES\u0130 SONUCU BO\u011eULMA OLAYLARI Y\u00dcZDE 18 AZALDI.<\/p>\n","protected":false},"author":1,"featured_media":238875,"comment_status":"closed","ping_status":"open","sticky":false,"template":"","format":"standard","meta":{"jetpack_post_was_ever_published":false,"_jetpack_newsletter_access":"","_jetpack_dont_email_post_to_subs":false,"_jetpack_newsletter_tier_id":0,"_jetpack_memberships_contains_paywalled_content":false,"_jetpack_memberships_contains_paid_content":false,"footnotes":"","jetpack_publicize_message":"","jetpack_publicize_feature_enabled":true,"jetpack_social_post_already_shared":true,"jetpack_social_options":{"image_generator_settings":{"template":"highway","default_image_id":0,"font":"","enabled":false},"version":2}},"categories":[1],"tags":[9703,41191,996,23623,1169],"class_list":["post-238874","post","type-post","status-publish","format-standard","has-post-thumbnail","hentry","category-genel","tag-azaldi","tag-bogulmalar","tag-polis","tag-suda","tag-uyardi"],"jetpack_publicize_connections":[],"jetpack_featured_media_url":"https:\/\/i0.wp.com\/www.tvturk.com\/wp-content\/uploads\/2019\/12\/polis-uyardi-suda-bogulmalar-azaldi_9677a59.jpg?fit=1000%2C659","jetpack_sharing_enabled":true,"jetpack_shortlink":"https:\/\/wp.me\/paKIfm-108O","_links":{"self":[{"href":"http:\/\/www.tvturk.com\/index.php\/wp-json\/wp\/v2\/posts\/238874","targetHints":{"allow":["GET"]}}],"collection":[{"href":"http:\/\/www.tvturk.com\/index.php\/wp-json\/wp\/v2\/posts"}],"about":[{"href":"http:\/\/www.tvturk.com\/index.php\/wp-json\/wp\/v2\/types\/post"}],"author":[{"embeddable":true,"href":"http:\/\/www.tvturk.com\/index.php\/wp-json\/wp\/v2\/users\/1"}],"replies":[{"embeddable":true,"href":"http:\/\/www.tvturk.com\/index.php\/wp-json\/wp\/v2\/comments?post=238874"}],"version-history":[{"count":0,"href":"http:\/\/www.tvturk.com\/index.php\/wp-json\/wp\/v2\/posts\/238874\/revisions"}],"wp:featuredmedia":[{"embeddable":true,"href":"http:\/\/www.tvturk.com\/index.php\/wp-json\/wp\/v2\/media\/238875"}],"wp:attachment":[{"href":"http:\/\/www.tvturk.com\/index.php\/wp-json\/wp\/v2\/media?parent=238874"}],"wp:term":[{"taxonomy":"category","embeddable":true,"href":"http:\/\/www.tvturk.com\/index.php\/wp-json\/wp\/v2\/categories?post=238874"},{"taxonomy":"post_tag","embeddable":true,"href":"http:\/\/www.tvturk.com\/index.php\/wp-json\/wp\/v2\/tags?post=238874"}],"curies":[{"name":"wp","href":"https:\/\/api.w.org\/{rel}","templated":true}]}}