{"id":238920,"date":"2019-12-08T11:46:36","date_gmt":"2019-12-08T08:46:36","guid":{"rendered":"http:\/\/www.tvturk.com\/index.php\/ato-kuaforluk-ve-guzellik-meslek-standartlarinin-yukseltilmesi-icin-harekete-gecti\/"},"modified":"2019-12-08T11:46:36","modified_gmt":"2019-12-08T08:46:36","slug":"ato-kuaforluk-ve-guzellik-meslek-standartlarinin-yukseltilmesi-icin-harekete-gecti","status":"publish","type":"post","link":"http:\/\/www.tvturk.com\/index.php\/ato-kuaforluk-ve-guzellik-meslek-standartlarinin-yukseltilmesi-icin-harekete-gecti\/","title":{"rendered":"ATO kuaf\u00f6rl\u00fck ve g\u00fczellik meslek standartlar\u0131n\u0131n y\u00fckseltilmesi i\u00e7in harekete ge\u00e7ti"},"content":{"rendered":"<p>Kuaf\u00f6rl\u00fck ve g\u00fczellik uygulamalar\u0131 ile ilgili mesleklerin ehil ellerde hijyenik ko\u015fullarda yap\u0131lmas\u0131 amac\u0131yla \u00fcniversitelerde lisans programlar\u0131 a\u00e7\u0131lmas\u0131na y\u00f6nelik \u00e7al\u0131\u015fmalar y\u00fcr\u00fcten Ankara Ticaret Odas\u0131 (ATO), \u015fimdi de mesleki yeterlilik seviyelerini y\u00fckseltmek i\u00e7in \u00e7al\u0131\u015fmalar y\u00fcr\u00fct\u00fcyor.<\/p>\n<p>ATO Y\u00f6netim Kurulu Ba\u015fkan Yard\u0131mc\u0131s\u0131 Halil \u0130brahim Y\u0131lmaz, ATO 43 No\u2019lu Kuaf\u00f6r ve G\u00fczellik Salonlar\u0131 Meslek Komitesi Ba\u015fkan\u0131 \u00d6mer Sar\u0131o\u011flu ve \u00fcyelerle birlikte Mesleki Yeterlilik Kurumu (MYK) Ba\u015fkan\u0131 Adem Ceylan\u2019\u0131 ziyaret ederek, kuaf\u00f6rl\u00fck ve g\u00fczellik uzmanl\u0131\u011f\u0131 mesleklerinin standartlar\u0131n\u0131n y\u00fckseltilmesi konusunda g\u00f6r\u00fc\u015f ve \u00f6nerilerini aktard\u0131. ATO\u2019nun Kuaf\u00f6rl\u00fck ve G\u00fczellik Salonlar\u0131 Meslek Komitesi ile birlikte kuaf\u00f6rl\u00fck ve g\u00fczellik uzmanl\u0131\u011f\u0131 mesle\u011finin insan sa\u011fl\u0131\u011f\u0131n\u0131 ilgilendirmesi nedeniyle gerekli her t\u00fcrl\u00fc bilgiyle donanm\u0131\u015f ehil ellerde ve hijyenik ko\u015fullarda yap\u0131lmas\u0131 i\u00e7in bir dizi \u00e7al\u0131\u015fma y\u00fcr\u00fctt\u00fc\u011f\u00fcn\u00fc anlatan Y\u0131lmaz, \u201cTamam\u0131m\u0131z\u0131n muhatap oldu\u011fu bir meslekte 5,5 milyon Ankaral\u0131n\u0131n ve 80 milyonun sa\u011fl\u0131\u011f\u0131 ile ilgili do\u011fru kararlar almal\u0131y\u0131z. Bu<\/p>\n<p>alana y\u00f6nelmek isteyen gen\u00e7lerimizin e\u011fitimlerini tamamlayabilecekleri 4 y\u0131ll\u0131k lisans b\u00f6l\u00fcmleri a\u00e7mam\u0131z gerekiyor. Ama\u00e7 yaln\u0131zca diploma vermek de\u011fil, diplomay\u0131 mesleki yeterlilikle peki\u015ftirerek sekt\u00f6re alan\u0131nda uzman isimler kazand\u0131rmak\u201d dedi.<\/p>\n<p>MYK Ba\u015fkan\u0131 Adem Ceylan da, meslek liseleri, \u00f6n lisans ve lisans e\u011fitimlerinde sekt\u00f6rlerin istedi\u011fi bilgi ve becerileri aktarma konusunda zaman zaman istenilen seviyenin yakalanamad\u0131\u011f\u0131n\u0131 belirterek, s\u00f6z konusu mesleklere ilgili d\u00fczeylerde mesleki<\/p>\n<p>yeterlilik seviyesi standartlar\u0131 getirilerek bilgi ve becerilerin tespitinin m\u00fcmk\u00fcn oldu\u011funu kaydetti.<\/p>\n<p>Ziyarette kuaf\u00f6rl\u00fck ve g\u00fczellik uzmanl\u0131\u011f\u0131 mesleklerinin halen 4 olan mesleki yeterlilik seviyesinin y\u00fckseltilmesi konusunda ortak \u00e7al\u0131\u015fma karar\u0131 al\u0131nd\u0131. G\u00f6r\u00fc\u015fmeye ATO 43 No\u2019lu Kuaf\u00f6r ve G\u00fczellik Salonlar\u0131 Meslek Komitesi Ba\u015fkan\u0131 \u00d6mer Sar\u0131o\u011flu, ATO Meclis \u00dcyesi Edip Balc\u0131, Ankara G\u00fczellik Uzmanlar\u0131 Derne\u011fi Ba\u015fkan\u0131 Elif \u015eebnem T\u00fcre ve Ankara Hac\u0131 Bayram Veli \u00dcniversitesi Sa\u00e7 ve G\u00fczellik Hizmetleri B\u00f6l\u00fcm Ba\u015fkan\u0131 Mehmet De\u011fer kat\u0131ld\u0131.<\/p>\n","protected":false},"excerpt":{"rendered":"<p>\u0130NSAN SA\u011eLIYLA YAKINDAN \u0130LG\u0130L\u0130 KUAF\u00d6RL\u00dcK VE G\u00dcZELL\u0130K UYGULAMALARI MESLEKLER\u0130N\u0130N EH\u0130L ELLERDE VE H\u0130JYEN\u0130K KO\u015eULLARDA YAPILMASI AMACIYLA \u00dcN\u0130VERS\u0130TELERDE L\u0130SANS PROGRAMLARI A\u00c7ILMASINA Y\u00d6NEL\u0130K \u00c7ALI\u015eMALAR Y\u00dcR\u00dcTEN ANKARA T\u0130CARET ODASI (ATO) \u015e\u0130MD\u0130 DE MESLEK\u0130 YETERL\u0130L\u0130K SEV\u0130YELER\u0130N\u0130 Y\u00dcKSELTMEK \u0130\u00c7\u0130N \u00c7ALI\u015eMALAR Y\u00dcR\u00dcT\u00dcYOR.<\/p>\n","protected":false},"author":1,"featured_media":238921,"comment_status":"closed","ping_status":"open","sticky":false,"template":"","format":"standard","meta":{"jetpack_post_was_ever_published":false,"_jetpack_newsletter_access":"","_jetpack_dont_email_post_to_subs":false,"_jetpack_newsletter_tier_id":0,"_jetpack_memberships_contains_paywalled_content":false,"_jetpack_memberships_contains_paid_content":false,"footnotes":"","jetpack_publicize_message":"","jetpack_publicize_feature_enabled":true,"jetpack_social_post_already_shared":true,"jetpack_social_options":{"image_generator_settings":{"template":"highway","default_image_id":0,"font":"","enabled":false},"version":2}},"categories":[19],"tags":[1940,1512,4428,4482,44,26328,4030,59831,59832],"class_list":["post-238920","post","type-post","status-publish","format-standard","has-post-thumbnail","hentry","category-ekonomi","tag-ato","tag-gecti","tag-guzellik","tag-harekete","tag-icin","tag-kuaforluk","tag-meslek","tag-standartlarinin","tag-yukseltilmesi"],"jetpack_publicize_connections":[],"jetpack_featured_media_url":"https:\/\/i0.wp.com\/www.tvturk.com\/wp-content\/uploads\/2019\/12\/ato-kuaforluk-ve-guzellik-meslek-standartlarinin-yukseltilmesi-icin-harekete-gecti_e9a587b.jpg?fit=1000%2C666","jetpack_sharing_enabled":true,"jetpack_shortlink":"https:\/\/wp.me\/paKIfm-109y","_links":{"self":[{"href":"http:\/\/www.tvturk.com\/index.php\/wp-json\/wp\/v2\/posts\/238920","targetHints":{"allow":["GET"]}}],"collection":[{"href":"http:\/\/www.tvturk.com\/index.php\/wp-json\/wp\/v2\/posts"}],"about":[{"href":"http:\/\/www.tvturk.com\/index.php\/wp-json\/wp\/v2\/types\/post"}],"author":[{"embeddable":true,"href":"http:\/\/www.tvturk.com\/index.php\/wp-json\/wp\/v2\/users\/1"}],"replies":[{"embeddable":true,"href":"http:\/\/www.tvturk.com\/index.php\/wp-json\/wp\/v2\/comments?post=238920"}],"version-history":[{"count":0,"href":"http:\/\/www.tvturk.com\/index.php\/wp-json\/wp\/v2\/posts\/238920\/revisions"}],"wp:featuredmedia":[{"embeddable":true,"href":"http:\/\/www.tvturk.com\/index.php\/wp-json\/wp\/v2\/media\/238921"}],"wp:attachment":[{"href":"http:\/\/www.tvturk.com\/index.php\/wp-json\/wp\/v2\/media?parent=238920"}],"wp:term":[{"taxonomy":"category","embeddable":true,"href":"http:\/\/www.tvturk.com\/index.php\/wp-json\/wp\/v2\/categories?post=238920"},{"taxonomy":"post_tag","embeddable":true,"href":"http:\/\/www.tvturk.com\/index.php\/wp-json\/wp\/v2\/tags?post=238920"}],"curies":[{"name":"wp","href":"https:\/\/api.w.org\/{rel}","templated":true}]}}