{"id":238950,"date":"2019-12-08T13:47:24","date_gmt":"2019-12-08T10:47:24","guid":{"rendered":"http:\/\/www.tvturk.com\/index.php\/galatasaray-paris-saint-germain-maci-hazirliklarina-basladi\/"},"modified":"2019-12-08T13:47:24","modified_gmt":"2019-12-08T10:47:24","slug":"galatasaray-paris-saint-germain-maci-hazirliklarina-basladi","status":"publish","type":"post","link":"http:\/\/www.tvturk.com\/index.php\/galatasaray-paris-saint-germain-maci-hazirliklarina-basladi\/","title":{"rendered":"Galatasaray, Paris Saint-Germain ma\u00e7\u0131 haz\u0131rl\u0131klar\u0131na ba\u015flad\u0131"},"content":{"rendered":"<p>Galatasaray, UEFA \u015eampiyonlar Ligi A Grubu 6. ma\u00e7\u0131nda deplasmanda Frans\u0131z ekibi Paris Saint-Germain ile oynayaca\u011f\u0131 m\u00fcsabakan\u0131n haz\u0131rl\u0131klar\u0131na yapt\u0131\u011f\u0131 antrenmanla ba\u015flad\u0131.<\/p>\n<p>Florya Metin Oktay Tesisleri\u2019nde Teknik Direkt\u00f6r Fatih Terim y\u00f6netimindeki antrenmanda d\u00fcn ak\u015famki Alanyaspor kar\u015f\u0131la\u015fmas\u0131nda forma giyen futbolcular g\u00fcn\u00fc yenilenme \u00e7al\u0131\u015fmas\u0131yla tamamlad\u0131. Di\u011fer futbolcular ise \u0131s\u0131nma hareketleriyle antrenmana ba\u015flad\u0131. \u0130dman\u0131n ana b\u00f6l\u00fcm\u00fcnde 19 Ya\u015f Alt\u0131 Tak\u0131m\u0131 ile 11\u2019e 11 taktik \u00e7al\u0131\u015fma ger\u00e7ekle\u015ftirildi. Antrenman, yenilenme ko\u015fusu ve so\u011fuma hareketlerinin ard\u0131ndan sona erdi.<\/p>\n<p>Adem\u2019in durumu yar\u0131n belli olacak<\/p>\n<p>Alanyaspor ile oynanan m\u00fcsabakada sa\u011f alt arka adalesinde a\u011fr\u0131 hissederek kar\u015f\u0131la\u015fmaya devam edemeyen ve ilk tedavisine ba\u015flanan Adem B\u00fcy\u00fck\u2019\u00fcn sa\u011fl\u0131k durumu yar\u0131n ger\u00e7ekle\u015ftirilecek MR tetkiklerinin ard\u0131ndan yap\u0131lacak.<\/p>\n<p>Ryan Babel tedavisinin ard\u0131ndan g\u00fcn\u00fc d\u00fcz ko\u015fuyla tamamlan\u0131rken, Sofiane Feghouli ise tedavisinin ard\u0131ndan a\u011f\u0131rl\u0131ks\u0131z ortamda ko\u015fu \u00e7al\u0131\u015fmalar\u0131na ba\u015flad\u0131.<\/p>\n<p>Galatasaray, Paris Saint-Germain kar\u015f\u0131la\u015fmas\u0131n\u0131n haz\u0131rl\u0131klar\u0131na yar\u0131n saat 11.00\u2019de Florya Metin Oktay Tesisleri\u2019nde yapaca\u011f\u0131 antrenmanla devam edecek.<\/p>\n","protected":false},"excerpt":{"rendered":"<p>GALATASARAY, UEFA \u015eAMP\u0130YONLAR L\u0130G\u0130 A GRUBU 6. MA\u00c7INDA DEPLASMANDA FRANSIZ EK\u0130B\u0130 PAR\u0130S SA\u0130NT-GERMA\u0130N \u0130LE OYNAYACA\u011eI M\u00dcSABAKANIN HAZIRLIKLARINA YAPTI\u011eI ANTRENMANLA BA\u015eLADI.<\/p>\n","protected":false},"author":1,"featured_media":238951,"comment_status":"closed","ping_status":"open","sticky":false,"template":"","format":"standard","meta":{"jetpack_post_was_ever_published":false,"_jetpack_newsletter_access":"","_jetpack_dont_email_post_to_subs":false,"_jetpack_newsletter_tier_id":0,"_jetpack_memberships_contains_paywalled_content":false,"_jetpack_memberships_contains_paid_content":false,"footnotes":"","jetpack_publicize_message":"","jetpack_publicize_feature_enabled":true,"jetpack_social_post_already_shared":true,"jetpack_social_options":{"image_generator_settings":{"template":"highway","default_image_id":0,"font":"","enabled":false},"version":2}},"categories":[657],"tags":[55,1976,778,777,1315,17496],"class_list":["post-238950","post","type-post","status-publish","format-standard","has-post-thumbnail","hentry","category-spor","tag-basladi","tag-galatasaray","tag-hazirliklarina","tag-maci","tag-paris","tag-saint-germain"],"jetpack_publicize_connections":[],"jetpack_featured_media_url":"https:\/\/i0.wp.com\/www.tvturk.com\/wp-content\/uploads\/2019\/12\/galatasaray-paris-saint-germain-maci-hazirliklarina-basladi_14e7ea6.jpg?fit=1000%2C832","jetpack_sharing_enabled":true,"jetpack_shortlink":"https:\/\/wp.me\/paKIfm-10a2","_links":{"self":[{"href":"http:\/\/www.tvturk.com\/index.php\/wp-json\/wp\/v2\/posts\/238950","targetHints":{"allow":["GET"]}}],"collection":[{"href":"http:\/\/www.tvturk.com\/index.php\/wp-json\/wp\/v2\/posts"}],"about":[{"href":"http:\/\/www.tvturk.com\/index.php\/wp-json\/wp\/v2\/types\/post"}],"author":[{"embeddable":true,"href":"http:\/\/www.tvturk.com\/index.php\/wp-json\/wp\/v2\/users\/1"}],"replies":[{"embeddable":true,"href":"http:\/\/www.tvturk.com\/index.php\/wp-json\/wp\/v2\/comments?post=238950"}],"version-history":[{"count":0,"href":"http:\/\/www.tvturk.com\/index.php\/wp-json\/wp\/v2\/posts\/238950\/revisions"}],"wp:featuredmedia":[{"embeddable":true,"href":"http:\/\/www.tvturk.com\/index.php\/wp-json\/wp\/v2\/media\/238951"}],"wp:attachment":[{"href":"http:\/\/www.tvturk.com\/index.php\/wp-json\/wp\/v2\/media?parent=238950"}],"wp:term":[{"taxonomy":"category","embeddable":true,"href":"http:\/\/www.tvturk.com\/index.php\/wp-json\/wp\/v2\/categories?post=238950"},{"taxonomy":"post_tag","embeddable":true,"href":"http:\/\/www.tvturk.com\/index.php\/wp-json\/wp\/v2\/tags?post=238950"}],"curies":[{"name":"wp","href":"https:\/\/api.w.org\/{rel}","templated":true}]}}