{"id":23897,"date":"2019-02-12T10:35:53","date_gmt":"2019-02-12T07:35:53","guid":{"rendered":"http:\/\/www.tvturk.com\/index.php\/tikadan-cezayir-ve-yemenli-diplomatlara-egitim\/"},"modified":"2019-02-12T10:35:56","modified_gmt":"2019-02-12T07:35:56","slug":"tikadan-cezayir-ve-yemenli-diplomatlara-egitim","status":"publish","type":"post","link":"http:\/\/www.tvturk.com\/index.php\/tikadan-cezayir-ve-yemenli-diplomatlara-egitim\/","title":{"rendered":"T\u0130KA\u2019dan Cezayir ve Yemenli diplomatlara e\u011fitim"},"content":{"rendered":"<p>T\u00fcrk i\u015fbirli\u011fi ve Koordinasyon Ajans\u0131 Ba\u015fkanl\u0131\u011f\u0131 (T\u0130KA), D\u0131\u015fi\u015fleri Bakanl\u0131\u011f\u0131 Diplomasi Akademisi Ba\u015fkanl\u0131\u011f\u0131 i\u015fbirli\u011finde Cezayir ve Yemenli diplomatlara Ankara\u2019da e\u011fitim verildi.<\/p>\n<p>T\u00fcrk i\u015fbirli\u011fi ve Koordinasyon Ajans\u0131 Ba\u015fkanl\u0131\u011f\u0131 (T\u0130KA), D\u0131\u015fi\u015fleri Bakanl\u0131\u011f\u0131 Diplomasi Akademisi Ba\u015fkanl\u0131\u011f\u0131 i\u015fbirli\u011finde Cezayir ve Yemenli diplomatlara Ankara\u2019da e\u011fitim verildi. T\u0130KA deste\u011fiyle uygulanan Diplomasi E\u011fitimi Program\u0131 (DEP) kapsam\u0131nda, Diplomasi Akademisi taraf\u0131ndan yap\u0131lan e\u011fitimler 2019 y\u0131l\u0131nda da devam ediyor. 10 ki\u015filik Cezayir diplomat heyeti ile 10 ki\u015filik Yemen diplomat heyetine, T\u00fcrk d\u0131\u015f politikas\u0131n\u0131n genel ilkeleri, \u00e7er\u00e7evesi ve ilgili \u00fclke ile ikili ili\u015fkiler konusunda bilgi verildikten sonra ekonomi diplomasisi, kamu diplomasisi, ikili-\u00e7ok tarafl\u0131 m\u00fczakereler, protokol, temsil, diplomatik misyon y\u00f6netimi, uluslararas\u0131 ili\u015fkiler ve uluslararas\u0131 g\u00fcvenlik gibi konularda e\u011fitimler verildi. Ankara\u2019da T\u0130KA Ba\u015fkanl\u0131\u011f\u0131n\u0131 da ziyaret eden diplomatlara \u00f6zellikle T\u0130KA\u2019n\u0131n \u00fclkelerinde ger\u00e7ekle\u015ftirdikleri proje ve faaliyetler hakk\u0131nda bilgi verildi.<\/p>\n<p>Diplomasi E\u011fitim Program\u0131 e\u011fitim mod\u00fclleri dahilinde kamu diplomasisi, protokol, uluslararas\u0131 ili\u015fkiler, ekonomi diplomasisi gibi konularda seminerler verilerek muhatap \u00fclkelere diplomasi alan\u0131nda insan kaynaklar\u0131n\u0131 geli\u015ftirme y\u00f6n\u00fcnde katk\u0131 sa\u011flan\u0131yor. Programa kat\u0131lan diplomatlara T\u00fcrk d\u0131\u015f politikas\u0131n\u0131n yan\u0131 s\u0131ra ter\u00f6r ve enerji gibi \u00f6zel ba\u015fl\u0131klara ili\u015fkin bilgilendirmeler de yap\u0131larak, T\u00fcrkiye\u2019nin tezlerini daha yak\u0131ndan analiz edebilme imkan\u0131 sunularak ikili i\u015fbirli\u011finin geli\u015ftirilmesi y\u00f6n\u00fcnde katk\u0131 sa\u011flayan temaslar kuruluyor. Ankara\u2019da ger\u00e7ekle\u015ftirilen e\u011fitimler sonunda \u0130stanbul\u2019da \u00e7e\u015fitli tarihi ve k\u00fclt\u00fcrel mekanlar\u0131 da ziyaret eden konuk diplomatlara ayn\u0131 zamanda T\u00fcrkiye ve T\u00fcrk k\u00fclt\u00fcr\u00fc hakk\u0131nda bilgi edinme f\u0131rsat\u0131 sunuluyor.<div class=\"tiled-gallery type-rectangular tiled-gallery-unresized\" data-original-width=\"500\" data-carousel-extra='null' itemscope itemtype=\"http:\/\/schema.org\/ImageGallery\" > <div class=\"gallery-row\" style=\"width: 500px; height: 228px;\" data-original-width=\"500\" data-original-height=\"228\" > <div class=\"gallery-group images-1\" style=\"width: 341px; height: 228px;\" data-original-width=\"341\" data-original-height=\"228\" > <div class=\"tiled-gallery-item tiled-gallery-item-large\" itemprop=\"associatedMedia\" itemscope itemtype=\"http:\/\/schema.org\/ImageObject\"> <a href=\"http:\/\/www.tvturk.com\/index.php\/tikadan-cezayir-ve-yemenli-diplomatlara-egitim\/tikadan-cezayir-ve-yemenli-diplomatlara-egitim-3\/\" border=\"0\" itemprop=\"url\"> <meta itemprop=\"width\" content=\"337\"> <meta itemprop=\"height\" content=\"224\"> <img decoding=\"async\" class=\"\" data-attachment-id=\"23899\" data-orig-file=\"http:\/\/www.tvturk.com\/wp-content\/uploads\/2019\/02\/tikadan-cezayir-ve-yemenli-diplomatlara-egitim_1f73e9d.jpg\" data-orig-size=\"1000,666\" data-comments-opened=\"\" data-image-meta=\"{&quot;aperture&quot;:&quot;0&quot;,&quot;credit&quot;:&quot;IHA&quot;,&quot;camera&quot;:&quot;&quot;,&quot;caption&quot;:&quot;T\\u00dcRK \\u0130\\u015eB\\u0130RL\\u0130\\u011e\\u0130 VE KOORD\\u0130NASYON AJANSI BA\\u015eKANLI\\u011eI (T\\u0130KA), DI\\u015e\\u0130\\u015eLER\\u0130 BAKANLI\\u011eI D\\u0130PLOMAS\\u0130 AKADEM\\u0130S\\u0130 BA\\u015eKANLI\\u011eI \\u0130\\u015eB\\u0130RL\\u0130\\u011e\\u0130NDE CEZAY\\u0130R VE YEMENL\\u0130 D\\u0130PLOMATLARA ANKARA\\u2019DA E\\u011e\\u0130T\\u0130M VER\\u0130LD\\u0130. (\\u0130HA\\\/ANKARA-\\u0130HA)&quot;,&quot;created_timestamp&quot;:&quot;0&quot;,&quot;copyright&quot;:&quot;\\u0130HLAS HABER AJANSI, www.iha.com.tr&quot;,&quot;focal_length&quot;:&quot;0&quot;,&quot;iso&quot;:&quot;0&quot;,&quot;shutter_speed&quot;:&quot;0&quot;,&quot;title&quot;:&quot;T\\u0130KA\\u0027DAN CEZAY\\u0130R VE YEMENL\\u0130 D\\u0130PLOMATLARA E\\u011e\\u0130T\\u0130M&quot;,&quot;orientation&quot;:&quot;0&quot;}\" data-image-title=\"T\u0130KA\u2019dan Cezayir ve Yemenli diplomatlara e\u011fitim\" data-image-description=\"&lt;p&gt;T\u0130KA\u2019dan Cezayir ve Yemenli diplomatlara e\u011fitim&lt;\/p&gt; \" data-medium-file=\"https:\/\/i0.wp.com\/www.tvturk.com\/wp-content\/uploads\/2019\/02\/tikadan-cezayir-ve-yemenli-diplomatlara-egitim_1f73e9d.jpg?fit=300%2C200\" data-large-file=\"https:\/\/i0.wp.com\/www.tvturk.com\/wp-content\/uploads\/2019\/02\/tikadan-cezayir-ve-yemenli-diplomatlara-egitim_1f73e9d.jpg?fit=1000%2C666\" src=\"https:\/\/i0.wp.com\/www.tvturk.com\/wp-content\/uploads\/2019\/02\/tikadan-cezayir-ve-yemenli-diplomatlara-egitim_1f73e9d.jpg?w=337&#038;h=224\" srcset=\"https:\/\/i0.wp.com\/www.tvturk.com\/wp-content\/uploads\/2019\/02\/tikadan-cezayir-ve-yemenli-diplomatlara-egitim_1f73e9d.jpg?w=1000 1000w, https:\/\/i0.wp.com\/www.tvturk.com\/wp-content\/uploads\/2019\/02\/tikadan-cezayir-ve-yemenli-diplomatlara-egitim_1f73e9d.jpg?resize=150%2C100 150w, https:\/\/i0.wp.com\/www.tvturk.com\/wp-content\/uploads\/2019\/02\/tikadan-cezayir-ve-yemenli-diplomatlara-egitim_1f73e9d.jpg?resize=300%2C200 300w, https:\/\/i0.wp.com\/www.tvturk.com\/wp-content\/uploads\/2019\/02\/tikadan-cezayir-ve-yemenli-diplomatlara-egitim_1f73e9d.jpg?resize=768%2C511 768w, https:\/\/i0.wp.com\/www.tvturk.com\/wp-content\/uploads\/2019\/02\/tikadan-cezayir-ve-yemenli-diplomatlara-egitim_1f73e9d.jpg?resize=170%2C113 170w, https:\/\/i0.wp.com\/www.tvturk.com\/wp-content\/uploads\/2019\/02\/tikadan-cezayir-ve-yemenli-diplomatlara-egitim_1f73e9d.jpg?resize=120%2C80 120w\" width=\"337\" height=\"224\" loading=\"lazy\" data-original-width=\"337\" data-original-height=\"224\" itemprop=\"http:\/\/schema.org\/image\" title=\"T\u0130KA\u2019dan Cezayir ve Yemenli diplomatlara e\u011fitim\" alt=\"T\u0130KA\u2019dan Cezayir ve Yemenli diplomatlara e\u011fitim\" style=\"width: 337px; height: 224px;\" \/> <\/a> <\/div> <\/div> <!-- close group --> <div class=\"gallery-group images-2\" style=\"width: 159px; height: 228px;\" data-original-width=\"159\" data-original-height=\"228\" > <div class=\"tiled-gallery-item tiled-gallery-item-small\" itemprop=\"associatedMedia\" itemscope itemtype=\"http:\/\/schema.org\/ImageObject\"> <a href=\"http:\/\/www.tvturk.com\/index.php\/tikadan-cezayir-ve-yemenli-diplomatlara-egitim\/tikadan-cezayir-ve-yemenli-diplomatlara-egitim-4\/\" border=\"0\" itemprop=\"url\"> <meta itemprop=\"width\" content=\"155\"> <meta itemprop=\"height\" content=\"103\"> <img decoding=\"async\" class=\"\" data-attachment-id=\"23900\" data-orig-file=\"http:\/\/www.tvturk.com\/wp-content\/uploads\/2019\/02\/tikadan-cezayir-ve-yemenli-diplomatlara-egitim_e1afcf9.jpg\" data-orig-size=\"1000,666\" data-comments-opened=\"\" data-image-meta=\"{&quot;aperture&quot;:&quot;0&quot;,&quot;credit&quot;:&quot;IHA&quot;,&quot;camera&quot;:&quot;&quot;,&quot;caption&quot;:&quot;T\\u00dcRK \\u0130\\u015eB\\u0130RL\\u0130\\u011e\\u0130 VE KOORD\\u0130NASYON AJANSI BA\\u015eKANLI\\u011eI (T\\u0130KA), DI\\u015e\\u0130\\u015eLER\\u0130 BAKANLI\\u011eI D\\u0130PLOMAS\\u0130 AKADEM\\u0130S\\u0130 BA\\u015eKANLI\\u011eI \\u0130\\u015eB\\u0130RL\\u0130\\u011e\\u0130NDE CEZAY\\u0130R VE YEMENL\\u0130 D\\u0130PLOMATLARA ANKARA\\u2019DA E\\u011e\\u0130T\\u0130M VER\\u0130LD\\u0130. (\\u0130HA\\\/ANKARA-\\u0130HA)&quot;,&quot;created_timestamp&quot;:&quot;0&quot;,&quot;copyright&quot;:&quot;\\u0130HLAS HABER AJANSI, www.iha.com.tr&quot;,&quot;focal_length&quot;:&quot;0&quot;,&quot;iso&quot;:&quot;0&quot;,&quot;shutter_speed&quot;:&quot;0&quot;,&quot;title&quot;:&quot;T\\u0130KA\\u0027DAN CEZAY\\u0130R VE YEMENL\\u0130 D\\u0130PLOMATLARA E\\u011e\\u0130T\\u0130M&quot;,&quot;orientation&quot;:&quot;0&quot;}\" data-image-title=\"T\u0130KA\u2019dan Cezayir ve Yemenli diplomatlara e\u011fitim\" data-image-description=\"&lt;p&gt;T\u0130KA\u2019dan Cezayir ve Yemenli diplomatlara e\u011fitim&lt;\/p&gt; \" data-medium-file=\"https:\/\/i0.wp.com\/www.tvturk.com\/wp-content\/uploads\/2019\/02\/tikadan-cezayir-ve-yemenli-diplomatlara-egitim_e1afcf9.jpg?fit=300%2C200\" data-large-file=\"https:\/\/i0.wp.com\/www.tvturk.com\/wp-content\/uploads\/2019\/02\/tikadan-cezayir-ve-yemenli-diplomatlara-egitim_e1afcf9.jpg?fit=1000%2C666\" src=\"https:\/\/i0.wp.com\/www.tvturk.com\/wp-content\/uploads\/2019\/02\/tikadan-cezayir-ve-yemenli-diplomatlara-egitim_e1afcf9.jpg?w=155&#038;h=103\" srcset=\"https:\/\/i0.wp.com\/www.tvturk.com\/wp-content\/uploads\/2019\/02\/tikadan-cezayir-ve-yemenli-diplomatlara-egitim_e1afcf9.jpg?w=1000 1000w, https:\/\/i0.wp.com\/www.tvturk.com\/wp-content\/uploads\/2019\/02\/tikadan-cezayir-ve-yemenli-diplomatlara-egitim_e1afcf9.jpg?resize=150%2C100 150w, https:\/\/i0.wp.com\/www.tvturk.com\/wp-content\/uploads\/2019\/02\/tikadan-cezayir-ve-yemenli-diplomatlara-egitim_e1afcf9.jpg?resize=300%2C200 300w, https:\/\/i0.wp.com\/www.tvturk.com\/wp-content\/uploads\/2019\/02\/tikadan-cezayir-ve-yemenli-diplomatlara-egitim_e1afcf9.jpg?resize=768%2C511 768w, https:\/\/i0.wp.com\/www.tvturk.com\/wp-content\/uploads\/2019\/02\/tikadan-cezayir-ve-yemenli-diplomatlara-egitim_e1afcf9.jpg?resize=170%2C113 170w, https:\/\/i0.wp.com\/www.tvturk.com\/wp-content\/uploads\/2019\/02\/tikadan-cezayir-ve-yemenli-diplomatlara-egitim_e1afcf9.jpg?resize=120%2C80 120w\" width=\"155\" height=\"103\" loading=\"lazy\" data-original-width=\"155\" data-original-height=\"103\" itemprop=\"http:\/\/schema.org\/image\" title=\"T\u0130KA\u2019dan Cezayir ve Yemenli diplomatlara e\u011fitim\" alt=\"T\u0130KA\u2019dan Cezayir ve Yemenli diplomatlara e\u011fitim\" style=\"width: 155px; height: 103px;\" \/> <\/a> <\/div> <div class=\"tiled-gallery-item tiled-gallery-item-small\" itemprop=\"associatedMedia\" itemscope itemtype=\"http:\/\/schema.org\/ImageObject\"> <a href=\"http:\/\/www.tvturk.com\/index.php\/tikadan-cezayir-ve-yemenli-diplomatlara-egitim\/tikadan-cezayir-ve-yemenli-diplomatlara-egitim-5\/\" border=\"0\" itemprop=\"url\"> <meta itemprop=\"width\" content=\"155\"> <meta itemprop=\"height\" content=\"117\"> <img decoding=\"async\" class=\"\" data-attachment-id=\"23901\" data-orig-file=\"http:\/\/www.tvturk.com\/wp-content\/uploads\/2019\/02\/tikadan-cezayir-ve-yemenli-diplomatlara-egitim_9e5f8b3.jpg\" data-orig-size=\"1000,750\" data-comments-opened=\"\" data-image-meta=\"{&quot;aperture&quot;:&quot;0&quot;,&quot;credit&quot;:&quot;IHA&quot;,&quot;camera&quot;:&quot;&quot;,&quot;caption&quot;:&quot;T\\u00dcRK \\u0130\\u015eB\\u0130RL\\u0130\\u011e\\u0130 VE KOORD\\u0130NASYON AJANSI BA\\u015eKANLI\\u011eI (T\\u0130KA), DI\\u015e\\u0130\\u015eLER\\u0130 BAKANLI\\u011eI D\\u0130PLOMAS\\u0130 AKADEM\\u0130S\\u0130 BA\\u015eKANLI\\u011eI \\u0130\\u015eB\\u0130RL\\u0130\\u011e\\u0130NDE CEZAY\\u0130R VE YEMENL\\u0130 D\\u0130PLOMATLARA ANKARA\\u2019DA E\\u011e\\u0130T\\u0130M VER\\u0130LD\\u0130. (\\u0130HA\\\/ANKARA-\\u0130HA)&quot;,&quot;created_timestamp&quot;:&quot;0&quot;,&quot;copyright&quot;:&quot;\\u0130HLAS HABER AJANSI, www.iha.com.tr&quot;,&quot;focal_length&quot;:&quot;0&quot;,&quot;iso&quot;:&quot;0&quot;,&quot;shutter_speed&quot;:&quot;0&quot;,&quot;title&quot;:&quot;T\\u0130KA\\u0027DAN CEZAY\\u0130R VE YEMENL\\u0130 D\\u0130PLOMATLARA E\\u011e\\u0130T\\u0130M&quot;,&quot;orientation&quot;:&quot;0&quot;}\" data-image-title=\"T\u0130KA\u2019dan Cezayir ve Yemenli diplomatlara e\u011fitim\" data-image-description=\"&lt;p&gt;T\u0130KA\u2019dan Cezayir ve Yemenli diplomatlara e\u011fitim&lt;\/p&gt; \" data-medium-file=\"https:\/\/i0.wp.com\/www.tvturk.com\/wp-content\/uploads\/2019\/02\/tikadan-cezayir-ve-yemenli-diplomatlara-egitim_9e5f8b3.jpg?fit=300%2C225\" data-large-file=\"https:\/\/i0.wp.com\/www.tvturk.com\/wp-content\/uploads\/2019\/02\/tikadan-cezayir-ve-yemenli-diplomatlara-egitim_9e5f8b3.jpg?fit=1000%2C750\" src=\"https:\/\/i0.wp.com\/www.tvturk.com\/wp-content\/uploads\/2019\/02\/tikadan-cezayir-ve-yemenli-diplomatlara-egitim_9e5f8b3.jpg?w=155&#038;h=117\" srcset=\"https:\/\/i0.wp.com\/www.tvturk.com\/wp-content\/uploads\/2019\/02\/tikadan-cezayir-ve-yemenli-diplomatlara-egitim_9e5f8b3.jpg?w=1000 1000w, https:\/\/i0.wp.com\/www.tvturk.com\/wp-content\/uploads\/2019\/02\/tikadan-cezayir-ve-yemenli-diplomatlara-egitim_9e5f8b3.jpg?resize=150%2C113 150w, https:\/\/i0.wp.com\/www.tvturk.com\/wp-content\/uploads\/2019\/02\/tikadan-cezayir-ve-yemenli-diplomatlara-egitim_9e5f8b3.jpg?resize=300%2C225 300w, https:\/\/i0.wp.com\/www.tvturk.com\/wp-content\/uploads\/2019\/02\/tikadan-cezayir-ve-yemenli-diplomatlara-egitim_9e5f8b3.jpg?resize=768%2C576 768w\" width=\"155\" height=\"117\" loading=\"lazy\" data-original-width=\"155\" data-original-height=\"117\" itemprop=\"http:\/\/schema.org\/image\" title=\"T\u0130KA\u2019dan Cezayir ve Yemenli diplomatlara e\u011fitim\" alt=\"T\u0130KA\u2019dan Cezayir ve Yemenli diplomatlara e\u011fitim\" style=\"width: 155px; height: 117px;\" \/> <\/a> <\/div> <\/div> <!-- close group --> <\/div> <!-- close row --> <\/div><\/p>\n","protected":false},"excerpt":{"rendered":"<p>T\u00dcRK \u0130\u015eB\u0130RL\u0130\u011e\u0130 VE KOORD\u0130NASYON AJANSI BA\u015eKANLI\u011eI (T\u0130KA), DI\u015e\u0130\u015eLER\u0130 BAKANLI\u011eI D\u0130PLOMAS\u0130 AKADEM\u0130S\u0130 BA\u015eKANLI\u011eI \u0130\u015eB\u0130RL\u0130\u011e\u0130NDE CEZAY\u0130R VE YEMENL\u0130 D\u0130PLOMATLARA ANKARA\u2019DA E\u011e\u0130T\u0130M VER\u0130LD\u0130.<\/p>\n","protected":false},"author":1,"featured_media":23898,"comment_status":"closed","ping_status":"open","sticky":false,"template":"","format":"standard","meta":{"jetpack_post_was_ever_published":false,"_jetpack_newsletter_access":"","_jetpack_dont_email_post_to_subs":false,"_jetpack_newsletter_tier_id":0,"_jetpack_memberships_contains_paywalled_content":false,"_jetpack_memberships_contains_paid_content":false,"footnotes":"","jetpack_publicize_message":"","jetpack_publicize_feature_enabled":true,"jetpack_social_post_already_shared":false,"jetpack_social_options":{"image_generator_settings":{"template":"highway","default_image_id":0,"font":"","enabled":false},"version":2}},"categories":[655],"tags":[10077,10078,398,5615,9473],"class_list":["post-23897","post","type-post","status-publish","format-standard","has-post-thumbnail","hentry","category-son-dakika","tag-cezayir","tag-diplomatlara","tag-egitim","tag-tikadan","tag-yemenli"],"jetpack_publicize_connections":[],"jetpack_featured_media_url":"https:\/\/i0.wp.com\/www.tvturk.com\/wp-content\/uploads\/2019\/02\/tikadan-cezayir-ve-yemenli-diplomatlara-egitim_621254f.jpg?fit=1000%2C666","jetpack_sharing_enabled":true,"jetpack_shortlink":"https:\/\/wp.me\/paKIfm-6dr","_links":{"self":[{"href":"http:\/\/www.tvturk.com\/index.php\/wp-json\/wp\/v2\/posts\/23897","targetHints":{"allow":["GET"]}}],"collection":[{"href":"http:\/\/www.tvturk.com\/index.php\/wp-json\/wp\/v2\/posts"}],"about":[{"href":"http:\/\/www.tvturk.com\/index.php\/wp-json\/wp\/v2\/types\/post"}],"author":[{"embeddable":true,"href":"http:\/\/www.tvturk.com\/index.php\/wp-json\/wp\/v2\/users\/1"}],"replies":[{"embeddable":true,"href":"http:\/\/www.tvturk.com\/index.php\/wp-json\/wp\/v2\/comments?post=23897"}],"version-history":[{"count":1,"href":"http:\/\/www.tvturk.com\/index.php\/wp-json\/wp\/v2\/posts\/23897\/revisions"}],"predecessor-version":[{"id":23902,"href":"http:\/\/www.tvturk.com\/index.php\/wp-json\/wp\/v2\/posts\/23897\/revisions\/23902"}],"wp:featuredmedia":[{"embeddable":true,"href":"http:\/\/www.tvturk.com\/index.php\/wp-json\/wp\/v2\/media\/23898"}],"wp:attachment":[{"href":"http:\/\/www.tvturk.com\/index.php\/wp-json\/wp\/v2\/media?parent=23897"}],"wp:term":[{"taxonomy":"category","embeddable":true,"href":"http:\/\/www.tvturk.com\/index.php\/wp-json\/wp\/v2\/categories?post=23897"},{"taxonomy":"post_tag","embeddable":true,"href":"http:\/\/www.tvturk.com\/index.php\/wp-json\/wp\/v2\/tags?post=23897"}],"curies":[{"name":"wp","href":"https:\/\/api.w.org\/{rel}","templated":true}]}}