{"id":239009,"date":"2019-12-08T17:01:37","date_gmt":"2019-12-08T14:01:37","guid":{"rendered":"http:\/\/www.tvturk.com\/index.php\/alman-kanalinin-skandal-ataturk-yayini-hamburgda-protesto-edildi\/"},"modified":"2019-12-08T17:01:37","modified_gmt":"2019-12-08T14:01:37","slug":"alman-kanalinin-skandal-ataturk-yayini-hamburgda-protesto-edildi","status":"publish","type":"post","link":"http:\/\/www.tvturk.com\/index.php\/alman-kanalinin-skandal-ataturk-yayini-hamburgda-protesto-edildi\/","title":{"rendered":"Alman kanal\u0131n\u0131n skandal Atat\u00fcrk yay\u0131n\u0131 Hamburg\u2019da protesto edildi"},"content":{"rendered":"<p>Mustafa Kemal Atat\u00fcrk\u2019\u00fc Alevi katliamc\u0131s\u0131 gibi g\u00f6steren Alman Devlet Kanal\u0131 ARD, Hamburg\u2019da protesto edildi.<\/p>\n<p>Alman Devlet Kanal\u0131 ARD\u2019de &#8220;Titel, Thesen, Temperamente&#8221; adl\u0131 k\u00fclt\u00fcr program\u0131nda &#8220;Unutulan Katliam-Atat\u00fcrk Alevileri Nas\u0131l \u00d6ld\u00fcrd\u00fc&#8221; ba\u015fl\u0131\u011f\u0131 alt\u0131nda yay\u0131nlanan b\u00f6l\u00fcm nedeniyle Almanya\u2019daki T\u00fcrkler harekete ge\u00e7ti. ARD\u2019de yay\u0131nlanan belgeselde Atat\u00fcrk\u2019\u00fcn Almanya\u2019dan zehirli gaz sat\u0131n ald\u0131\u011f\u0131 ve Dersim\u2019de Alevilere kar\u015f\u0131 kulland\u0131\u011f\u0131 iddia edilmi\u015fti. ARD\u2019de yay\u0131nlanan bu as\u0131ls\u0131z iddialar, Almanya\u2019n\u0131n bir\u00e7ok \u015fehrinde Atat\u00fcrk\u00e7\u00fc D\u00fc\u015f\u00fcnce Derneklerinin organizasyonuyla T\u00fcrk vatanda\u015flar\u0131 taraf\u0131ndan ARD televizyonu ba\u015fta olmak \u00fczere ona ba\u011fl\u0131 WDR, NDR gibi di\u011fer televizyon kanallar\u0131 \u00f6nlerinde protesto edildi.<\/p>\n<p>Hamburg\u2019da da Atat\u00fcrk\u00e7\u00fc D\u00fc\u015f\u00fcnce Derne\u011fi (HADD) taraf\u0131ndan bug\u00fcn g\u00f6steri d\u00fczenlendi. Haberi haz\u0131rlayan Tuncelili muhabir Karaman Yavuz\u2019un \u00e7al\u0131\u015ft\u0131\u011f\u0131 Rothenbaumchaussee\u2019deki ARD\u2019ye ba\u011fl\u0131 Nord Deutsche Rundfunk (NDR) binas\u0131n\u0131n \u00f6n\u00fcnde toplanan dernek \u00fcyeleri, ya\u011fmurlu havaya ra\u011fmen 1 saat kadar bina \u00f6n\u00fcnde kalarak T\u00fcrk bayraklar\u0131 ve Atat\u00fcrk posterleri a\u00e7t\u0131. HADD Ba\u015fkan\u0131 Serdar Temur ve y\u00f6netim kurulu \u00fcyesi Mete Tiril, T\u00fcrk\u00e7e ve Almanca yapt\u0131klar\u0131 a\u00e7\u0131klamalarda ARD kanal\u0131nda yay\u0131nlanan belgeselin i\u00e7erik olarak hi\u00e7bir \u015fekilde ger\u00e7eklerle \u00f6rt\u00fc\u015fmedi\u011fini, bunun kabul edilir bir durum olmad\u0131\u011f\u0131n\u0131 ifade etti. Temur, \u201cBu belgesel, sunum \u015fekli ve i\u00e7erik olarak Almanya\u2019da huzur i\u00e7inde ya\u015fayan T\u00fcrk toplumunda b\u00fcy\u00fck bir k\u0131zg\u0131nl\u0131k uyand\u0131rm\u0131\u015ft\u0131r. T\u00fcrkiye Cumhuriyeti din \u00f6zg\u00fcrl\u00fc\u011f\u00fc ve sosyal hukuk devleti temel ta\u015flar\u0131 \u00fczerine kurulmu\u015ftur. Bat\u0131l\u0131 baz\u0131 b\u00fcy\u00fck devletlerin T\u00fcrkiye Cumhuriyeti\u2019nin kurulu\u015f y\u0131llar\u0131nda ataerkil feodalizme ve \u00e7\u0131kar\u0131lan i\u00e7 isyanlara verdikleri destek T\u00fcrkler taraf\u0131ndan \u00e7ok iyi bilinmektedir. Aleviler T\u00fcrk halk\u0131n\u0131n temel unsurudur. K\u00fclt\u00fcrler tarihsel ba\u011flamda tamamen i\u00e7 i\u00e7e ge\u00e7mi\u015ftir. Bug\u00fcn bile Alevilerin cemevlerinde hem Atat\u00fcrk\u2019\u00fcn hem de 4. Halife Ali\u2019nin ve Hac\u0131 Bekta\u015fi Veli\u2019nin resimleri yan yana birlikte as\u0131l\u0131d\u0131r. Sizin yay\u0131n\u0131n\u0131zdaki iddian\u0131z\u0131n tam tersine olaylar\u0131n ge\u00e7ti\u011fi Tunceli halk\u0131 bug\u00fcn bile \u00f6rnek bir \u015fekilde kendilerini T\u00fcrkiye Cumhuriyeti\u2019nin kurulu\u015f ilkeleri ve Mustafa Kemal Atat\u00fcrk\u2019\u00fcn devrimleriyle tan\u0131mlarlar\u201c dedi.<\/p>\n<p>Atat\u00fcrk\u2019\u00fcn s\u00f6z konusu tarihlerde \u00f6l\u00fcm d\u00f6\u015fe\u011finde \u00e7ok a\u011f\u0131r hasta olarak yatt\u0131\u011f\u0131n\u0131 da hat\u0131rlatan Temur, \u201cBuna ra\u011fmen Atat\u00fcrk\u2019e kara \u00e7alan bir ba\u015fl\u0131kla (Kemal Atat\u00fcrk Alevileri nas\u0131l katlettirdi) demek ve tarihi bu denli \u00e7arp\u0131tma iste\u011fi, bilgisizli\u011fin de \u00f6tesinde sorumsuzluktur. Atat\u00fcrk\u2019\u00fcn 1934 y\u0131l\u0131nda hem de Yunanistan Ba\u015fbakan\u0131 Elefterios Venizelos taraf\u0131ndan Nobel Bar\u0131\u015f \u00d6d\u00fcl\u00fc\u2019ne aday g\u00f6sterildi\u011fini hat\u0131rlatmak isteriz. Ayr\u0131ca Nazi Almanyas\u0131ndan ka\u00e7arak Atat\u00fcrk\u2019\u00fcn kurdu\u011fu T\u00fcrkiye Cumhuriyeti\u2019ne g\u00fcvenmi\u015f ve oraya s\u0131\u011f\u0131nm\u0131\u015f Yahudileri hat\u0131rlat\u0131r\u0131z. Bu nedenlerden dolay\u0131 sorumsuzca sunulmu\u015f bu program i\u00e7in T\u00fcrk halk\u0131 \u00f6z\u00fcr beklemektedir\u201c \u015feklinde konu\u015ftu.<\/p>\n<p>ARD\u2019de Thorsten Mack ve Karaman Yavuz\u2019un haz\u0131rlad\u0131\u011f\u0131 &#8220;Unutulan Katliam-Atat\u00fcrk Alevileri Nas\u0131l \u00d6ld\u00fcrd\u00fc\u201c isimli belgesel Tunceli\u2019de \u00e7ekildi ve ar\u015fiv foto\u011fraflar\u0131na yer verildi. R\u00f6portajlar\u0131n da yer ald\u0131\u011f\u0131 ve 6 dakika s\u00fcren belgeselin i\u00e7eri\u011finde T\u00fcrk ar\u015fivlerinde 1937 y\u0131l\u0131ndan kalma \u00f6nemli bir belge bulundu\u011fu belirtildi. Belgeselde, Dersim\u2019den sorumlu generalin zehirli gaz talebinde bulundu\u011fu, Hitler\u2019in Nazi Almanyas\u0131ndan 20 ton zehirli gaz sipari\u015f verildi\u011fi yer ald\u0131. Belgeselde, Atat\u00fcrk\u2018\u00fcn imzas\u0131n\u0131 ta\u015f\u0131d\u0131\u011f\u0131 \u00f6ne s\u00fcr\u00fclen belgelere de yer verildi.<\/p>\n","protected":false},"excerpt":{"rendered":"<p>MUSTAFA KEMAL ATAT\u00dcRK\u2019\u00dc ALEV\u0130 KATL\u0130AMCISI G\u0130B\u0130 G\u00d6STEREN ALMAN DEVLET KANALI ARD, HAMBURG\u2019DA PROTESTO ED\u0130LD\u0130.<\/p>\n","protected":false},"author":1,"featured_media":239010,"comment_status":"closed","ping_status":"open","sticky":false,"template":"","format":"standard","meta":{"jetpack_post_was_ever_published":false,"_jetpack_newsletter_access":"","_jetpack_dont_email_post_to_subs":false,"_jetpack_newsletter_tier_id":0,"_jetpack_memberships_contains_paywalled_content":false,"_jetpack_memberships_contains_paid_content":false,"footnotes":"","jetpack_publicize_message":"","jetpack_publicize_feature_enabled":true,"jetpack_social_post_already_shared":true,"jetpack_social_options":{"image_generator_settings":{"template":"highway","default_image_id":0,"font":"","enabled":false},"version":2}},"categories":[10],"tags":[2536,381,857,40402,59847,831,1573,50547],"class_list":["post-239009","post","type-post","status-publish","format-standard","has-post-thumbnail","hentry","category-dunya","tag-alman","tag-ataturk","tag-edildi","tag-hamburgda","tag-kanalinin","tag-protesto","tag-skandal","tag-yayini"],"jetpack_publicize_connections":[],"jetpack_featured_media_url":"https:\/\/i0.wp.com\/www.tvturk.com\/wp-content\/uploads\/2019\/12\/alman-kanalinin-skandal-ataturk-yayini-hamburgda-protesto-edildi_5320fa4.jpg?fit=1000%2C668","jetpack_sharing_enabled":true,"jetpack_shortlink":"https:\/\/wp.me\/paKIfm-10aZ","_links":{"self":[{"href":"http:\/\/www.tvturk.com\/index.php\/wp-json\/wp\/v2\/posts\/239009","targetHints":{"allow":["GET"]}}],"collection":[{"href":"http:\/\/www.tvturk.com\/index.php\/wp-json\/wp\/v2\/posts"}],"about":[{"href":"http:\/\/www.tvturk.com\/index.php\/wp-json\/wp\/v2\/types\/post"}],"author":[{"embeddable":true,"href":"http:\/\/www.tvturk.com\/index.php\/wp-json\/wp\/v2\/users\/1"}],"replies":[{"embeddable":true,"href":"http:\/\/www.tvturk.com\/index.php\/wp-json\/wp\/v2\/comments?post=239009"}],"version-history":[{"count":0,"href":"http:\/\/www.tvturk.com\/index.php\/wp-json\/wp\/v2\/posts\/239009\/revisions"}],"wp:featuredmedia":[{"embeddable":true,"href":"http:\/\/www.tvturk.com\/index.php\/wp-json\/wp\/v2\/media\/239010"}],"wp:attachment":[{"href":"http:\/\/www.tvturk.com\/index.php\/wp-json\/wp\/v2\/media?parent=239009"}],"wp:term":[{"taxonomy":"category","embeddable":true,"href":"http:\/\/www.tvturk.com\/index.php\/wp-json\/wp\/v2\/categories?post=239009"},{"taxonomy":"post_tag","embeddable":true,"href":"http:\/\/www.tvturk.com\/index.php\/wp-json\/wp\/v2\/tags?post=239009"}],"curies":[{"name":"wp","href":"https:\/\/api.w.org\/{rel}","templated":true}]}}