{"id":23907,"date":"2019-02-12T10:35:58","date_gmt":"2019-02-12T07:35:58","guid":{"rendered":"http:\/\/www.tvturk.com\/index.php\/osmaniyede-iyi-parti-yonetim-kurulu-uyeleri-istifa-etti\/"},"modified":"2019-02-12T10:36:00","modified_gmt":"2019-02-12T07:36:00","slug":"osmaniyede-iyi-parti-yonetim-kurulu-uyeleri-istifa-etti","status":"publish","type":"post","link":"http:\/\/www.tvturk.com\/index.php\/osmaniyede-iyi-parti-yonetim-kurulu-uyeleri-istifa-etti\/","title":{"rendered":"Osmaniye\u2019de \u0130Y\u0130 Parti y\u00f6netim kurulu \u00fcyeleri istifa etti"},"content":{"rendered":"<p>Osmaniye\u2019nin Kadirli il\u00e7esinde \u0130Y\u0130 Parti Kadirli il\u00e7e te\u015fkilat\u0131nda g\u00f6revli 8 y\u00f6netim kurulu \u00fcyesi ile \u0130Y\u0130 Parti eski il\u00e7e ba\u015fkan\u0131 partilerinden ve y\u00f6netim kurulu \u00fcyeliklerinden istifa ettiklerini a\u00e7\u0131klad\u0131.<\/p>\n<p>\u0130Y\u0130 Parti Kadirli \u0130l\u00e7e Te\u015fkilat\u0131ndan 8 y\u00f6netim kurulu \u00fcyesi ve partinin \u00f6nceki d\u00f6nem il\u00e7e ba\u015fkanl\u0131\u011f\u0131n\u0131 yapan Dr. Noyan Ayd\u0131n \u0130Y\u0130 Parti\u2019den ve y\u00f6netim kurulu \u00fcyeliklerinden istifa ettiklerini d\u00fczenledikleri bas\u0131n toplant\u0131s\u0131 ile a\u00e7\u0131klad\u0131lar. \u0130stifa eden y\u00f6netim kurulu \u00fcyeleri ad\u0131na konu\u015fan eski y\u00f6netici Nurettin Ba\u015f\u0131b\u00fcy\u00fck partililerin ve taban\u0131n destekledi\u011fi Belediye Ba\u015fkan Aday Aday\u0131 Dr. Noyan Ayd\u0131n\u2019\u0131n aday g\u00f6sterilmemesi etkili oldu\u011funu belirterek, \u201cNoyan Beye g\u00f6n\u00fcl ba\u011f\u0131m\u0131z var, \u0130Y\u0130 Parti i\u00e7erisinde bir tak\u0131m s\u0131k\u0131nt\u0131lar vard\u0131, dedikodular vard\u0131 bunlar\u0131n halkta kar\u015f\u0131l\u0131\u011f\u0131 yoktu. Taban\u0131n sesinin dinlenmedi\u011fi i\u00e7in, yap\u0131lan anketlere, sa\u011fduyuya kulak verilmedi\u011fi i\u00e7in biz  \u0130Y\u0130 Parti\u2019den istifa etmi\u015f bulunuyoruz. Noyan Beyin destek verdi\u011fi Kadirli Belediye Ba\u015fkan\u0131 \u00d6mer Tarhan\u2019a ba\u015far\u0131lar dileyerek yan\u0131ndaki yerini alm\u0131\u015f bulunuyoruz\u2019\u2019dedi. \u0130stifa eden eski \u0130l\u00e7e Ba\u015fkan\u0131 Dr. Noyan Ayd\u0131n ise &#8220;\u015eunu hi\u00e7 kimse unutmas\u0131n as\u0131l olan her zaman g\u00f6n\u00fcl birli\u011fidir&#8221; diye konu\u015ftu.<div class=\"tiled-gallery type-rectangular tiled-gallery-unresized\" data-original-width=\"500\" data-carousel-extra='null' itemscope itemtype=\"http:\/\/schema.org\/ImageGallery\" > <div class=\"gallery-row\" style=\"width: 500px; height: 332px;\" data-original-width=\"500\" data-original-height=\"332\" > <div class=\"gallery-group images-1\" style=\"width: 500px; height: 332px;\" data-original-width=\"500\" data-original-height=\"332\" > <div class=\"tiled-gallery-item tiled-gallery-item-large\" itemprop=\"associatedMedia\" itemscope itemtype=\"http:\/\/schema.org\/ImageObject\"> <a href=\"http:\/\/www.tvturk.com\/index.php\/osmaniyede-iyi-parti-yonetim-kurulu-uyeleri-istifa-etti\/osmaniyede-iyi-parti-yonetim-kurulu-uyeleri-istifa-etti-3\/\" border=\"0\" itemprop=\"url\"> <meta itemprop=\"width\" content=\"496\"> <meta itemprop=\"height\" content=\"328\"> <img decoding=\"async\" class=\"\" data-attachment-id=\"23909\" data-orig-file=\"http:\/\/www.tvturk.com\/wp-content\/uploads\/2019\/02\/osmaniyede-iyi-parti-yonetim-kurulu-uyeleri-istifa-etti_472a848.jpg\" data-orig-size=\"1000,662\" data-comments-opened=\"\" data-image-meta=\"{&quot;aperture&quot;:&quot;0&quot;,&quot;credit&quot;:&quot;IHA&quot;,&quot;camera&quot;:&quot;&quot;,&quot;caption&quot;:&quot;OSMAN\\u0130YE\\u2019DE \\u0130Y\\u0130 PART\\u0130 Y\\u00d6NET\\u0130M KURULU \\u00dcYELER\\u0130 \\u0130ST\\u0130FA ETT\\u0130 (SEL\\u00c7UK \\u015eAVRAN\\\/OSMAN\\u0130YE-\\u0130HA)&quot;,&quot;created_timestamp&quot;:&quot;0&quot;,&quot;copyright&quot;:&quot;\\u0130HLAS HABER AJANSI, www.iha.com.tr&quot;,&quot;focal_length&quot;:&quot;0&quot;,&quot;iso&quot;:&quot;0&quot;,&quot;shutter_speed&quot;:&quot;0&quot;,&quot;title&quot;:&quot;OSMAN\\u0130YE\\u2019DE \\u0130Y\\u0130 PART\\u0130 Y\\u00d6NET\\u0130M KURULU \\u00dcYELER\\u0130 \\u0130ST\\u0130FA ETT\\u0130 \\u0130ST\\u0130FA EDEN 8 Y\\u00d6NET\\u0130M KURULU \\u00dcYES\\u0130 VE ESK\\u0130 \\u0130L\\u00c7E BA\\u015eKANI, BELED\\u0130YE BA\\u015eKANI DR.\\u00d6MER TARHAN\\u2019A DESTEK VERMEK \\u0130\\u00c7\\u0130N MHP\\u2019YE GE\\u00c7\\u0130\\u015e YAPACAKLARINI BEL\\u0130RTT\\u0130&quot;,&quot;orientation&quot;:&quot;0&quot;}\" data-image-title=\"Osmaniye\u2019de \u0130Y\u0130 Parti y\u00f6netim kurulu \u00fcyeleri istifa etti\" data-image-description=\"&lt;p&gt;Osmaniye\u2019de \u0130Y\u0130 Parti y\u00f6netim kurulu \u00fcyeleri istifa etti&lt;\/p&gt; \" data-medium-file=\"https:\/\/i0.wp.com\/www.tvturk.com\/wp-content\/uploads\/2019\/02\/osmaniyede-iyi-parti-yonetim-kurulu-uyeleri-istifa-etti_472a848.jpg?fit=300%2C199\" data-large-file=\"https:\/\/i0.wp.com\/www.tvturk.com\/wp-content\/uploads\/2019\/02\/osmaniyede-iyi-parti-yonetim-kurulu-uyeleri-istifa-etti_472a848.jpg?fit=1000%2C662\" src=\"https:\/\/i0.wp.com\/www.tvturk.com\/wp-content\/uploads\/2019\/02\/osmaniyede-iyi-parti-yonetim-kurulu-uyeleri-istifa-etti_472a848.jpg?w=496&#038;h=328\" srcset=\"https:\/\/i0.wp.com\/www.tvturk.com\/wp-content\/uploads\/2019\/02\/osmaniyede-iyi-parti-yonetim-kurulu-uyeleri-istifa-etti_472a848.jpg?w=1000 1000w, https:\/\/i0.wp.com\/www.tvturk.com\/wp-content\/uploads\/2019\/02\/osmaniyede-iyi-parti-yonetim-kurulu-uyeleri-istifa-etti_472a848.jpg?resize=150%2C99 150w, https:\/\/i0.wp.com\/www.tvturk.com\/wp-content\/uploads\/2019\/02\/osmaniyede-iyi-parti-yonetim-kurulu-uyeleri-istifa-etti_472a848.jpg?resize=300%2C199 300w, https:\/\/i0.wp.com\/www.tvturk.com\/wp-content\/uploads\/2019\/02\/osmaniyede-iyi-parti-yonetim-kurulu-uyeleri-istifa-etti_472a848.jpg?resize=768%2C508 768w, https:\/\/i0.wp.com\/www.tvturk.com\/wp-content\/uploads\/2019\/02\/osmaniyede-iyi-parti-yonetim-kurulu-uyeleri-istifa-etti_472a848.jpg?resize=170%2C113 170w, https:\/\/i0.wp.com\/www.tvturk.com\/wp-content\/uploads\/2019\/02\/osmaniyede-iyi-parti-yonetim-kurulu-uyeleri-istifa-etti_472a848.jpg?resize=120%2C80 120w\" width=\"496\" height=\"328\" loading=\"lazy\" data-original-width=\"496\" data-original-height=\"328\" itemprop=\"http:\/\/schema.org\/image\" title=\"Osmaniye\u2019de \u0130Y\u0130 Parti y\u00f6netim kurulu \u00fcyeleri istifa etti\" alt=\"Osmaniye\u2019de \u0130Y\u0130 Parti y\u00f6netim kurulu \u00fcyeleri istifa etti\" style=\"width: 496px; height: 328px;\" \/> <\/a> <\/div> <\/div> <!-- close group --> <\/div> <!-- close row --> <\/div><\/p>\n","protected":false},"excerpt":{"rendered":"<p>OSMAN\u0130YE\u2019DE \u0130Y\u0130 PART\u0130 Y\u00d6NET\u0130M KURULU \u00dcYELER\u0130 \u0130ST\u0130FA ETT\u0130<\/p>\n","protected":false},"author":1,"featured_media":23908,"comment_status":"closed","ping_status":"open","sticky":false,"template":"","format":"standard","meta":{"jetpack_post_was_ever_published":false,"_jetpack_newsletter_access":"","_jetpack_dont_email_post_to_subs":false,"_jetpack_newsletter_tier_id":0,"_jetpack_memberships_contains_paywalled_content":false,"_jetpack_memberships_contains_paid_content":false,"footnotes":"","jetpack_publicize_message":"","jetpack_publicize_feature_enabled":true,"jetpack_social_post_already_shared":false,"jetpack_social_options":{"image_generator_settings":{"template":"highway","default_image_id":0,"font":"","enabled":false},"version":2}},"categories":[9],"tags":[207,31,1552,247,10083,510,3081,246],"class_list":["post-23907","post","type-post","status-publish","format-standard","has-post-thumbnail","hentry","category-siyaset","tag-etti","tag-istifa","tag-iyi","tag-kurulu","tag-osmaniyede","tag-parti","tag-uyeleri","tag-yonetim"],"jetpack_publicize_connections":[],"jetpack_featured_media_url":"https:\/\/i0.wp.com\/www.tvturk.com\/wp-content\/uploads\/2019\/02\/osmaniyede-iyi-parti-yonetim-kurulu-uyeleri-istifa-etti_a9b7e23.jpg?fit=1000%2C562","jetpack_sharing_enabled":true,"jetpack_shortlink":"https:\/\/wp.me\/paKIfm-6dB","_links":{"self":[{"href":"http:\/\/www.tvturk.com\/index.php\/wp-json\/wp\/v2\/posts\/23907","targetHints":{"allow":["GET"]}}],"collection":[{"href":"http:\/\/www.tvturk.com\/index.php\/wp-json\/wp\/v2\/posts"}],"about":[{"href":"http:\/\/www.tvturk.com\/index.php\/wp-json\/wp\/v2\/types\/post"}],"author":[{"embeddable":true,"href":"http:\/\/www.tvturk.com\/index.php\/wp-json\/wp\/v2\/users\/1"}],"replies":[{"embeddable":true,"href":"http:\/\/www.tvturk.com\/index.php\/wp-json\/wp\/v2\/comments?post=23907"}],"version-history":[{"count":1,"href":"http:\/\/www.tvturk.com\/index.php\/wp-json\/wp\/v2\/posts\/23907\/revisions"}],"predecessor-version":[{"id":23910,"href":"http:\/\/www.tvturk.com\/index.php\/wp-json\/wp\/v2\/posts\/23907\/revisions\/23910"}],"wp:featuredmedia":[{"embeddable":true,"href":"http:\/\/www.tvturk.com\/index.php\/wp-json\/wp\/v2\/media\/23908"}],"wp:attachment":[{"href":"http:\/\/www.tvturk.com\/index.php\/wp-json\/wp\/v2\/media?parent=23907"}],"wp:term":[{"taxonomy":"category","embeddable":true,"href":"http:\/\/www.tvturk.com\/index.php\/wp-json\/wp\/v2\/categories?post=23907"},{"taxonomy":"post_tag","embeddable":true,"href":"http:\/\/www.tvturk.com\/index.php\/wp-json\/wp\/v2\/tags?post=23907"}],"curies":[{"name":"wp","href":"https:\/\/api.w.org\/{rel}","templated":true}]}}