{"id":239220,"date":"2019-12-09T10:32:08","date_gmt":"2019-12-09T07:32:08","guid":{"rendered":"http:\/\/www.tvturk.com\/index.php\/dogu-anadoluda-kar-kis-soguk-hava\/"},"modified":"2019-12-09T10:32:08","modified_gmt":"2019-12-09T07:32:08","slug":"dogu-anadoluda-kar-kis-soguk-hava","status":"publish","type":"post","link":"http:\/\/www.tvturk.com\/index.php\/dogu-anadoluda-kar-kis-soguk-hava\/","title":{"rendered":"Do\u011fu Anadolu\u2019da kar, k\u0131\u015f, so\u011fuk hava"},"content":{"rendered":"<p>Do\u011fu Anadolu B\u00f6lgesi tam k\u0131\u015f havas\u0131na b\u00fcr\u00fcn\u00fcrken dondurucu so\u011fuklarda etkisini art\u0131rd\u0131. Erzincan\u2019da bacalarda kar temizli\u011fine koyulan vatanda\u015flar k\u0131\u015f aylar\u0131nda besicilik yapman\u0131n da zor oldu\u011funu belirtti.<\/p>\n<p>Meteoroloji 12. B\u00f6lge M\u00fcd\u00fcrl\u00fc\u011f\u00fc ekiplerince yap\u0131lan son de\u011ferlendirmelere g\u00f6re, b\u00f6lge genelinde havan\u0131n par\u00e7al\u0131, zamanla az bulutlu ge\u00e7ece\u011fi tahmin ediliyor. S\u0131cakl\u0131klar\u0131n mevsim normalleri civar\u0131nda seyretti\u011fi b\u00f6lgede r\u00fczg\u00e2r g\u00fcneyli y\u00f6nlerden hafif, zaman zaman orta kuvvette esecek.<\/p>\n<p>\u201cG\u00f6le eksi 22 dereceyi g\u00f6rd\u00fc\u201d<\/p>\n<p>B\u00f6lge i\u00e7in meteorolojik uyar\u0131da bulunularak, \u201cB\u00f6lgemiz genelinde Erzincan, Tunceli, Erzurum, Kars, A\u011fr\u0131, Ardahan ve I\u011fd\u0131r \u00f6zellikle gece ve sabah ilk saatlerde buzlanma ve don olay\u0131 ile birlikte yer yer sis ve pus hadisesinin g\u00f6r\u00fclmesi beklendi\u011finden ula\u015f\u0131mda meydana gelebilecek olumsuzluklara kar\u015f\u0131 \u00f6zellikle s\u00fcr\u00fcc\u00fclerin dikkatli ve tedbirli olmalar\u0131 gerekmektedir.\u201d denildi.<\/p>\n<p>A\u015f\u0131r\u0131 so\u011fuklar\u0131n etkili oldu\u011fu b\u00f6lgede gece en d\u00fc\u015f\u00fck hava s\u0131cakl\u0131\u011f\u0131 s\u0131f\u0131r\u0131n alt\u0131nda olmak \u00fczere Erzincan Refahiye\u2019de 15, Erzurum Tekman\u2019da 17, Kars Sar\u0131kam\u0131\u015f\u2019ta 12, A\u011fr\u0131 Hamur\u2019da 11, I\u011fd\u0131r Karakoyunlu\u2019da 4, Ardahan G\u00f6le\u2019de 22 derece olarak \u00f6l\u00e7\u00fcld\u00fc.<\/p>\n<p>\u201cErzincan\u2019\u0131n k\u00f6ylerinde ya\u015fayan besicilerin k\u0131\u015f \u00e7ilesi ba\u015flad\u0131\u201d<\/p>\n<p>So\u011fuk hava nedeniyle ara\u00e7lar\u0131n camlar\u0131n\u0131n buz tuttu\u011fu Erzincan\u2019da vatanda\u015flar otomobillerinin \u00fczerine battaniye serdi. K\u0131\u015f \u00e7ilesinin ba\u015flad\u0131\u011f\u0131 Erzincan\u2019\u0131n k\u00f6ylerinde ise vatanda\u015flar ev ve ah\u0131rlar\u0131n\u0131n damlar\u0131n\u0131n kar suyunu i\u00e7eri ak\u0131tmamas\u0131 i\u00e7in temizlik \u00e7al\u0131\u015fmas\u0131na koyuldu. Bacalar\u0131 k\u00fcreyen vatanda\u015flar, \u201cK\u00f6ylerde besicilik yaparak ge\u00e7imimizi sa\u011fl\u0131yoruz. K\u0131\u015f geldi mi \u015fartlar olduk\u00e7a zorla\u015f\u0131yor. Bir yandan bacalar\u0131 k\u00fcr\u00fcyoruz di\u011fer yandan da kuyun s\u00fcr\u00fclerimizi ah\u0131rlarda besliyoruz. S\u0131cak g\u00fcnler gelinceye kadar \u00e7ilemiz s\u00fcrecek\u201d dedi.<\/p>\n","protected":false},"excerpt":{"rendered":"<p>DO\u011eU ANADOLU B\u00d6LGES\u0130 TAM KI\u015e HAVASINA B\u00dcR\u00dcN\u00dcRKEN DONDURUCU SO\u011eUKLARDA ETK\u0130S\u0130N\u0130 ARTIRDI. ERZ\u0130NCAN\u2019DA BACALARDA KAR TEM\u0130ZL\u0130\u011e\u0130NE KOYULAN VATANDA\u015eLAR KI\u015e AYLARINDA BES\u0130C\u0130L\u0130K YAPMANIN DA ZOR OLDU\u011eUNU BEL\u0130RTT\u0130<\/p>\n","protected":false},"author":1,"featured_media":239221,"comment_status":"closed","ping_status":"open","sticky":false,"template":"","format":"standard","meta":{"jetpack_post_was_ever_published":false,"_jetpack_newsletter_access":"","_jetpack_dont_email_post_to_subs":false,"_jetpack_newsletter_tier_id":0,"_jetpack_memberships_contains_paywalled_content":false,"_jetpack_memberships_contains_paid_content":false,"footnotes":"","jetpack_publicize_message":"","jetpack_publicize_feature_enabled":true,"jetpack_social_post_already_shared":true,"jetpack_social_options":{"image_generator_settings":{"template":"highway","default_image_id":0,"font":"","enabled":false},"version":2}},"categories":[1],"tags":[3913,2476,257,878,1806,5373],"class_list":["post-239220","post","type-post","status-publish","format-standard","has-post-thumbnail","hentry","category-genel","tag-anadoluda","tag-dogu","tag-hava","tag-kar","tag-kis","tag-soguk"],"jetpack_publicize_connections":[],"jetpack_featured_media_url":"https:\/\/i0.wp.com\/www.tvturk.com\/wp-content\/uploads\/2019\/12\/dogu-anadoluda-kar-kis-soguk-hava_893f80d.jpg?fit=1000%2C497","jetpack_sharing_enabled":true,"jetpack_shortlink":"https:\/\/wp.me\/paKIfm-10eo","_links":{"self":[{"href":"http:\/\/www.tvturk.com\/index.php\/wp-json\/wp\/v2\/posts\/239220","targetHints":{"allow":["GET"]}}],"collection":[{"href":"http:\/\/www.tvturk.com\/index.php\/wp-json\/wp\/v2\/posts"}],"about":[{"href":"http:\/\/www.tvturk.com\/index.php\/wp-json\/wp\/v2\/types\/post"}],"author":[{"embeddable":true,"href":"http:\/\/www.tvturk.com\/index.php\/wp-json\/wp\/v2\/users\/1"}],"replies":[{"embeddable":true,"href":"http:\/\/www.tvturk.com\/index.php\/wp-json\/wp\/v2\/comments?post=239220"}],"version-history":[{"count":0,"href":"http:\/\/www.tvturk.com\/index.php\/wp-json\/wp\/v2\/posts\/239220\/revisions"}],"wp:featuredmedia":[{"embeddable":true,"href":"http:\/\/www.tvturk.com\/index.php\/wp-json\/wp\/v2\/media\/239221"}],"wp:attachment":[{"href":"http:\/\/www.tvturk.com\/index.php\/wp-json\/wp\/v2\/media?parent=239220"}],"wp:term":[{"taxonomy":"category","embeddable":true,"href":"http:\/\/www.tvturk.com\/index.php\/wp-json\/wp\/v2\/categories?post=239220"},{"taxonomy":"post_tag","embeddable":true,"href":"http:\/\/www.tvturk.com\/index.php\/wp-json\/wp\/v2\/tags?post=239220"}],"curies":[{"name":"wp","href":"https:\/\/api.w.org\/{rel}","templated":true}]}}