{"id":239416,"date":"2019-12-09T12:47:35","date_gmt":"2019-12-09T09:47:35","guid":{"rendered":"http:\/\/www.tvturk.com\/index.php\/elleri-olmadan-2-kez-dunya-sampiyonu-oldu-simdi-sampiyonlar-yetistiriyor\/"},"modified":"2019-12-09T12:47:35","modified_gmt":"2019-12-09T09:47:35","slug":"elleri-olmadan-2-kez-dunya-sampiyonu-oldu-simdi-sampiyonlar-yetistiriyor","status":"publish","type":"post","link":"http:\/\/www.tvturk.com\/index.php\/elleri-olmadan-2-kez-dunya-sampiyonu-oldu-simdi-sampiyonlar-yetistiriyor\/","title":{"rendered":"Elleri olmadan 2 kez d\u00fcnya \u015fampiyonu oldu, \u015fimdi \u015fampiyonlar yeti\u015ftiriyor"},"content":{"rendered":"<p>Bebekken be\u015fi\u011finin oca\u011f\u0131n \u00fcst\u00fcne devrilmesi sonucu iki elini kaybeden sporcu, d\u00fcnya \u015fampiyonu olduktan sonra kendisi gibi \u015fampiyon \u00f6\u011frenciler yeti\u015ftiriyor.<\/p>\n<p>2009 y\u0131l\u0131nda Bak\u00fc\u2019de d\u00fczenlenen D\u00fcnya Engelliler Taekwondo \u015eampiyonas\u0131\u2019nda d\u00fcnya \u015fampiyonu olan Bayram Kayan, \u015fimdi a\u00e7t\u0131\u011f\u0131 okulda gelece\u011fin \u015fampiyonlar\u0131n\u0131 yeti\u015ftiriyor. 11 ayl\u0131kken ellerini kaybetmesine ra\u011fmen hayata k\u00fcsmeyen Kayan, iki kez d\u00fcnya \u015fampiyonu olmay\u0131 ba\u015fard\u0131. 44 ya\u015f\u0131ndaki sporcu bir yandan milli tak\u0131mla m\u00fcsabakalara kat\u0131larak \u00fclkemizi en iyi \u015fekilde temsil ederken, a\u00e7t\u0131\u011f\u0131 spor salonunda 3 y\u0131ld\u0131r gelece\u011fin \u015fampiyonlar\u0131n\u0131 yeti\u015ftirmek i\u00e7in ter d\u00f6k\u00fcyor.<\/p>\n<p>Me\u015fakkatlerle dolu ba\u015far\u0131 hikayesini anlatan Bayram Kayan, &#8220;K\u00fc\u00e7\u00fck ya\u015fta be\u015fi\u011fimin oca\u011fa devrilmesiyle iki elim de yan\u0131p kopmu\u015f. Bu hadise 11 ayl\u0131kken meydana gelmi\u015f. 9 ya\u015f\u0131ma kadar hastanelerde operasyonlar ge\u00e7irdim. Babam\u0131n emekli olmas\u0131yla Samsun\u2019dan Bursa\u2019ya geldik. 16 ya\u015f\u0131nda taekwondonyla tan\u0131\u015ft\u0131m. K\u0131z karde\u015fim taekwondoya gidiyordu. Onu g\u00f6t\u00fcr\u00fcp getirirken ben de ba\u015flad\u0131m. 2008 y\u0131l\u0131n\u0131n sonuna kadar engelli olmayan arkada\u015flarla m\u00fcsabaka yapt\u0131m. Bu da 17 y\u0131l s\u00fcrd\u00fc. T\u00fcrkiye\u2019de ilk be\u015fe kadar \u00e7\u0131kt\u0131m. Engelli olup normal sporcularla m\u00fcsabaka yapmak \u00e7ok zordu. 2009 y\u0131l\u0131nda D\u00fcnya Taekwondo Federasyonu taraf\u0131ndan engelliler bran\u015f\u0131 a\u00e7\u0131ld\u0131. Ben de engelliler kategorisine ge\u00e7tim. 2009 y\u0131l\u0131nda parataekwondo milli tak\u0131m\u0131na se\u00e7ildim. 2009 y\u0131l\u0131nda d\u00fcnyada ilk kez yap\u0131lan Engelliler D\u00fcnya Taekwondo \u015eampiyonas\u0131\u2019nda \u00fclkemizi temsilen ilk d\u00fcnya \u015fampiyonu oldum. \u015eimdi kendime spor salonu a\u00e7arak \u00f6\u011frendiklerimi gen\u00e7lere \u00f6\u011fretiyorum. Aram\u0131zdan da \u015fampiyonlar \u00e7\u0131kartmak istiyorum&#8221; dedi.<\/p>\n<p>Bayram Kayan\u2019\u0131n \u00f6\u011frencileri ise, &#8220;Bayram hocayla \u00e7al\u0131\u015fmak \u00e7ok keyifli, bize tecr\u00fcbelerini aktar\u0131yor, ilerde in\u015fallah biz de onun gibi d\u00fcnya \u015fampiyonu oluruz&#8221; \u015feklinde konu\u015ftu.<\/p>\n","protected":false},"excerpt":{"rendered":"<p>ELLER\u0130 OLMADAN 2 KEZ D\u00dcNYA \u015eAMP\u0130YONU OLDU, \u015e\u0130MD\u0130 \u015eAMP\u0130YONLAR YET\u0130\u015eT\u0130R\u0130YOR<\/p>\n","protected":false},"author":1,"featured_media":239417,"comment_status":"closed","ping_status":"open","sticky":false,"template":"","format":"standard","meta":{"jetpack_post_was_ever_published":false,"_jetpack_newsletter_access":"","_jetpack_dont_email_post_to_subs":false,"_jetpack_newsletter_tier_id":0,"_jetpack_memberships_contains_paywalled_content":false,"_jetpack_memberships_contains_paid_content":false,"footnotes":"","jetpack_publicize_message":"","jetpack_publicize_feature_enabled":true,"jetpack_social_post_already_shared":true,"jetpack_social_options":{"image_generator_settings":{"template":"highway","default_image_id":0,"font":"","enabled":false},"version":2}},"categories":[657],"tags":[1310,349,8695,1497,77,1234,2415,1534,4347],"class_list":["post-239416","post","type-post","status-publish","format-standard","has-post-thumbnail","hentry","category-spor","tag-sampiyonlar","tag-dunya","tag-elleri","tag-kez","tag-oldu","tag-olmadan","tag-sampiyonu","tag-simdi","tag-yetistiriyor"],"jetpack_publicize_connections":[],"jetpack_featured_media_url":"https:\/\/i0.wp.com\/www.tvturk.com\/wp-content\/uploads\/2019\/12\/elleri-olmadan-2-kez-dunya-sampiyonu-oldu-simdi-sampiyonlar-yetistiriyor_aec1710.jpg?fit=1000%2C666","jetpack_sharing_enabled":true,"jetpack_shortlink":"https:\/\/wp.me\/paKIfm-10hy","_links":{"self":[{"href":"http:\/\/www.tvturk.com\/index.php\/wp-json\/wp\/v2\/posts\/239416","targetHints":{"allow":["GET"]}}],"collection":[{"href":"http:\/\/www.tvturk.com\/index.php\/wp-json\/wp\/v2\/posts"}],"about":[{"href":"http:\/\/www.tvturk.com\/index.php\/wp-json\/wp\/v2\/types\/post"}],"author":[{"embeddable":true,"href":"http:\/\/www.tvturk.com\/index.php\/wp-json\/wp\/v2\/users\/1"}],"replies":[{"embeddable":true,"href":"http:\/\/www.tvturk.com\/index.php\/wp-json\/wp\/v2\/comments?post=239416"}],"version-history":[{"count":0,"href":"http:\/\/www.tvturk.com\/index.php\/wp-json\/wp\/v2\/posts\/239416\/revisions"}],"wp:featuredmedia":[{"embeddable":true,"href":"http:\/\/www.tvturk.com\/index.php\/wp-json\/wp\/v2\/media\/239417"}],"wp:attachment":[{"href":"http:\/\/www.tvturk.com\/index.php\/wp-json\/wp\/v2\/media?parent=239416"}],"wp:term":[{"taxonomy":"category","embeddable":true,"href":"http:\/\/www.tvturk.com\/index.php\/wp-json\/wp\/v2\/categories?post=239416"},{"taxonomy":"post_tag","embeddable":true,"href":"http:\/\/www.tvturk.com\/index.php\/wp-json\/wp\/v2\/tags?post=239416"}],"curies":[{"name":"wp","href":"https:\/\/api.w.org\/{rel}","templated":true}]}}