{"id":240256,"date":"2019-12-10T16:31:42","date_gmt":"2019-12-10T13:31:42","guid":{"rendered":"http:\/\/www.tvturk.com\/index.php\/etiyopya-basbakani-nobel-baris-odulunu-aldi\/"},"modified":"2019-12-10T16:31:42","modified_gmt":"2019-12-10T13:31:42","slug":"etiyopya-basbakani-nobel-baris-odulunu-aldi","status":"publish","type":"post","link":"http:\/\/www.tvturk.com\/index.php\/etiyopya-basbakani-nobel-baris-odulunu-aldi\/","title":{"rendered":"Etiyopya Ba\u015fbakan\u0131 Nobel Bar\u0131\u015f \u00d6d\u00fcl\u00fc\u2019n\u00fc ald\u0131"},"content":{"rendered":"<p>Etiyopya ve Erite halklar\u0131n\u0131n bar\u0131\u015f\u0131 i\u00e7in yapt\u0131klar\u0131ndan dolay\u0131 2019 Nobel Bar\u0131\u015f \u00d6d\u00fcl\u00fc verilen Etiyopya Ba\u015fbakan\u0131 Abiy Ahmed Ali, \u00f6d\u00fcl\u00fcn\u00fc Norve\u00e7\u2019in ba\u015fkenti Oslo\u2019da d\u00fczenlenen t\u00f6renle ald\u0131.<\/p>\n<p>2019 y\u0131l\u0131 Nobel Bar\u0131\u015f \u00d6d\u00fcl\u00fc\u2019ne lay\u0131k g\u00f6r\u00fclen Etiyopya Ba\u015fbakan\u0131 Abiy Ahmed Ali, d\u00fczenlenen t\u00f6renle \u00f6d\u00fcl\u00fcn\u00fc Norve\u00e7\u2019in ba\u015fkenti Oslo\u2019da ald\u0131. \u00dclkesi ve Eritre aras\u0131ndaki sava\u015f\u0131n bitmesindeki rol\u00fc nedeniyle Etiyopya Ba\u015fbakan\u0131 Nobel Bar\u0131\u015f \u00d6d\u00fcl\u00fc\u2019ne lay\u0131k g\u00f6r\u00fclm\u00fc\u015ft\u00fc.<\/p>\n<p>Eritre ile Etiyopya aras\u0131nda 1998-2000 y\u0131llar\u0131 aras\u0131nda s\u0131n\u0131r anla\u015fmazl\u0131klar\u0131ndan dolay\u0131 ya\u015fanan s\u0131n\u0131r sava\u015flar\u0131nda iki halk\u0131n bar\u0131\u015f\u0131 i\u00e7in yapt\u0131klar\u0131ndan dolay\u0131 Nobel Bar\u0131\u015f \u00d6d\u00fcl\u00fc alan Etiyopya Ba\u015fbakan\u0131, iki \u00fclke aras\u0131ndaki ikili ili\u015fkilerin geli\u015fmesinde de rol oynam\u0131\u015ft\u0131.<\/p>\n<p>\u00d6te yandan Kosova D\u0131\u015fi\u015fleri Bakan\u0131 Behgjet Pacolli, 2019 Nobel Edebiyat \u00d6d\u00fcl\u00fc\u2019n\u00fcn Srebrenitsa soyk\u0131r\u0131m\u0131n\u0131 inkar eden ve S\u0131rp sava\u015f su\u00e7lular\u0131n\u0131 savunan Peter Handke\u2019ye verilmesi gerek\u00e7esiyle 10 Aral\u0131k\u2019taki \u00f6d\u00fcl t\u00f6renine kat\u0131lmayacaklar\u0131n\u0131 a\u00e7\u0131klam\u0131\u015ft\u0131.<\/p>\n<p>Nobel Komitesi, edebiyat \u00f6d\u00fcl\u00fcn\u00fcn Avusturyal\u0131 yazar Peter Handke\u2019ye verilmesi, \u201cBalkan Kasab\u0131\u201d olarak bilinen Slobodan Milosevi\u00e7\u2019e destek vermesi nedeniyle yo\u011fun ele\u015ftirilere maruz kalm\u0131\u015ft\u0131. Eski S\u0131rbistan Devlet Ba\u015fkan\u0131 Slobodan Milosevi\u00e7, Lahey\u2019deki uluslararas\u0131 mahkemede sava\u015f su\u00e7lar\u0131ndan ve soyk\u0131r\u0131mdan yarg\u0131land\u0131\u011f\u0131 s\u0131rada hayat\u0131n\u0131 kaybetmi\u015fti.<\/p>\n","protected":false},"excerpt":{"rendered":"<p>ET\u0130YOPYA BA\u015eBAKANI NOBEL BARI\u015e \u00d6D\u00dcL\u00dc\u2019N\u00dc ALDI<\/p>\n","protected":false},"author":1,"featured_media":240257,"comment_status":"closed","ping_status":"open","sticky":false,"template":"","format":"standard","meta":{"jetpack_post_was_ever_published":false,"_jetpack_newsletter_access":"","_jetpack_dont_email_post_to_subs":false,"_jetpack_newsletter_tier_id":0,"_jetpack_memberships_contains_paywalled_content":false,"_jetpack_memberships_contains_paid_content":false,"footnotes":"","jetpack_publicize_message":"","jetpack_publicize_feature_enabled":true,"jetpack_social_post_already_shared":true,"jetpack_social_options":{"image_generator_settings":{"template":"highway","default_image_id":0,"font":"","enabled":false},"version":2}},"categories":[10],"tags":[1075,4256,651,22991,48854,7247],"class_list":["post-240256","post","type-post","status-publish","format-standard","has-post-thumbnail","hentry","category-dunya","tag-aldi","tag-baris","tag-basbakani","tag-etiyopya","tag-nobel","tag-odulunu"],"jetpack_publicize_connections":[],"jetpack_featured_media_url":"https:\/\/i0.wp.com\/www.tvturk.com\/wp-content\/uploads\/2019\/12\/etiyopya-basbakani-nobel-baris-odulunu-aldi_ac07593.jpg?fit=960%2C730","jetpack_sharing_enabled":true,"jetpack_shortlink":"https:\/\/wp.me\/paKIfm-10v6","_links":{"self":[{"href":"http:\/\/www.tvturk.com\/index.php\/wp-json\/wp\/v2\/posts\/240256","targetHints":{"allow":["GET"]}}],"collection":[{"href":"http:\/\/www.tvturk.com\/index.php\/wp-json\/wp\/v2\/posts"}],"about":[{"href":"http:\/\/www.tvturk.com\/index.php\/wp-json\/wp\/v2\/types\/post"}],"author":[{"embeddable":true,"href":"http:\/\/www.tvturk.com\/index.php\/wp-json\/wp\/v2\/users\/1"}],"replies":[{"embeddable":true,"href":"http:\/\/www.tvturk.com\/index.php\/wp-json\/wp\/v2\/comments?post=240256"}],"version-history":[{"count":0,"href":"http:\/\/www.tvturk.com\/index.php\/wp-json\/wp\/v2\/posts\/240256\/revisions"}],"wp:featuredmedia":[{"embeddable":true,"href":"http:\/\/www.tvturk.com\/index.php\/wp-json\/wp\/v2\/media\/240257"}],"wp:attachment":[{"href":"http:\/\/www.tvturk.com\/index.php\/wp-json\/wp\/v2\/media?parent=240256"}],"wp:term":[{"taxonomy":"category","embeddable":true,"href":"http:\/\/www.tvturk.com\/index.php\/wp-json\/wp\/v2\/categories?post=240256"},{"taxonomy":"post_tag","embeddable":true,"href":"http:\/\/www.tvturk.com\/index.php\/wp-json\/wp\/v2\/tags?post=240256"}],"curies":[{"name":"wp","href":"https:\/\/api.w.org\/{rel}","templated":true}]}}