{"id":240489,"date":"2019-12-21T11:47:32","date_gmt":"2019-12-21T08:47:32","guid":{"rendered":"http:\/\/www.tvturk.com\/?p=240489"},"modified":"2020-01-21T14:53:01","modified_gmt":"2020-01-21T11:53:01","slug":"cinsiyet-mi-insan-esitsizligi-mi","status":"publish","type":"post","link":"http:\/\/www.tvturk.com\/index.php\/cinsiyet-mi-insan-esitsizligi-mi\/","title":{"rendered":"C\u0130NS\u0130YET M\u0130, \u0130NSAN E\u015e\u0130TS\u0130ZL\u0130\u011e\u0130 M\u0130?"},"content":{"rendered":"\n<p>T\u00fcrkiye cinsiyet e\u015fitsizli\u011finde 189 \u00fclke aras\u0131nda 59&#8217;ncu olmu\u015f. Buna \u015fa\u015f\u0131rd\u0131n\u0131z m\u0131? Do\u011frusunu s\u00f6ylemek gerekirse ben \u015fa\u015f\u0131rd\u0131m. \u00c7\u00fcnk\u00fc T\u00fcrkiye&#8217;ye demek istemiyorum ama, T\u00fcrk insan\u0131na daha \u00fcst s\u0131ralar yak\u0131\u015f\u0131r! Ben kad\u0131n ve erke\u011fin e\u015fit olmad\u0131\u011f\u0131na inananlardan\u0131m zaten. \u00c7\u00fcnk\u00fc bu ay\u0131r\u0131m\u0131 \u00e7ok sa\u00e7ma buluyorum. \u0130ki erkek \u00e7ocuk yeti\u015ftiren bir anne olarak k\u0131z ve erkek aras\u0131nda daha do\u011fu\u015ftan getirilen farkl\u0131l\u0131klar\u0131 g\u00f6ren ve bunu kabul eden biriyim. Her iki cins fiziksel olarak birbirinden \u00e7ok farkl\u0131 bir kere. Sonra d\u00fc\u015f\u00fcnce yap\u0131lar\u0131n\u0131 s\u00f6ylemeye bile gerek yok. Bu noktaya da bir parantez a\u00e7mak gerek: Biz gibi ya da ben gibi demeliyim buraya. Yani \u00e7ocuk yeti\u015ftirmeyi \u00f6nemseyen, gelece\u011fin yeti\u015fkinini b\u00fcy\u00fctt\u00fc\u011f\u00fcne inanarak bu bilin\u00e7le sorumlulu\u011fu tam manas\u0131 ile \u00fcstlenen kad\u0131nlar&#8230; \u0130ki cins aras\u0131ndaki d\u00fc\u015f\u00fcnce fark\u0131ndan bahsediyordum&#8230; Erkek kafas\u0131nda bir d\u00fc\u015f\u00fcnceye odaklan\u0131rken kad\u0131n, \u00e7ocu\u011funu, evini, i\u015fini, a\u015f\u0131n\u0131, marketini anl\u0131k d\u00fc\u015f\u00fcncesinin i\u00e7ine s\u0131k\u0131\u015ft\u0131r\u0131r. Sonras\u0131nda d\u00fcz d\u00fc\u015f\u00fcnen erkekler, dolamba\u00e7l\u0131 d\u00fc\u015f\u00fcnen kad\u0131nlar olur konu.<\/p>\n\n\n\n<p>T\u00fcrkiye \u00fcz\u00fclecekse bu s\u0131ralamada \u00fcst s\u0131ralara ta\u015f\u0131nmas\u0131na de\u011fil de insanl\u0131\u011fa yak\u0131\u015fmayan davran\u0131\u015flar\u0131n\u0131n artmas\u0131na \u00fcz\u00fclmelidir. \u00c7\u00fcnk\u00fc cinsiyet ayr\u0131m\u0131ndan \u00e7ok kad\u0131n\u0131n ezilmesinden bahsetmek, bu soruna ivedikle \u00e7\u00f6z\u00fcm \u00fcretmek gerekir. \u00c7ocuk\/Kad\u0131n istismarlar\u0131, kad\u0131nlara uygulanan \u015fiddet, kad\u0131n cinayetleri bu manzaray\u0131 apac\u0131k ortaya seriyor. Bu ayr\u0131m insan\u0131n kendine de\u011fer vermesi, kar\u015f\u0131s\u0131ndakine de\u011fer vermesi ve kar\u015f\u0131s\u0131ndaki ile empati kurmas\u0131 ile ilgilidir ki; bu insanl\u0131\u011f\u0131n temel do\u011fas\u0131n\u0131 olu\u015fturur. <\/p>\n\n\n\n<p>T\u00fcrkiye&#8217;de insan\u0131 ilgilendiren bir ayr\u0131mdan s\u00f6z edeceksek olursak onun ad\u0131, &#8220;kad\u0131n erkek de\u011fil de insan ayr\u0131m\u0131&#8221; olarak telaffuz edilmeli. T\u00fcrkiye&#8217;de insana &#8220;insan&#8221; de\u011feri verilmemektedir.  Son d\u00f6nemlerde ekonomik s\u0131k\u0131nt\u0131lar\u0131n insanlar\u0131 s\u00fcr\u00fckledi\u011fi intihar vak&#8217;alar\u0131 asl\u0131nda bu ger\u00e7e\u011fi g\u00f6zler \u00f6n\u00fcne seriyor? Her iki konuyu nas\u0131l ba\u011fda\u015ft\u0131rd\u0131\u011f\u0131m\u0131 d\u00fc\u015f\u00fcn\u00fcyorsan\u0131z, az\u0131c\u0131k sab\u0131rl\u0131 olup okumaya devam edin. Bakal\u0131m ayn\u0131 fikirde miyiz?<\/p>\n\n\n\n<p>S\u00f6zkonusu ara\u015ft\u0131rmada Ajans Press, \u00f6ncelikle cinsiyet e\u015fitsizli\u011fi ile ilgili haberleri inceledi. Dijital bas\u0131n ar\u015fivinden derlenen bilgilere g\u00f6re cinsiyet e\u015fitsizli\u011fine ili\u015fkin 940 haber tespit edildi. Ajans\u0131n, Birle\u015fmi\u015f Milletler Kalk\u0131nma Program\u0131 (UNDP) verilerinden eide etti\u011fi  bilgilere g\u00f6re; T\u00fcrkiye insani geli\u015fme endeks de\u011ferinde 0,806 alarak 189 \u00fclkeden 59\u2019uncu s\u0131raya yerle\u015fti\u011fi g\u00f6r\u00fcld\u00fc. Ayn\u0131 raporun cinsiyet e\u015fitsizli\u011fi endeksine bak\u0131ld\u0131\u011f\u0131nda da T\u00fcrkiye\u2019nin ge\u00e7en y\u0131l 0,305\u2019lik de\u011ferle 162 \u00fclkeden 66\u2019nc\u0131 s\u0131raya yerle\u015fti\u011fi kaydedildi. Bu k\u0131r\u0131l\u0131m \u00fcreme sa\u011fl\u0131\u011f\u0131, kad\u0131n\u0131n g\u00fc\u00e7lendirilmesi ve ekonomik faaliyetler alanlar\u0131nda cinsiyete dayal\u0131 e\u015fitsizliklere ili\u015fkin bulgular baz al\u0131narak haz\u0131rland\u0131.<\/p>\n\n\n\n<p>Bu ara\u015ft\u0131rma geni\u015f sorgulama parametrelerine dayand\u0131r\u0131lmasa da \u00f6nemlidir. En az\u0131ndan istatistiki bir rakam veriyor.<\/p>\n\n\n\n<p>Ama s\u00f6yledim ya bizim \u00fclkemiz i\u00e7in konu, &#8220;kad\u0131n-erkek&#8221; de\u011fil, &#8220;insan&#8221; ayr\u0131m\u0131. Son d\u00f6nemlerde T\u00fcrkiye&#8217;nin ekonomik anlamda ya\u015fad\u0131\u011f\u0131, \u015firketlerin batt\u0131\u011f\u0131, holdinglerin yabanc\u0131 sermayeye ba\u015fvurmak zorunda kald\u0131\u011f\u0131, dar gelirlinin daha da hissetti\u011fi s\u0131k\u0131nt\u0131lar nedeni ile intihar vak&#8217;alar\u0131 artt\u0131. Kimi geride b\u0131rakt\u0131\u011f\u0131 \u00e7ocu\u011funa not yazd\u0131, kimi bor\u00e7lar\u0131n\u0131 kalem kalem yazarak hayat\u0131ndan vazge\u00e7meyi se\u00e7ti. Nas\u0131l bir \u00e7\u0131kmaz\u0131n i\u00e7ine sokuluyoruz?<\/p>\n\n\n\n<p>Adam\/Kad\u0131n \u00fc\u00e7 kuru\u015f i\u00e7in intihar ederken, milletin g\u00f6z\u00fcn\u00fcn i\u00e7ine soka soka birileri milyonlarca dolar bor\u00e7lar\u0131ndan kurtar\u0131l\u0131yor! Hem de var\u0131yla yo\u011fu ile devlet bankalar\u0131 u\u011fra\u015f\u0131yor. Devlet bankalar\u0131 i\u00e7in bankac\u0131l\u0131k mevzuat\u0131nda bir madde var. Buna g\u00f6re, devlet bankas\u0131nda hazinenin korunmas\u0131 esas. Yani vatanda\u015f\u0131n bir borcu s\u00f6zkonusu oldu\u011funda hazineyi zarara u\u011fratmamak i\u00e7in korunacak olan vatanda\u015f de\u011fil, hazine oluyor. \u015eimdi bak\u0131nca Simit Saray\u0131 konusuna korunan hazine mi, Simit Saray\u0131 m\u0131 oluyor?<\/p>\n\n\n\n<p>Devlet bankalar\u0131 hazinenin korunmas\u0131 esas\u0131 ile \u00fc\u00e7 kuru\u015f bor\u00e7 i\u00e7in vatanda\u015f\u0131n g\u0131rtla\u011f\u0131na sar\u0131l\u0131rken, Ziraat Bankas\u0131&#8217;n\u0131n giri\u015fim sermayesi \u015firketinin Simit Saray\u0131n\u0131 alma \u00e7abalas\u0131 ne anlama geliyor? Bal\u0131k ba\u015ftan m\u0131 kokuyor? Yoksa Cumhurba\u015fkan\u0131 Erdo\u011fan&#8217;\u0131n Cenevre&#8217;de gazeteciler ile bulu\u015fmas\u0131nda Ahmet Hakan&#8217;\u0131n Simit Saray\u0131&#8217;n\u0131n kurtar\u0131lma senaryolar\u0131na ili\u015fkin sordu\u011fu soruya verdi\u011fi cevapta,&#8221;benim bunu tasvip etmem m\u00fcmk\u00fcn de\u011fil&#8221; demesi iyiye mi i\u015faret. Yani bu konu ger\u00e7ek de\u011fil ve &#8220;insan&#8221; ayr\u0131m\u0131 yap\u0131lm\u0131yor.<\/p>\n\n\n\n<p>A\u00e7\u0131kcas\u0131 insan ayr\u0131m\u0131 yap\u0131lmad\u0131\u011f\u0131na inanmak, Erdo\u011fan&#8217;\u0131n yapt\u0131\u011f\u0131 a\u00e7\u0131klamaya inanmak i\u00e7in benim samimiyeti g\u00f6rmeye ihtiyac\u0131m var. Peki ya sizin?<\/p>\n","protected":false},"excerpt":{"rendered":"<p>T\u00fcrkiye cinsiyet e\u015fitsizli\u011finde 189 \u00fclke aras\u0131nda 59&#8217;ncu olmu\u015f. Buna \u015fa\u015f\u0131rd\u0131n\u0131z m\u0131? Do\u011frusunu s\u00f6ylemek gerekirse ben \u015fa\u015f\u0131rd\u0131m. \u00c7\u00fcnk\u00fc T\u00fcrkiye&#8217;ye demek istemiyorum ama, T\u00fcrk insan\u0131na daha \u00fcst s\u0131ralar yak\u0131\u015f\u0131r! Ben kad\u0131n ve erke\u011fin e\u015fit olmad\u0131\u011f\u0131na inananlardan\u0131m zaten. \u00c7\u00fcnk\u00fc bu ay\u0131r\u0131m\u0131 \u00e7ok sa\u00e7ma buluyorum. \u0130ki erkek \u00e7ocuk yeti\u015ftiren bir anne olarak k\u0131z ve erkek aras\u0131nda daha do\u011fu\u015ftan getirilen [&hellip;]<\/p>\n","protected":false},"author":3,"featured_media":245220,"comment_status":"closed","ping_status":"open","sticky":false,"template":"","format":"standard","meta":{"jetpack_post_was_ever_published":false,"_jetpack_newsletter_access":"","_jetpack_dont_email_post_to_subs":false,"_jetpack_newsletter_tier_id":0,"_jetpack_memberships_contains_paywalled_content":false,"_jetpack_memberships_contains_paid_content":false,"footnotes":"","jetpack_publicize_message":"","jetpack_publicize_feature_enabled":true,"jetpack_social_post_already_shared":true,"jetpack_social_options":{"image_generator_settings":{"template":"highway","default_image_id":0,"font":"","enabled":false},"version":2}},"categories":[5,646],"tags":[61062,61064,61061,61066,16402,38349],"class_list":["post-240489","post","type-post","status-publish","format-standard","has-post-thumbnail","hentry","category-gundem","category-kose-yazilari","tag-ajans-press","tag-birlesmis-milletler","tag-kadin-erkek-ayrimi","tag-mit-sarayi","tag-samimiyet","tag-undp"],"jetpack_publicize_connections":[],"jetpack_featured_media_url":"https:\/\/i0.wp.com\/www.tvturk.com\/wp-content\/uploads\/2019\/12\/kad%C4%B1n-erkek.jpg?fit=273%2C185","jetpack_sharing_enabled":true,"jetpack_shortlink":"https:\/\/wp.me\/paKIfm-10yR","_links":{"self":[{"href":"http:\/\/www.tvturk.com\/index.php\/wp-json\/wp\/v2\/posts\/240489","targetHints":{"allow":["GET"]}}],"collection":[{"href":"http:\/\/www.tvturk.com\/index.php\/wp-json\/wp\/v2\/posts"}],"about":[{"href":"http:\/\/www.tvturk.com\/index.php\/wp-json\/wp\/v2\/types\/post"}],"author":[{"embeddable":true,"href":"http:\/\/www.tvturk.com\/index.php\/wp-json\/wp\/v2\/users\/3"}],"replies":[{"embeddable":true,"href":"http:\/\/www.tvturk.com\/index.php\/wp-json\/wp\/v2\/comments?post=240489"}],"version-history":[{"count":1,"href":"http:\/\/www.tvturk.com\/index.php\/wp-json\/wp\/v2\/posts\/240489\/revisions"}],"predecessor-version":[{"id":245223,"href":"http:\/\/www.tvturk.com\/index.php\/wp-json\/wp\/v2\/posts\/240489\/revisions\/245223"}],"wp:featuredmedia":[{"embeddable":true,"href":"http:\/\/www.tvturk.com\/index.php\/wp-json\/wp\/v2\/media\/245220"}],"wp:attachment":[{"href":"http:\/\/www.tvturk.com\/index.php\/wp-json\/wp\/v2\/media?parent=240489"}],"wp:term":[{"taxonomy":"category","embeddable":true,"href":"http:\/\/www.tvturk.com\/index.php\/wp-json\/wp\/v2\/categories?post=240489"},{"taxonomy":"post_tag","embeddable":true,"href":"http:\/\/www.tvturk.com\/index.php\/wp-json\/wp\/v2\/tags?post=240489"}],"curies":[{"name":"wp","href":"https:\/\/api.w.org\/{rel}","templated":true}]}}