{"id":240857,"date":"2019-12-11T16:32:29","date_gmt":"2019-12-11T13:32:29","guid":{"rendered":"http:\/\/www.tvturk.com\/index.php\/irakli-turkmenler-turk-urunlerini-boykot-etmek-cozum-degil\/"},"modified":"2019-12-11T16:32:29","modified_gmt":"2019-12-11T13:32:29","slug":"irakli-turkmenler-turk-urunlerini-boykot-etmek-cozum-degil","status":"publish","type":"post","link":"http:\/\/www.tvturk.com\/index.php\/irakli-turkmenler-turk-urunlerini-boykot-etmek-cozum-degil\/","title":{"rendered":"Irakl\u0131 T\u00fcrkmenler: &#8220;T\u00fcrk \u00fcr\u00fcnlerini boykot etmek \u00e7\u00f6z\u00fcm de\u011fil&#8221;"},"content":{"rendered":"<p>Duhoklu T\u00fcrkmen Fatihi Mahmood Ismael, T\u00fcrk \u00fcr\u00fcnlerini boykot etmenin \u00e7\u00f6z\u00fcm olmad\u0131\u011f\u0131n\u0131 s\u00f6yledi.<\/p>\n<p>Irak\u2019ta Ba\u015fbakan\u0131n istifas\u0131na kadar giden protestolara Irak T\u00fcrkmenlerinden destek gelirken T\u00fcrkmenler; K\u00fcrt b\u00f6lgesinde T\u00fcrk mal\u0131 men\u015feli \u00fcr\u00fcnlere boykot taraftar\u0131 olmad\u0131klar\u0131n\u0131 a\u00e7\u0131klad\u0131. T\u00fcrkmen olan Duhok \u0130l Konsey \u00dcyesi Fatihi Mahmood Ismael, \u00f6zelde b\u00f6lgede genelde \u00fclkede hizmet veren T\u00fcrkiye k\u00f6kenli firmalar\u0131n, binlerce ki\u015fiyi istihdam etti\u011fini hat\u0131rlatt\u0131. Ismael, &#8220;Evlerimizde i\u015f yerlerimizde in\u015faatlarda \u00f6zetle t\u00fcm ya\u015fam alanlar\u0131m\u0131zda kullanm\u0131\u015f oldu\u011fumuz \u00fcr\u00fcnlerin y\u00fczde 70\u2019inden fazlas\u0131 T\u00fcrk men\u015feli veya en yak\u0131n kom\u015fumuz olan T\u00fcrkiye \u00fczerinden \u00fclkemize giri\u015fi olmaktad\u0131r. Bu nedenle ciddi anlamda bir boykot, yine bize olumsuz olarak yans\u0131yabilir. Kesinlikle boykotun \u00e7\u00f6z\u00fcm olmayaca\u011f\u0131 kan\u0131s\u0131nday\u0131m. Biz T\u00fcrkmenler, daha evvel T\u00fcrkiye ve ABD aras\u0131nda Suriye\u2019nin kuzeydo\u011fusu i\u00e7in var\u0131lan mutabakata ili\u015fkin, gerginli\u011fi azaltmak ve sivilleri korumaya y\u00f6nelik her t\u00fcrl\u00fc \u00e7abay\u0131 memnuniyetle kar\u015f\u0131lam\u0131\u015f b\u00f6lgemize huzurun ve istikrar\u0131n hakim olmas\u0131 i\u00e7in at\u0131lan her ad\u0131m\u0131n yan\u0131nda oldu\u011fumuzu ifade etmi\u015ftik ve her zaman da b\u00f6yle d\u00fc\u015f\u00fcn\u00fcp b\u00f6yle hareket etmeye devam edece\u011fiz. Kuzeydo\u011fu Suriye konusu askeri ve siyasi oldu\u011fu i\u00e7in bunun \u00e7\u00f6z\u00fcm\u00fc boykot ile de\u011fil g\u00f6r\u00fc\u015fmeler ile \u00e7\u00f6z\u00fclebilir&#8221; dedi.<\/p>\n<p>Irak\u2019\u0131n g\u00fcney illerinde aylard\u0131r s\u00fcren protestolar hakk\u0131nda da d\u00fc\u015f\u00fcncelerini ifade eden Fatihi Mahmood Ismael, \u015f\u00f6yle konu\u015ftu:<\/p>\n<p>&#8220;Malum, \u00fclkemizin g\u00fcney illerindeki aylard\u0131r s\u00fcren protestolar var ve hakl\u0131 gerek\u00e7eler ile mitingler d\u00fczenleniyor. Bizler Irak T\u00fcrkmenleri olarak bu hakl\u0131 protestolar\u0131n da yan\u0131nda oldu\u011fumuzu ifade etmek isterim. Sivil toplum \u00f6rg\u00fctlerimiz de bu konu da d\u00fcn gerekli a\u00e7\u0131klamalar\u0131 yaparak yasal olarak ger\u00e7ekle\u015fen protestocular\u0131n yan\u0131nda olduklar\u0131n\u0131 deklere ettiler. Kald\u0131 ki hakl\u0131 gerek\u00e7elerimiz olup bizlerin boykot edebilmesi i\u00e7in d\u0131\u015far\u0131dan m\u00fcdahalelerle kolay bir \u015fekilde etkilenmeyen g\u00fc\u00e7l\u00fc bir ekonomiye sahip olmam\u0131z gerek ve bunun da ger\u00e7ekle\u015fmesi i\u00e7in \u00fcreten Irak vizyonunun bir an evvel hayata ge\u00e7irilmesi gerekiyor. Temennimiz bu co\u011frafyaya huzurun ve bar\u0131\u015f\u0131n hakim olmas\u0131d\u0131r ve de son olarak \u015funu tekrarlamak isterim ki T\u00fcrk men\u015feli \u00fcr\u00fcnleri boykot etmek bizlere zarardan ba\u015fka bir \u015fey kalmayaca\u011f\u0131 gibi \u00e7\u00f6z\u00fcmde olmayacakt\u0131r.&#8221;<\/p>\n","protected":false},"excerpt":{"rendered":"<p>DUHOKLU T\u00dcRKMEN FAT\u0130H\u0130 MAHMOOD ISMAEL, T\u00dcRK \u00dcR\u00dcNLER\u0130N\u0130 BOYKOT ETMEN\u0130N \u00c7\u00d6Z\u00dcM OLMADI\u011eINI S\u00d6YLED\u0130.<\/p>\n","protected":false},"author":1,"featured_media":240858,"comment_status":"closed","ping_status":"open","sticky":false,"template":"","format":"standard","meta":{"jetpack_post_was_ever_published":false,"_jetpack_newsletter_access":"","_jetpack_dont_email_post_to_subs":false,"_jetpack_newsletter_tier_id":0,"_jetpack_memberships_contains_paywalled_content":false,"_jetpack_memberships_contains_paid_content":false,"footnotes":"","jetpack_publicize_message":"","jetpack_publicize_feature_enabled":true,"jetpack_social_post_already_shared":true,"jetpack_social_options":{"image_generator_settings":{"template":"highway","default_image_id":0,"font":"","enabled":false},"version":2}},"categories":[1],"tags":[28898,420,2039,1737,6065,957,9686,8791],"class_list":["post-240857","post","type-post","status-publish","format-standard","has-post-thumbnail","hentry","category-genel","tag-boykot","tag-cozum","tag-degil","tag-etmek","tag-irakli","tag-turk","tag-turkmenler","tag-urunlerini"],"jetpack_publicize_connections":[],"jetpack_featured_media_url":"https:\/\/i0.wp.com\/www.tvturk.com\/wp-content\/uploads\/2019\/12\/irakli-turkmenler-turk-urunlerini-boykot-etmek-cozum-degil_0bc60ac.jpg?fit=1000%2C750","jetpack_sharing_enabled":true,"jetpack_shortlink":"https:\/\/wp.me\/paKIfm-10EN","_links":{"self":[{"href":"http:\/\/www.tvturk.com\/index.php\/wp-json\/wp\/v2\/posts\/240857","targetHints":{"allow":["GET"]}}],"collection":[{"href":"http:\/\/www.tvturk.com\/index.php\/wp-json\/wp\/v2\/posts"}],"about":[{"href":"http:\/\/www.tvturk.com\/index.php\/wp-json\/wp\/v2\/types\/post"}],"author":[{"embeddable":true,"href":"http:\/\/www.tvturk.com\/index.php\/wp-json\/wp\/v2\/users\/1"}],"replies":[{"embeddable":true,"href":"http:\/\/www.tvturk.com\/index.php\/wp-json\/wp\/v2\/comments?post=240857"}],"version-history":[{"count":0,"href":"http:\/\/www.tvturk.com\/index.php\/wp-json\/wp\/v2\/posts\/240857\/revisions"}],"wp:featuredmedia":[{"embeddable":true,"href":"http:\/\/www.tvturk.com\/index.php\/wp-json\/wp\/v2\/media\/240858"}],"wp:attachment":[{"href":"http:\/\/www.tvturk.com\/index.php\/wp-json\/wp\/v2\/media?parent=240857"}],"wp:term":[{"taxonomy":"category","embeddable":true,"href":"http:\/\/www.tvturk.com\/index.php\/wp-json\/wp\/v2\/categories?post=240857"},{"taxonomy":"post_tag","embeddable":true,"href":"http:\/\/www.tvturk.com\/index.php\/wp-json\/wp\/v2\/tags?post=240857"}],"curies":[{"name":"wp","href":"https:\/\/api.w.org\/{rel}","templated":true}]}}