{"id":240875,"date":"2019-12-11T17:02:38","date_gmt":"2019-12-11T14:02:38","guid":{"rendered":"http:\/\/www.tvturk.com\/index.php\/toplumsal-cinsiyet-esitligi-ve-kadin-haklari-soylesisi-maltepede-duzenlendi\/"},"modified":"2019-12-11T17:02:38","modified_gmt":"2019-12-11T14:02:38","slug":"toplumsal-cinsiyet-esitligi-ve-kadin-haklari-soylesisi-maltepede-duzenlendi","status":"publish","type":"post","link":"http:\/\/www.tvturk.com\/index.php\/toplumsal-cinsiyet-esitligi-ve-kadin-haklari-soylesisi-maltepede-duzenlendi\/","title":{"rendered":"\u201cToplumsal Cinsiyet E\u015fitli\u011fi ve Kad\u0131n Haklar\u0131\u201d s\u00f6yle\u015fisi Maltepe\u2019de d\u00fczenlendi"},"content":{"rendered":"<p>Maltepe\u2019de 5 Aral\u0131k Kad\u0131n Haklar\u0131 G\u00fcn\u00fc sebebiyle \u201cToplumsal Cinsiyet E\u015fitli\u011fi ve Kad\u0131n Haklar\u0131\u201d adl\u0131 bir s\u00f6yle\u015fi d\u00fczenlendi. Prof. Dr. Feride Acar, kat\u0131l\u0131mc\u0131lara kad\u0131n haklar\u0131 ve cinsiyet e\u015fitli\u011fi konular\u0131nda bilgiler aktard\u0131.<\/p>\n<p>5 Aral\u0131k D\u00fcnya Kad\u0131n Haklar\u0131 G\u00fcn\u00fc sebebiyle Maltepe \u00dcniversitesi \u201cToplumsal Cinsiyet E\u015fitli\u011fi ve Kad\u0131n Haklar\u0131\u201d adl\u0131 bir dizi s\u00f6yleyi\u015fi ger\u00e7ekle\u015ftirdi. Kad\u0131n ve Aile \u00c7al\u0131\u015fmalar\u0131 Uygulama ve Ara\u015ft\u0131rma Merkezi taraf\u0131ndan d\u00fczenlenen etkinli\u011fe konu\u015fmac\u0131 olarak Prof. Dr. Feride Acar kat\u0131ld\u0131. S\u00f6yle\u015finin ger\u00e7ekle\u015fti\u011fi etkinlikte Maltepe \u00dcniversitesi \u00f6\u011frencilerine konu\u015fan Prof. Dr. Feride Acar, toplumsal cinsiyet e\u015fitli\u011fi ve kad\u0131n haklar\u0131 konusunda konu\u015fma ger\u00e7ekle\u015ftirdi.<\/p>\n<p>S\u00f6yle\u015fi \u00f6ncesi a\u00e7\u0131klamalarda bulunan Prof. Dr. Feride Acar, kad\u0131nlara kar\u015f\u0131 ayr\u0131mc\u0131l\u0131k ve \u015fiddet konular\u0131ndaki geli\u015fmeleri, uluslararas\u0131 normlar\u0131 ve T\u00fcrkiye\u2019nin uluslararas\u0131 normlara kar\u015f\u0131 bulundu\u011fu durumu anlatan bir konu\u015fma yapaca\u011f\u0131n\u0131 belirtti. Acar, \u201c Bu t\u00fcr konular\u0131n i\u00e7inde ya\u015fad\u0131\u011f\u0131m\u0131z g\u00fcnlerde \u00e7ok \u00f6nemli oldu\u011funu d\u00fc\u015f\u00fcn\u00fcyorum. Kad\u0131nlara y\u00f6nelik \u015fiddet meselesi her g\u00fcn bas\u0131nda ve gazetelerde g\u00f6rd\u00fc\u011f\u00fcm\u00fcz gibi T\u00fcrkiye a\u00e7\u0131s\u0131ndan can yakan bir noktada. Di\u011fer taraftan bug\u00fcn konu\u015fmada bahsedece\u011fim Birle\u015fmi\u015f Milletler S\u00f6zle\u015fmesi, kad\u0131nlara kar\u015f\u0131 ayr\u0131mc\u0131l\u0131\u011f\u0131n kald\u0131r\u0131lmas\u0131 s\u00f6zle\u015fmesi ve de \u0130stanbul S\u00f6zle\u015fmesi olarak an\u0131lan Avrupa S\u00f6zle\u015fmesi her ikisi de T\u00fcrkiye Cumhuriyeti\u2019nin onaylad\u0131\u011f\u0131 birer belgedir. Dolay\u0131s\u0131yla buradaki gen\u00e7 toplumun devletimizin onaylad\u0131\u011f\u0131 belgelerde ne dendi\u011fini bilmede \u00e7ok yarar var. Bu da \u00fcmit ediyorum buna hizmet edecek bir etkinlik olacak\u201d dedi.<\/p>\n","protected":false},"excerpt":{"rendered":"<p>MALTEPE\u2019DE 5 ARALIK KADIN HAKLARI G\u00dcN\u00dc DOLAYISIYLA \u201cTOPLUMSAL C\u0130NS\u0130YET E\u015e\u0130TL\u0130\u011e\u0130 VE KADIN HAKLARI\u201d S\u00d6YLE\u015e\u0130S\u0130 D\u00dcZENLEND\u0130.<\/p>\n","protected":false},"author":1,"featured_media":240876,"comment_status":"closed","ping_status":"open","sticky":false,"template":"","format":"standard","meta":{"jetpack_post_was_ever_published":false,"_jetpack_newsletter_access":"","_jetpack_dont_email_post_to_subs":false,"_jetpack_newsletter_tier_id":0,"_jetpack_memberships_contains_paywalled_content":false,"_jetpack_memberships_contains_paid_content":false,"footnotes":"","jetpack_publicize_message":"","jetpack_publicize_feature_enabled":true,"jetpack_social_post_already_shared":true,"jetpack_social_options":{"image_generator_settings":{"template":"highway","default_image_id":0,"font":"","enabled":false},"version":2}},"categories":[1],"tags":[12098,25248,2202,19031,271,108,4252,22774],"class_list":["post-240875","post","type-post","status-publish","format-standard","has-post-thumbnail","hentry","category-genel","tag-toplumsal","tag-cinsiyet","tag-duzenlendi","tag-esitligi","tag-haklari","tag-kadin","tag-maltepede","tag-soylesisi"],"jetpack_publicize_connections":[],"jetpack_featured_media_url":"https:\/\/i0.wp.com\/www.tvturk.com\/wp-content\/uploads\/2019\/12\/toplumsal-cinsiyet-esitligi-ve-kadin-haklari-soylesisi-maltepede-duzenlendi_9bbbf98.jpg?fit=1000%2C750","jetpack_sharing_enabled":true,"jetpack_shortlink":"https:\/\/wp.me\/paKIfm-10F5","_links":{"self":[{"href":"http:\/\/www.tvturk.com\/index.php\/wp-json\/wp\/v2\/posts\/240875","targetHints":{"allow":["GET"]}}],"collection":[{"href":"http:\/\/www.tvturk.com\/index.php\/wp-json\/wp\/v2\/posts"}],"about":[{"href":"http:\/\/www.tvturk.com\/index.php\/wp-json\/wp\/v2\/types\/post"}],"author":[{"embeddable":true,"href":"http:\/\/www.tvturk.com\/index.php\/wp-json\/wp\/v2\/users\/1"}],"replies":[{"embeddable":true,"href":"http:\/\/www.tvturk.com\/index.php\/wp-json\/wp\/v2\/comments?post=240875"}],"version-history":[{"count":0,"href":"http:\/\/www.tvturk.com\/index.php\/wp-json\/wp\/v2\/posts\/240875\/revisions"}],"wp:featuredmedia":[{"embeddable":true,"href":"http:\/\/www.tvturk.com\/index.php\/wp-json\/wp\/v2\/media\/240876"}],"wp:attachment":[{"href":"http:\/\/www.tvturk.com\/index.php\/wp-json\/wp\/v2\/media?parent=240875"}],"wp:term":[{"taxonomy":"category","embeddable":true,"href":"http:\/\/www.tvturk.com\/index.php\/wp-json\/wp\/v2\/categories?post=240875"},{"taxonomy":"post_tag","embeddable":true,"href":"http:\/\/www.tvturk.com\/index.php\/wp-json\/wp\/v2\/tags?post=240875"}],"curies":[{"name":"wp","href":"https:\/\/api.w.org\/{rel}","templated":true}]}}