{"id":240913,"date":"2019-12-11T18:18:01","date_gmt":"2019-12-11T15:18:01","guid":{"rendered":"http:\/\/www.tvturk.com\/index.php\/usak-universitesinde-uluslararasi-ani-para-tasarimlari-sergisi\/"},"modified":"2019-12-11T18:18:01","modified_gmt":"2019-12-11T15:18:01","slug":"usak-universitesinde-uluslararasi-ani-para-tasarimlari-sergisi","status":"publish","type":"post","link":"http:\/\/www.tvturk.com\/index.php\/usak-universitesinde-uluslararasi-ani-para-tasarimlari-sergisi\/","title":{"rendered":"U\u015fak \u00dcniversitesi\u2019nde \u2019Uluslararas\u0131 An\u0131 Para Tasar\u0131mlar\u0131 Sergisi\u2019"},"content":{"rendered":"<p>U\u015fak \u00dcniversitesi\u2019nde d\u00fcnyan\u0131n pek \u00e7ok yerinden tasar\u0131mc\u0131lar ve akademisyenlerin haz\u0131rlad\u0131\u011f\u0131 60 eserin bulundu\u011fu &#8220;Uluslararas\u0131 An\u0131 Para Tasar\u0131mlar\u0131 Sergisi&#8221; a\u00e7\u0131ld\u0131.<\/p>\n<p>Recep Tayyip Erdo\u011fan Kongre ve K\u00fclt\u00fcr Merkezi\u2019nde d\u00fczenlenen serginin k\u00fcrat\u00f6rl\u00fc\u011f\u00fcn\u00fc yapan U\u015fak \u00dcniversitesi Mimarl\u0131k ve Tasar\u0131m Fak\u00fcltesi Dekan\u0131 Prof. Dr. \u0130ncilay Yurdakul sergi a\u00e7\u0131l\u0131\u015f\u0131nda yapt\u0131\u011f\u0131 konu\u015fmada tasar\u0131m ve \u00e7a\u011fda\u015f para tasar\u0131mlar\u0131 hakk\u0131nda bilgi verdi. Yeni bak\u0131\u015f a\u00e7\u0131lar\u0131 ve de\u011fi\u015fen formlar\u0131n grafik tasar\u0131m disiplinini ve ili\u015fkili alanlar\u0131n\u0131 etkiledi\u011fini anlatan Prof. Dr. Yurdakul, &#8220;Tasar\u0131mc\u0131lar \u00fczerine d\u00fc\u015f\u00fcnen kuramc\u0131lar inovasyonda birle\u015fmektedir. \u0130novasyon d\u00fcnyam\u0131z ve insanlar i\u00e7in yeni h\u00fcmanist alanlar a\u00e7maktad\u0131r. Tasar\u0131mc\u0131lar yeni geli\u015fmelerle birlikte t\u00fcm ya\u015fam i\u00e7in \u00e7\u00f6z\u00fcmler \u00fcretmekte ve tasar\u0131m alanlar\u0131n\u0131 yeniden deneyimlemektedir&#8221; dedi.<\/p>\n<p>Prof. Dr. Yurdakul sergide \u00c7in\u2019den \u0130spanya\u2019ya tasar\u0131mc\u0131lar\u0131n ve \u00fclkemizden \u00e7ok say\u0131da \u00fcniversiteden akademisyenin an\u0131 para tasar\u0131mlar\u0131 oldu\u011funu belirterek, \u201cToplam 60 an\u0131 para tasar\u0131m\u0131 sanatseverlerle bulu\u015fuyor. \u00dclkemizin tarihi ve toplumsal de\u011ferleri, \u00f6zellikle U\u015fak kenti k\u00fclt\u00fcrel miras\u0131 ve \u00fclkemizin \u00f6nemli bilim insanlar\u0131 ve sanat\u00e7\u0131lar\u0131 \u2019An\u0131 Para Tasar\u0131mlar\u0131\u2019n\u0131n konusunu olu\u015fturmu\u015ftur. Sergimizin ard\u0131ndan bir sonraki ad\u0131m\u0131m\u0131z U\u015fak \u00dcniversitesi G\u00fczel Sanatlar Fak\u00fcltemizde an\u0131 para tasar\u0131mlar\u0131 konusunda workshop yapmak olacak. Bu s\u00fcre\u00e7te ba\u015fta Rekt\u00f6r\u00fcm\u00fcz Prof. Dr. Ekrem Sava\u015f olmak \u00fczere, \u00fcniversitemiz Mimarl\u0131k ve Tasar\u0131m Fak\u00fcltesi ile G\u00fczel Sanatlar Fak\u00fcltesi olmak \u00fczere, Hacettepe \u00dcniversitesi G\u00fczel Sanatlar Fak\u00fcltesi Grafik B\u00f6l\u00fcm\u00fcndeki \u00f6zverili akademisyenlere ve kat\u0131l\u0131mc\u0131 sanat\u00e7\u0131 ve tasar\u0131mc\u0131lara te\u015fekk\u00fcr ederim\u201d \u015feklinde konu\u015ftu.<\/p>\n<p>\u201cU\u015fak \u00dcniversitesi tasar\u0131mlar\u0131yla ad\u0131ndan s\u00f6z ettiriyor\u201d<\/p>\n<p>U\u015fak \u00dcniversitesi Rekt\u00f6r\u00fc Prof. Dr. Ekrem Sava\u015f, U\u015fak \u00dcniversitesi\u2019nin tasar\u0131m konusunda ulusal ve uluslararas\u0131 mecralarda ad\u0131ndan s\u00f6z ettirdi\u011fine dikkat \u00e7ekti. Ekonomik kalk\u0131nman\u0131n en \u00f6nemli unsurlar\u0131ndan birinin tasar\u0131m oldu\u011funu vurgulayan Rekt\u00f6r Prof. Dr. Sava\u015f, &#8220;Biz U\u015fak \u00dcniversitesi olarak 2018 y\u0131l\u0131ndan tasar\u0131m\u0131n \u00fczerine yo\u011funla\u015fma karar\u0131 ald\u0131k ve U\u015fak \u00dcniversitesi DTS Tasar\u0131m Merkezini a\u00e7t\u0131k. A\u00e7\u0131ld\u0131\u011f\u0131 g\u00fcnden bu yana ciddi anlamda katk\u0131lar\u0131 olan bir tasar\u0131m merkezi oldu. T\u00fcrkiye\u2019de ve d\u00fcnyan\u0131n \u00e7e\u015fitli yerlerinde tasarlad\u0131\u011f\u0131m\u0131z \u00fcr\u00fcnlerimizi tan\u0131t\u0131yoruz. Bir\u00e7ok firma ile anla\u015fmalar\u0131m\u0131z var. Arkada\u015flar\u0131m\u0131z\u0131n yapt\u0131\u011f\u0131 tasar\u0131mlar kabul g\u00f6rd\u00fc ve yurt d\u0131\u015f\u0131nda sergilerde sergilendi. Bug\u00fcn de \u00e7ok de\u011ferli ve anlaml\u0131 bir serginin a\u00e7\u0131l\u0131\u015f\u0131n\u0131 yap\u0131yoruz. Eme\u011fi ge\u00e7en herkesi tebrik ediyorum&#8221; dedi.<\/p>\n<p>U\u015fak \u00dcniversitesi Uluslararas\u0131 An\u0131 Para Tasar\u0131mlar\u0131 Sergisi 10-20 Aral\u0131k 2019 tarihleri aras\u0131nda gezilebilecek.<\/p>\n","protected":false},"excerpt":{"rendered":"<p>U\u015eAK \u00dcN\u0130VERS\u0130TES\u0130&#8217;NDE D\u00dcNYANIN PEK \u00c7OK YER\u0130NDEN TASARIMCILAR VE AKADEM\u0130SYENLER\u0130N HAZIRLADI\u011eI 60 ESER\u0130N BULUNDU\u011eU &#8220;ULUSLARARASI ANI PARA TASARIMLARI SERG\u0130S\u0130&#8221; A\u00c7ILDI.<\/p>\n","protected":false},"author":1,"featured_media":240914,"comment_status":"closed","ping_status":"open","sticky":false,"template":"","format":"standard","meta":{"jetpack_post_was_ever_published":false,"_jetpack_newsletter_access":"","_jetpack_dont_email_post_to_subs":false,"_jetpack_newsletter_tier_id":0,"_jetpack_memberships_contains_paywalled_content":false,"_jetpack_memberships_contains_paid_content":false,"footnotes":"","jetpack_publicize_message":"","jetpack_publicize_feature_enabled":true,"jetpack_social_post_already_shared":true,"jetpack_social_options":{"image_generator_settings":{"template":"highway","default_image_id":0,"font":"","enabled":false},"version":2}},"categories":[656],"tags":[4839,3320,865,1335,6464,1889,911],"class_list":["post-240913","post","type-post","status-publish","format-standard","has-post-thumbnail","hentry","category-kultur-sanat","tag-uluslararasi","tag-ani","tag-para","tag-sergisi","tag-tasarimlari","tag-universitesinde","tag-usak"],"jetpack_publicize_connections":[],"jetpack_featured_media_url":"https:\/\/i0.wp.com\/www.tvturk.com\/wp-content\/uploads\/2019\/12\/usak-universitesinde-uluslararasi-ani-para-tasarimlari-sergisi_340bcb6.jpg?fit=1000%2C666","jetpack_sharing_enabled":true,"jetpack_shortlink":"https:\/\/wp.me\/paKIfm-10FH","_links":{"self":[{"href":"http:\/\/www.tvturk.com\/index.php\/wp-json\/wp\/v2\/posts\/240913","targetHints":{"allow":["GET"]}}],"collection":[{"href":"http:\/\/www.tvturk.com\/index.php\/wp-json\/wp\/v2\/posts"}],"about":[{"href":"http:\/\/www.tvturk.com\/index.php\/wp-json\/wp\/v2\/types\/post"}],"author":[{"embeddable":true,"href":"http:\/\/www.tvturk.com\/index.php\/wp-json\/wp\/v2\/users\/1"}],"replies":[{"embeddable":true,"href":"http:\/\/www.tvturk.com\/index.php\/wp-json\/wp\/v2\/comments?post=240913"}],"version-history":[{"count":0,"href":"http:\/\/www.tvturk.com\/index.php\/wp-json\/wp\/v2\/posts\/240913\/revisions"}],"wp:featuredmedia":[{"embeddable":true,"href":"http:\/\/www.tvturk.com\/index.php\/wp-json\/wp\/v2\/media\/240914"}],"wp:attachment":[{"href":"http:\/\/www.tvturk.com\/index.php\/wp-json\/wp\/v2\/media?parent=240913"}],"wp:term":[{"taxonomy":"category","embeddable":true,"href":"http:\/\/www.tvturk.com\/index.php\/wp-json\/wp\/v2\/categories?post=240913"},{"taxonomy":"post_tag","embeddable":true,"href":"http:\/\/www.tvturk.com\/index.php\/wp-json\/wp\/v2\/tags?post=240913"}],"curies":[{"name":"wp","href":"https:\/\/api.w.org\/{rel}","templated":true}]}}