{"id":240935,"date":"2019-12-11T21:16:58","date_gmt":"2019-12-11T18:16:58","guid":{"rendered":"http:\/\/www.tvturk.com\/index.php\/maganda-kursunlarinin-hedefi-olan-kopek-felc-kaldi\/"},"modified":"2019-12-11T21:16:58","modified_gmt":"2019-12-11T18:16:58","slug":"maganda-kursunlarinin-hedefi-olan-kopek-felc-kaldi","status":"publish","type":"post","link":"http:\/\/www.tvturk.com\/index.php\/maganda-kursunlarinin-hedefi-olan-kopek-felc-kaldi\/","title":{"rendered":"Maganda kur\u015funlar\u0131n\u0131n hedefi olan k\u00f6pek fel\u00e7 kald\u0131"},"content":{"rendered":"<p>Silivri\u2019de maganda kur\u015funlar\u0131n\u0131n hedefi olarak karn\u0131ndan ve omurgas\u0131ndan yaralanan k\u00f6pek, yap\u0131lan m\u00fcdahalelere ra\u011fmen fel\u00e7 kald\u0131.<\/p>\n<p>Silivri Kavakl\u0131 Mahallesi\u2019nde d\u00fcn sabah saatlerinde i\u015fe giden vatanda\u015flar yaral\u0131 bir k\u00f6pek g\u00f6r\u00fcnce, Hayvan Koruma Kurtarma ve Ya\u015fatma Derne\u011fini (HAYKURDER) arayarak yard\u0131m istedi. Dernek \u00fcyesi veterinerler ihbar\u0131n geldi\u011fi yere giderek yaral\u0131 k\u00f6pe\u011fe m\u00fcdahalede bulundu. Yaral\u0131 k\u00f6pek ekipler taraf\u0131ndan al\u0131narak tedavi merkezine g\u00f6t\u00fcr\u00fcld\u00fc. Burada k\u00f6pek \u00fczerinde yap\u0131lan muayene ve tetkiklerde kar\u0131n b\u00f6lgesinden iki, omurgas\u0131ndan da bir kur\u015fun \u00e7\u0131kart\u0131ld\u0131. Yap\u0131lan m\u00fcdahalenin ard\u0131ndan k\u00f6pe\u011fin fel\u00e7li kald\u0131\u011f\u0131 \u00f6\u011frenildi.<\/p>\n<p>HAYKURDER Ba\u015fkan\u0131 Erman Pa\u00e7al\u0131 yapt\u0131\u011f\u0131 a\u00e7\u0131klamada &#8220;Ya\u015fam\u0131n\u0131n sonuna kadar fel\u00e7li olarak ya\u015fayacak. Arka iki aya\u011f\u0131n\u0131 kullanam\u0131yor ve s\u00fcr\u00fcklenerek y\u00fcr\u00fcyor. Genel durumu iyi g\u00f6r\u00fcn\u00fcyor ama insanlara g\u00fcven duymakta art\u0131k zorland\u0131\u011f\u0131 ve ciddi bir travma ya\u015fad\u0131\u011f\u0131 \u00e7ok belli. K\u00fcsk\u00fcn. Bunu tavr\u0131ndan, bak\u0131\u015flar\u0131ndan anlayabiliyorsunuz. Olay\u0131n ger\u00e7ekle\u015fti\u011fi yer Kavakl\u0131\u2019n\u0131n g\u00f6be\u011finde, caminin hemen kar\u015f\u0131s\u0131nda, \u00e7ocuk park\u0131n\u0131n yan\u0131. Magandan\u0131n birinin hareketli hedef olarak kulland\u0131\u011f\u0131 bu k\u00f6pe\u011fimiz art\u0131k fel\u00e7li olarak devam edecek ya\u015fam\u0131na. Ve orada sokak hayvanlar\u0131, \u00e7ocuklar, insanlar g\u00fcvende de\u011fil art\u0131k. Bir maganda elinde silahla okulun az ilerisinde, \u00e7ocuk park\u0131n\u0131n yan\u0131 ba\u015f\u0131nda rastgele silah ate\u015fliyor. Bundan daha feci ne olabilir ki? Silivri Cumhuriyet Savc\u0131l\u0131\u011f\u0131 ve Silivri Kaymakaml\u0131\u011f\u0131\u2019n\u0131n faili bulaca\u011f\u0131n\u0131, konuyla ilgili soru\u015fturma ba\u015flataca\u011f\u0131n\u0131 \u00fcmit ediyoruz&#8221; dedi. Pa\u00e7al\u0131, k\u00f6pe\u011fi koruyup kollayacak hayvanseverler bulundu\u011fu takdirde sahiplendirilece\u011fini s\u00f6yledi.<\/p>\n","protected":false},"excerpt":{"rendered":"<p>S\u0130L\u0130VR\u0130\u2019DE MAGANDANIN KUR\u015eUNLARINA HEDEF\u0130 OLARAK KARNINDAN VE OMURGASINDA YARALANAN K\u00d6PEK, YAPILAN M\u00dcDAHALELERE RA\u011eMEN FEL\u00c7 KALDI.<\/p>\n","protected":false},"author":1,"featured_media":240936,"comment_status":"closed","ping_status":"open","sticky":false,"template":"","format":"standard","meta":{"jetpack_post_was_ever_published":false,"_jetpack_newsletter_access":"","_jetpack_dont_email_post_to_subs":false,"_jetpack_newsletter_tier_id":0,"_jetpack_memberships_contains_paywalled_content":false,"_jetpack_memberships_contains_paid_content":false,"footnotes":"","jetpack_publicize_message":"","jetpack_publicize_feature_enabled":true,"jetpack_social_post_already_shared":true,"jetpack_social_options":{"image_generator_settings":{"template":"highway","default_image_id":0,"font":"","enabled":false},"version":2}},"categories":[1],"tags":[10401,2687,1853,1375,60175,21343,572],"class_list":["post-240935","post","type-post","status-publish","format-standard","has-post-thumbnail","hentry","category-genel","tag-felc","tag-hedefi","tag-kaldi","tag-kopek","tag-kursunlarinin","tag-maganda","tag-olan"],"jetpack_publicize_connections":[],"jetpack_featured_media_url":"https:\/\/i0.wp.com\/www.tvturk.com\/wp-content\/uploads\/2019\/12\/maganda-kursunlarinin-hedefi-olan-kopek-felc-kaldi_bbd480e.jpg?fit=1000%2C531","jetpack_sharing_enabled":true,"jetpack_shortlink":"https:\/\/wp.me\/paKIfm-10G3","_links":{"self":[{"href":"http:\/\/www.tvturk.com\/index.php\/wp-json\/wp\/v2\/posts\/240935","targetHints":{"allow":["GET"]}}],"collection":[{"href":"http:\/\/www.tvturk.com\/index.php\/wp-json\/wp\/v2\/posts"}],"about":[{"href":"http:\/\/www.tvturk.com\/index.php\/wp-json\/wp\/v2\/types\/post"}],"author":[{"embeddable":true,"href":"http:\/\/www.tvturk.com\/index.php\/wp-json\/wp\/v2\/users\/1"}],"replies":[{"embeddable":true,"href":"http:\/\/www.tvturk.com\/index.php\/wp-json\/wp\/v2\/comments?post=240935"}],"version-history":[{"count":0,"href":"http:\/\/www.tvturk.com\/index.php\/wp-json\/wp\/v2\/posts\/240935\/revisions"}],"wp:featuredmedia":[{"embeddable":true,"href":"http:\/\/www.tvturk.com\/index.php\/wp-json\/wp\/v2\/media\/240936"}],"wp:attachment":[{"href":"http:\/\/www.tvturk.com\/index.php\/wp-json\/wp\/v2\/media?parent=240935"}],"wp:term":[{"taxonomy":"category","embeddable":true,"href":"http:\/\/www.tvturk.com\/index.php\/wp-json\/wp\/v2\/categories?post=240935"},{"taxonomy":"post_tag","embeddable":true,"href":"http:\/\/www.tvturk.com\/index.php\/wp-json\/wp\/v2\/tags?post=240935"}],"curies":[{"name":"wp","href":"https:\/\/api.w.org\/{rel}","templated":true}]}}