{"id":240939,"date":"2019-12-11T21:18:08","date_gmt":"2019-12-11T18:18:08","guid":{"rendered":"http:\/\/www.tvturk.com\/index.php\/trabzonspor-basel-maci-hazirliklarini-tamamladi\/"},"modified":"2019-12-11T21:18:08","modified_gmt":"2019-12-11T18:18:08","slug":"trabzonspor-basel-maci-hazirliklarini-tamamladi","status":"publish","type":"post","link":"http:\/\/www.tvturk.com\/index.php\/trabzonspor-basel-maci-hazirliklarini-tamamladi\/","title":{"rendered":"Trabzonspor, Basel ma\u00e7\u0131 haz\u0131rl\u0131klar\u0131n\u0131 tamamlad\u0131"},"content":{"rendered":"<p>Trabzonspor, UEFA Avrupa C Grubu son ma\u00e7\u0131nda yar\u0131n deplasmanda \u0130svi\u00e7re\u2019nin Basel tak\u0131m\u0131 ile oynayaca\u011f\u0131 ma\u00e7\u0131n haz\u0131rl\u0131klar\u0131n\u0131 tamamlad\u0131.<\/p>\n<p>Bordo-mavililer, kar\u015f\u0131la\u015fman\u0131n oynanaca\u011f\u0131 St. Jakob-Park Stad\u0131\u2019nda son \u00e7al\u0131\u015fmas\u0131n\u0131 yapt\u0131. Ko\u015fu ve \u0131s\u0131nma hareketleriyle ba\u015flayan idman, pas \u00e7al\u0131\u015fmas\u0131yla devam etti. Antrenman\u0131n bas\u0131na kapal\u0131 b\u00f6l\u00fcm\u00fcnde ise m\u00fcsabakan\u0131n taktik provas\u0131 yap\u0131ld\u0131.<\/p>\n","protected":false},"excerpt":{"rendered":"<p>TRABZONSPOR, UEFA AVRUPA C GRUBU SON MA\u00c7INDA YARIN DEPLASMANDA \u0130SV\u0130\u00c7RE&#8217;N\u0130N BASEL TAKIMI \u0130LE OYNAYACA\u011eI MA\u00c7IN HAZIRLIKLARINI TAMAMLADI.<\/p>\n","protected":false},"author":1,"featured_media":240940,"comment_status":"closed","ping_status":"open","sticky":false,"template":"","format":"standard","meta":{"jetpack_post_was_ever_published":false,"_jetpack_newsletter_access":"","_jetpack_dont_email_post_to_subs":false,"_jetpack_newsletter_tier_id":0,"_jetpack_memberships_contains_paywalled_content":false,"_jetpack_memberships_contains_paid_content":false,"footnotes":"","jetpack_publicize_message":"","jetpack_publicize_feature_enabled":true,"jetpack_social_post_already_shared":true,"jetpack_social_options":{"image_generator_settings":{"template":"highway","default_image_id":0,"font":"","enabled":false},"version":2}},"categories":[657],"tags":[52934,2628,777,637,916],"class_list":["post-240939","post","type-post","status-publish","format-standard","has-post-thumbnail","hentry","category-spor","tag-basel","tag-hazirliklarini","tag-maci","tag-tamamladi","tag-trabzonspor"],"jetpack_publicize_connections":[],"jetpack_featured_media_url":"https:\/\/i0.wp.com\/www.tvturk.com\/wp-content\/uploads\/2019\/12\/trabzonspor-basel-maci-hazirliklarini-tamamladi_9bbbf98.jpg?fit=1000%2C655","jetpack_sharing_enabled":true,"jetpack_shortlink":"https:\/\/wp.me\/paKIfm-10G7","_links":{"self":[{"href":"http:\/\/www.tvturk.com\/index.php\/wp-json\/wp\/v2\/posts\/240939","targetHints":{"allow":["GET"]}}],"collection":[{"href":"http:\/\/www.tvturk.com\/index.php\/wp-json\/wp\/v2\/posts"}],"about":[{"href":"http:\/\/www.tvturk.com\/index.php\/wp-json\/wp\/v2\/types\/post"}],"author":[{"embeddable":true,"href":"http:\/\/www.tvturk.com\/index.php\/wp-json\/wp\/v2\/users\/1"}],"replies":[{"embeddable":true,"href":"http:\/\/www.tvturk.com\/index.php\/wp-json\/wp\/v2\/comments?post=240939"}],"version-history":[{"count":0,"href":"http:\/\/www.tvturk.com\/index.php\/wp-json\/wp\/v2\/posts\/240939\/revisions"}],"wp:featuredmedia":[{"embeddable":true,"href":"http:\/\/www.tvturk.com\/index.php\/wp-json\/wp\/v2\/media\/240940"}],"wp:attachment":[{"href":"http:\/\/www.tvturk.com\/index.php\/wp-json\/wp\/v2\/media?parent=240939"}],"wp:term":[{"taxonomy":"category","embeddable":true,"href":"http:\/\/www.tvturk.com\/index.php\/wp-json\/wp\/v2\/categories?post=240939"},{"taxonomy":"post_tag","embeddable":true,"href":"http:\/\/www.tvturk.com\/index.php\/wp-json\/wp\/v2\/tags?post=240939"}],"curies":[{"name":"wp","href":"https:\/\/api.w.org\/{rel}","templated":true}]}}