{"id":240959,"date":"2019-12-11T23:46:48","date_gmt":"2019-12-11T20:46:48","guid":{"rendered":"http:\/\/www.tvturk.com\/index.php\/yayla-yolunda-mahsur-kalan-2-kisi-kurtarildi\/"},"modified":"2019-12-11T23:46:48","modified_gmt":"2019-12-11T20:46:48","slug":"yayla-yolunda-mahsur-kalan-2-kisi-kurtarildi","status":"publish","type":"post","link":"http:\/\/www.tvturk.com\/index.php\/yayla-yolunda-mahsur-kalan-2-kisi-kurtarildi\/","title":{"rendered":"Yayla yolunda mahsur kalan 2 ki\u015fi kurtar\u0131ld\u0131"},"content":{"rendered":"<p>Artvin\u2019de Ardanu\u00e7 il\u00e7esinde yaylada kar ve tipi nedeniyle mahsur kalan 2 ki\u015fi, ekiplerin yapt\u0131\u011f\u0131 \u00e7al\u0131\u015fmayla kurtar\u0131ld\u0131.<\/p>\n<p>Edinilen bilgiye g\u00f6re, Zekeriyak\u00f6y K\u00f6y\u00fc yaylas\u0131ndan kamyonetle Erzurum\u2019a gitmek isteyen Ak\u0131n Ba\u015fal ve Mevl\u00fct Uzun kar ve tipi nedeniyle yolda mahsur kald\u0131. Ara\u00e7lar\u0131 kara saplanan vatanda\u015flar ara\u00e7lar\u0131n\u0131 bulunduklar\u0131 yerden \u00e7\u0131karamay\u0131nca durumu jandarmaya haber verdi. \u0130hbar \u00fczerine b\u00f6lgeye jandarma, karayollar\u0131, AFAD ve 112 acil servis ekipleri sevk edildi. Ekiplerin yapt\u0131\u011f\u0131 \u00e7al\u0131\u015fmayla mahsur kald\u0131klar\u0131 b\u00f6lgeden al\u0131narak Ardanu\u00e7 il\u00e7e merkezine getirilen Ba\u015fal ve Uzun\u2019un sa\u011fl\u0131k durumlar\u0131n\u0131n iyi oldu\u011fu \u00f6\u011frenildi.<\/p>\n<p>\u00d6te yandan kara saplanan kamyonet ise bulundu\u011fu yerden i\u015f makinesi arac\u0131l\u0131\u011f\u0131yla \u00e7ekilerek \u00e7\u0131kart\u0131ld\u0131.<\/p>\n","protected":false},"excerpt":{"rendered":"<p>ARTV\u0130N\u2019DE ARDANU\u00c7 \u0130L\u00c7ES\u0130NDE YAYLADA KAR VE T\u0130P\u0130 NEDEN\u0130YLE MAHSUR KALAN 2 K\u0130\u015e\u0130, EK\u0130PLER\u0130N YAPTI\u011eI \u00c7ALI\u015eMAYLA KURTARILDI.<\/p>\n","protected":false},"author":1,"featured_media":240960,"comment_status":"closed","ping_status":"open","sticky":false,"template":"","format":"standard","meta":{"jetpack_post_was_ever_published":false,"_jetpack_newsletter_access":"","_jetpack_dont_email_post_to_subs":false,"_jetpack_newsletter_tier_id":0,"_jetpack_memberships_contains_paywalled_content":false,"_jetpack_memberships_contains_paid_content":false,"footnotes":"","jetpack_publicize_message":"","jetpack_publicize_feature_enabled":true,"jetpack_social_post_already_shared":true,"jetpack_social_options":{"image_generator_settings":{"template":"highway","default_image_id":0,"font":"","enabled":false},"version":2}},"categories":[1],"tags":[1274,1012,766,2381,21092,1464],"class_list":["post-240959","post","type-post","status-publish","format-standard","has-post-thumbnail","hentry","category-genel","tag-kalan","tag-kisi","tag-kurtarildi","tag-mahsur","tag-yayla","tag-yolunda"],"jetpack_publicize_connections":[],"jetpack_featured_media_url":"https:\/\/i0.wp.com\/www.tvturk.com\/wp-content\/uploads\/2019\/12\/yayla-yolunda-mahsur-kalan-2-kisi-kurtarildi_3930a7b.jpg?fit=1000%2C750","jetpack_sharing_enabled":true,"jetpack_shortlink":"https:\/\/wp.me\/paKIfm-10Gr","_links":{"self":[{"href":"http:\/\/www.tvturk.com\/index.php\/wp-json\/wp\/v2\/posts\/240959","targetHints":{"allow":["GET"]}}],"collection":[{"href":"http:\/\/www.tvturk.com\/index.php\/wp-json\/wp\/v2\/posts"}],"about":[{"href":"http:\/\/www.tvturk.com\/index.php\/wp-json\/wp\/v2\/types\/post"}],"author":[{"embeddable":true,"href":"http:\/\/www.tvturk.com\/index.php\/wp-json\/wp\/v2\/users\/1"}],"replies":[{"embeddable":true,"href":"http:\/\/www.tvturk.com\/index.php\/wp-json\/wp\/v2\/comments?post=240959"}],"version-history":[{"count":0,"href":"http:\/\/www.tvturk.com\/index.php\/wp-json\/wp\/v2\/posts\/240959\/revisions"}],"wp:featuredmedia":[{"embeddable":true,"href":"http:\/\/www.tvturk.com\/index.php\/wp-json\/wp\/v2\/media\/240960"}],"wp:attachment":[{"href":"http:\/\/www.tvturk.com\/index.php\/wp-json\/wp\/v2\/media?parent=240959"}],"wp:term":[{"taxonomy":"category","embeddable":true,"href":"http:\/\/www.tvturk.com\/index.php\/wp-json\/wp\/v2\/categories?post=240959"},{"taxonomy":"post_tag","embeddable":true,"href":"http:\/\/www.tvturk.com\/index.php\/wp-json\/wp\/v2\/tags?post=240959"}],"curies":[{"name":"wp","href":"https:\/\/api.w.org\/{rel}","templated":true}]}}