{"id":240975,"date":"2019-12-12T09:32:05","date_gmt":"2019-12-12T06:32:05","guid":{"rendered":"http:\/\/www.tvturk.com\/index.php\/turkiyenin-en-buyuk-ataturk-heykeli-muze-oluyor\/"},"modified":"2019-12-12T09:32:05","modified_gmt":"2019-12-12T06:32:05","slug":"turkiyenin-en-buyuk-ataturk-heykeli-muze-oluyor","status":"publish","type":"post","link":"http:\/\/www.tvturk.com\/index.php\/turkiyenin-en-buyuk-ataturk-heykeli-muze-oluyor\/","title":{"rendered":"T\u00fcrkiye\u2019nin en b\u00fcy\u00fck Atat\u00fcrk heykeli m\u00fcze oluyor"},"content":{"rendered":"<p>Artvin\u2019de 22 metre y\u00fcksekli\u011findeki ve 50 ton a\u011f\u0131rl\u0131\u011f\u0131ndaki T\u00fcrkiye\u2019nin en b\u00fcy\u00fck Atat\u00fcrk heykeli, Atat\u00fcrk\u2019\u00fcn eserlerinin yer ald\u0131\u011f\u0131 m\u00fcze olacak. Artvin Belediye Meclisi\u2019nden ge\u00e7en karar\u0131n ard\u0131ndan \u00e7al\u0131\u015fmalar \u00f6n\u00fcm\u00fczdeki g\u00fcnlerde ba\u015flamas\u0131 planlan\u0131yor.<\/p>\n<p>Artvin\u2019de, S\u0131tk\u0131 Kahvecio\u011flu Vakf\u0131nca yapt\u0131r\u0131lan 22 metre y\u00fcksekli\u011finde ve 40 ton \u00e7elik, 10 ton bak\u0131r kullan\u0131larak yap\u0131lan 50 ton a\u011f\u0131rl\u0131\u011f\u0131ndaki Atat\u00fcrk heykelinin alt b\u00f6l\u00fcm\u00fcnde bulunan salon Atat\u00fcrk\u2019\u00fcn eserlerinin yer ald\u0131\u011f\u0131 m\u00fcze olacak. 19 May\u0131s 2012\u2019de t\u00f6renle a\u00e7\u0131l\u0131\u015f\u0131 yap\u0131lan, sonras\u0131nda ise ya\u015fanan yasal s\u0131k\u0131nt\u0131lar nedeniyle 5 y\u0131ld\u0131r kullan\u0131lmayan T\u00fcrkiye\u2019nin en b\u00fcy\u00fck Atat\u00fcrk heykeli daha sonra Artvin Belediyesi\u2019ne devredildi. Heykelin alt b\u00f6l\u00fcm\u00fcnde bulanan salon bir d\u00f6nem restoran olarak kullan\u0131lsa da \u015fuanda sadece ziyaret\u00e7ilere \u00fccretsiz \u00e7ay ve su ihtiyac\u0131 sa\u011fl\u0131yor. Artvin Belediyesi bu salonu, Atat\u00fcrk\u2019\u00fcn eserlerini yer ald\u0131\u011f\u0131 m\u00fcze yapmaya karar verdi. Kas\u0131m ay\u0131nda meclis \u00fcyelerinin oylar\u0131yla karar meclisten ge\u00e7ti.<\/p>\n<p>Konuyla ilgili a\u00e7\u0131klama yapan Artvin Belediye Ba\u015fkan\u0131 Demirhan El\u00e7in, \u201dDe\u011ferli b\u00fcy\u00fc\u011f\u00fcm\u00fcz S\u0131tk\u0131 Kahvecio\u011flu\u2019nun Artvin\u2019e yap\u0131p hediye etti\u011fi \u00f6nemli bir eser Atat\u00fcrk heykeli. Bildi\u011finiz gibi S\u0131tk\u0131 Kahvecio\u011fl\u0131 Vakf\u0131nca tamamlanan heykel belediyemize devredildi. Bir d\u00f6nem sadece seyir olarak kald\u0131. Akabinde heykelin alt\u0131nda bulunan solon restoran tarz\u0131nda belediyemizin ticari i\u015fletmecili\u011fini yapt\u0131\u011f\u0131 bir i\u015fletme olarak \u00e7al\u0131\u015ft\u0131. Belediyeyi devrald\u0131ktan sonra ticari i\u015fletme olarak devam etmeyece\u011finiz bildirmi\u015ftik, \u015fuanda oras\u0131 ziyaret\u00e7ilere \u00fccretsiz olarak su ve \u00e7ay ihtiyac\u0131n\u0131 kar\u015f\u0131lad\u0131\u011f\u0131 bir yer. 7 Kas\u0131m\u2019da d\u00fczenlenen meclis toplant\u0131m\u0131zda restoran olarak kullan\u0131lan yerin Atat\u00fcrk eserlerinin sergilenece\u011fi m\u00fcze olmas\u0131 i\u00e7in meclis karar\u0131m\u0131z\u0131 ald\u0131k. D\u00fcnyan\u0131n en b\u00fcy\u00fck Atat\u00fcrk heykelinin alt\u0131ndan d\u00fcnyan\u0131n en b\u00fcy\u00fck An\u0131tkabir kadarda olmasa da Atat\u00fcrk\u2019\u00fcn eserlerinin sergilendi\u011fi bir salon haline getirmeyi planl\u0131yoruz. Bu konu T\u00fcrkiye\u2019deki \u00f6nemli bir i\u015f adam\u0131n\u0131n ailesinin ilgisini \u00e7ekti. San\u0131yorum onlarla ilgili bir \u00e7al\u0131\u015fma yapaca\u011f\u0131z\u201d ifadelerini kulland\u0131.<\/p>\n","protected":false},"excerpt":{"rendered":"<p>ARTV\u0130N&#8217;DE BULUNAN, 22 METRE Y\u00dcKSEKL\u0130\u011e\u0130NDE VE 50 TON A\u011eIRLI\u011eINDAK\u0130 ATAT\u00dcRK HEYKEL\u0130, ATAT\u00dcRK\u2019\u00dcN ESERLER\u0130N\u0130N YER ALDI\u011eI M\u00dcZE OLACAK. ARTV\u0130N BELED\u0130YE MECL\u0130S\u0130NDEN GECEN KARARIN ARDINDAN \u00c7ALI\u015eMALAR \u00d6N\u00dcM\u00dcZDEK\u0130 G\u00dcNLERDE BA\u015eLAMASI PLANLANIYOR.<\/p>\n","protected":false},"author":1,"featured_media":240976,"comment_status":"closed","ping_status":"open","sticky":false,"template":"","format":"standard","meta":{"jetpack_post_was_ever_published":false,"_jetpack_newsletter_access":"","_jetpack_dont_email_post_to_subs":false,"_jetpack_newsletter_tier_id":0,"_jetpack_memberships_contains_paywalled_content":false,"_jetpack_memberships_contains_paid_content":false,"footnotes":"","jetpack_publicize_message":"","jetpack_publicize_feature_enabled":true,"jetpack_social_post_already_shared":true,"jetpack_social_options":{"image_generator_settings":{"template":"highway","default_image_id":0,"font":"","enabled":false},"version":2}},"categories":[1],"tags":[381,545,8968,10594,145,177],"class_list":["post-240975","post","type-post","status-publish","format-standard","has-post-thumbnail","hentry","category-genel","tag-ataturk","tag-buyuk","tag-heykeli","tag-muze","tag-oluyor","tag-turkiyenin"],"jetpack_publicize_connections":[],"jetpack_featured_media_url":"https:\/\/i0.wp.com\/www.tvturk.com\/wp-content\/uploads\/2019\/12\/turkiyenin-en-buyuk-ataturk-heykeli-muze-oluyor_dcc36a0.jpg?fit=1000%2C562","jetpack_sharing_enabled":true,"jetpack_shortlink":"https:\/\/wp.me\/paKIfm-10GH","_links":{"self":[{"href":"http:\/\/www.tvturk.com\/index.php\/wp-json\/wp\/v2\/posts\/240975","targetHints":{"allow":["GET"]}}],"collection":[{"href":"http:\/\/www.tvturk.com\/index.php\/wp-json\/wp\/v2\/posts"}],"about":[{"href":"http:\/\/www.tvturk.com\/index.php\/wp-json\/wp\/v2\/types\/post"}],"author":[{"embeddable":true,"href":"http:\/\/www.tvturk.com\/index.php\/wp-json\/wp\/v2\/users\/1"}],"replies":[{"embeddable":true,"href":"http:\/\/www.tvturk.com\/index.php\/wp-json\/wp\/v2\/comments?post=240975"}],"version-history":[{"count":0,"href":"http:\/\/www.tvturk.com\/index.php\/wp-json\/wp\/v2\/posts\/240975\/revisions"}],"wp:featuredmedia":[{"embeddable":true,"href":"http:\/\/www.tvturk.com\/index.php\/wp-json\/wp\/v2\/media\/240976"}],"wp:attachment":[{"href":"http:\/\/www.tvturk.com\/index.php\/wp-json\/wp\/v2\/media?parent=240975"}],"wp:term":[{"taxonomy":"category","embeddable":true,"href":"http:\/\/www.tvturk.com\/index.php\/wp-json\/wp\/v2\/categories?post=240975"},{"taxonomy":"post_tag","embeddable":true,"href":"http:\/\/www.tvturk.com\/index.php\/wp-json\/wp\/v2\/tags?post=240975"}],"curies":[{"name":"wp","href":"https:\/\/api.w.org\/{rel}","templated":true}]}}