{"id":240995,"date":"2019-12-12T09:46:54","date_gmt":"2019-12-12T06:46:54","guid":{"rendered":"http:\/\/www.tvturk.com\/index.php\/marmara-bolgesinde-yagis-miktari-gecen-yilin-ayni-donemine-gore-yuzde-64-azaldi\/"},"modified":"2019-12-12T09:46:54","modified_gmt":"2019-12-12T06:46:54","slug":"marmara-bolgesinde-yagis-miktari-gecen-yilin-ayni-donemine-gore-yuzde-64-azaldi","status":"publish","type":"post","link":"http:\/\/www.tvturk.com\/index.php\/marmara-bolgesinde-yagis-miktari-gecen-yilin-ayni-donemine-gore-yuzde-64-azaldi\/","title":{"rendered":"Marmara b\u00f6lgesinde ya\u011f\u0131\u015f miktar\u0131 ge\u00e7en y\u0131l\u0131n ayn\u0131 d\u00f6nemine g\u00f6re y\u00fczde 64 azald\u0131"},"content":{"rendered":"<p>\u0130stanbul\u2019da bu y\u0131l beklenen ya\u011f\u0131\u015f miktar\u0131n\u0131n ger\u00e7ekle\u015fmemesi sonucu barajlarda olu\u015fan \u00fcrk\u00fct\u00fcc\u00fc tablo Meteoroloji Genel M\u00fcd\u00fcrl\u00fc\u011f\u00fcn\u00fcn Marmara b\u00f6lgesine ait \u201cYa\u011f\u0131\u015f Raporlar\u0131\u201d grafiklerine de yans\u0131d\u0131. Ayl\u0131k olarak haz\u0131rlanan ya\u011f\u0131\u015f raporunda bu y\u0131l\u0131n Kas\u0131m ay\u0131nda, Marmara b\u00f6lgesine metrekareye ortalama 35 milimetre ya\u011f\u0131\u015f d\u00fc\u015ft\u00fc\u011f\u00fc ifade edilirken bu oran\u0131n ge\u00e7en y\u0131l\u0131n Kas\u0131m ay\u0131na oranla y\u00fczde 64 gerisinde oldu\u011fu belirtildi.<\/p>\n<p>\u0130stanbul\u2019da bu y\u0131l sonbahar aylar\u0131nda beklenen ya\u011f\u0131\u015flar\u0131n ger\u00e7ekle\u015fmemesi \u0130stanbul\u2019a su sa\u011flayan barajlarda su seviyesinin ciddi derecede d\u00fc\u015fmesine neden oldu. \u00d6zellikle B\u00fcy\u00fck\u00e7ekmece G\u00f6l\u00fc ve \u0130stanbul\u2019a su sa\u011flayan \u00f6nemli Alibeyk\u00f6y baraj\u0131nda havadan \u00e7ekilen g\u00f6r\u00fcnt\u00fcler \u00fcrk\u00fct\u00fcc\u00fc tabloyu bir kez daha g\u00f6zler \u00f6n\u00fcne sermi\u015fti. Havadan \u00e7ekilen g\u00f6r\u00fcnt\u00fclerde sular\u0131n \u00e7ekildi\u011fi alanlarda bal\u00e7\u0131klar\u0131n olu\u015ftu\u011fu, da\u011f sporcular\u0131 taraf\u0131ndan kullan\u0131lan akrobasi ara\u00e7lar\u0131n\u0131n teker izleri g\u00f6r\u00fclm\u00fc\u015ft\u00fc. \u00d6te yandan barajlarda g\u00f6r\u00fcnen \u00fcrk\u00fct\u00fcc\u00fc tablo, Meteoroloji Genel M\u00fcd\u00fcrl\u00fc\u011f\u00fc\u2019n\u00fcn \u201cYa\u011f\u0131\u015f Raporu\u201d grafiklerine de yans\u0131d\u0131.<\/p>\n<p>\u00d6te yandan \u201cGenel Durum\u201d kapsam\u0131nda yap\u0131lan de\u011ferlendirmede ise ya\u011f\u0131\u015flar \u00fclke genelinde normaline g\u00f6re son dokuz y\u0131l\u0131n en d\u00fc\u015f\u00fck seviyesinde ger\u00e7ekle\u015fti\u011fi belirtildi. Ya\u011f\u0131\u015flar\u0131n sadece G\u00fcney Ege k\u0131y\u0131 kesiminde normalleri civar\u0131 ve biraz \u00fczerinde, di\u011fer t\u00fcm b\u00f6lgelerde normalleri alt\u0131nda meydana geldi\u011fi ifade edildi.<\/p>\n<p>Ge\u00e7en y\u0131l Kas\u0131m ya\u011f\u0131\u015flar\u0131na g\u00f6re y\u00fczde 64 azalma<\/p>\n<p>Yap\u0131lan analizde Kas\u0131m 2019\u2019da Marmara b\u00f6lgesine ortalama metrekareye 35 milimetre ya\u011f\u0131\u015f d\u00fc\u015ft\u00fc\u011f\u00fc, normalinin ise 86.2 milimetre oldu\u011fu belirtildi. Ge\u00e7en y\u0131l\u0131n ya\u011f\u0131\u015f ortalamas\u0131n\u0131n 96.3 milimetre oldu\u011fu analiz edilen raporda Kas\u0131m 2019\u2019da ya\u011f\u0131\u015flarda normaline g\u00f6re y\u00fczde 59 ve ge\u00e7en y\u0131l Kas\u0131m ya\u011f\u0131\u015flar\u0131na g\u00f6re y\u00fczde 64 azalma ger\u00e7ekle\u015fti\u011fi belirtildi.<\/p>\n","protected":false},"excerpt":{"rendered":"<p>\u0130STANBUL\u2019DA BU YIL BEKLENEN YA\u011eI\u015e M\u0130KTARININ GER\u00c7EKLE\u015eMEMES\u0130 SONUCU BARAJLARDA OLU\u015eAN \u00dcRK\u00dcT\u00dcC\u00dc TABLO METEOROLOJ\u0130 GENEL M\u00dcD\u00dcRL\u00dc\u011e\u00dcN\u00dcN MARMARA B\u00d6LGES\u0130NE A\u0130T \u201cYA\u011eI\u015e RAPORLARI\u201d GRAF\u0130KLER\u0130NE DE YANSIDI.<\/p>\n","protected":false},"author":1,"featured_media":240996,"comment_status":"closed","ping_status":"open","sticky":false,"template":"","format":"standard","meta":{"jetpack_post_was_ever_published":false,"_jetpack_newsletter_access":"","_jetpack_dont_email_post_to_subs":false,"_jetpack_newsletter_tier_id":0,"_jetpack_memberships_contains_paywalled_content":false,"_jetpack_memberships_contains_paid_content":false,"footnotes":"","jetpack_publicize_message":"","jetpack_publicize_feature_enabled":true,"jetpack_social_post_already_shared":true,"jetpack_social_options":{"image_generator_settings":{"template":"highway","default_image_id":0,"font":"","enabled":false},"version":2}},"categories":[1],"tags":[569,9703,2028,2964,3436,4020,6952,25175,1577,1798,3480],"class_list":["post-240995","post","type-post","status-publish","format-standard","has-post-thumbnail","hentry","category-genel","tag-ayni","tag-azaldi","tag-bolgesinde","tag-donemine","tag-gecen","tag-gore","tag-marmara","tag-miktari","tag-yagis","tag-yilin","tag-yuzde"],"jetpack_publicize_connections":[],"jetpack_featured_media_url":"https:\/\/i0.wp.com\/www.tvturk.com\/wp-content\/uploads\/2019\/12\/marmara-bolgesinde-yagis-miktari-gecen-yilin-ayni-donemine-gore-yuzde-64-azaldi_1fac036.jpg?fit=1000%2C653","jetpack_sharing_enabled":true,"jetpack_shortlink":"https:\/\/wp.me\/paKIfm-10H1","_links":{"self":[{"href":"http:\/\/www.tvturk.com\/index.php\/wp-json\/wp\/v2\/posts\/240995","targetHints":{"allow":["GET"]}}],"collection":[{"href":"http:\/\/www.tvturk.com\/index.php\/wp-json\/wp\/v2\/posts"}],"about":[{"href":"http:\/\/www.tvturk.com\/index.php\/wp-json\/wp\/v2\/types\/post"}],"author":[{"embeddable":true,"href":"http:\/\/www.tvturk.com\/index.php\/wp-json\/wp\/v2\/users\/1"}],"replies":[{"embeddable":true,"href":"http:\/\/www.tvturk.com\/index.php\/wp-json\/wp\/v2\/comments?post=240995"}],"version-history":[{"count":0,"href":"http:\/\/www.tvturk.com\/index.php\/wp-json\/wp\/v2\/posts\/240995\/revisions"}],"wp:featuredmedia":[{"embeddable":true,"href":"http:\/\/www.tvturk.com\/index.php\/wp-json\/wp\/v2\/media\/240996"}],"wp:attachment":[{"href":"http:\/\/www.tvturk.com\/index.php\/wp-json\/wp\/v2\/media?parent=240995"}],"wp:term":[{"taxonomy":"category","embeddable":true,"href":"http:\/\/www.tvturk.com\/index.php\/wp-json\/wp\/v2\/categories?post=240995"},{"taxonomy":"post_tag","embeddable":true,"href":"http:\/\/www.tvturk.com\/index.php\/wp-json\/wp\/v2\/tags?post=240995"}],"curies":[{"name":"wp","href":"https:\/\/api.w.org\/{rel}","templated":true}]}}